{"id":7933,"date":"2016-02-26T18:18:55","date_gmt":"2016-02-26T21:18:55","guid":{"rendered":"http:\/\/blogdoeloiltoncajuhy.com.br\/site\/?p=7933"},"modified":"2016-02-26T18:18:55","modified_gmt":"2016-02-26T21:18:55","slug":"morre-em-maceio-o-cantor-sertanejo-chico-rey","status":"publish","type":"post","link":"https:\/\/blogdoeloiltoncajuhy.com.br\/site\/morre-em-maceio-o-cantor-sertanejo-chico-rey\/","title":{"rendered":"Morre em Macei\u00f3 o cantor sertanejo Chico Rey"},"content":{"rendered":"<p><em><strong>Daniel e Bruno e Marrone fizeram post em homenagem ao sertanejo no Instagram<\/strong><\/em><\/p>\n<figure id=\"attachment_7934\" aria-describedby=\"caption-attachment-7934\" style=\"width: 600px\" class=\"wp-caption aligncenter\"><a href=\"https:\/\/i0.wp.com\/blogdoeloiltoncajuhy.com.br\/site\/wp-content\/uploads\/2016\/02\/chicoreyeparana.jpg\" rel=\"attachment wp-att-7934\"><img data-recalc-dims=\"1\" fetchpriority=\"high\" decoding=\"async\" class=\"wp-image-7934 size-full\" src=\"https:\/\/i0.wp.com\/blogdoeloiltoncajuhy.com.br\/site\/wp-content\/uploads\/2016\/02\/chicoreyeparana.jpg?resize=600%2C462\" alt=\"chicoreyeparana\" width=\"600\" height=\"462\" srcset=\"https:\/\/i0.wp.com\/blogdoeloiltoncajuhy.com.br\/site\/wp-content\/uploads\/2016\/02\/chicoreyeparana.jpg?w=600&amp;ssl=1 600w, https:\/\/i0.wp.com\/blogdoeloiltoncajuhy.com.br\/site\/wp-content\/uploads\/2016\/02\/chicoreyeparana.jpg?resize=300%2C231&amp;ssl=1 300w, https:\/\/i0.wp.com\/blogdoeloiltoncajuhy.com.br\/site\/wp-content\/uploads\/2016\/02\/chicoreyeparana.jpg?resize=250%2C193&amp;ssl=1 250w\" sizes=\"(max-width: 600px) 100vw, 600px\" \/><\/a><figcaption id=\"caption-attachment-7934\" class=\"wp-caption-text\">Chico Rey (de preto) e Paran\u00e1: sertanejo morreu enquanto passava f\u00e9rias em Macei\u00f3 (Foto: Reprodu\u00e7\u00e3o\/Facebook)<\/figcaption><\/figure>\n<p>A morte do cantor Chico Rey, que fazia dupla com Paran\u00e1, deixou a m\u00fasica sertaneja em luto. O artista morreu por volta das 15h desta sexta-feira, 26, em Macei\u00f3. De acordo com o produtor da dupla e sobrinho do cantor, Tayan Gomes, Chico Rey, de 63 anos, estava de f\u00e9rias com a fam\u00edlia em Macei\u00f3. A fam\u00edlia, que mora em Bras\u00edlia, acredita que houve complica\u00e7\u00e3o durante hemodi\u00e1lise.<\/p>\n<p><strong>Repercuss\u00e3o<\/strong><br \/>\nO cantor Daniel publicou um texto em seu Instagram, lamentando a morte, na tarde desta sexta-feira, 26. Ele compartilhou uma imagem do sertanejo e falou da amizade que tinha com ele.<\/p>\n<p>&#8220;Chico Rey, al\u00e9m de um grande parceiro, um cara que \u00e9 da mesma \u00e9poca que a gente. Vimos nascer Chico Rey e Paran\u00e1 e formaram uma das mais belas duplas do Brasil. Al\u00e9m de ser bom car\u00e1ter e boa gente! Vai fazer muita falta, foi uma not\u00edcia inesperada para mim e para todos os seus f\u00e3s. Nossos sentimentos \u00e0 toda fam\u00edlia e a quem fazia parte da sua trajet\u00f3ria. Tivemos mais uma perda irrepar\u00e1vel para nossa m\u00fasica sertaneja, para a bandeira que levantamos!&#8221;, escreveu.<\/p>\n<p>Em seguida, foi a vez de Bruno e Marrone homenagearem Chico Rey. &#8220;Dia triste para a m\u00fasica sertaneja hoje&#8221;.<\/p>\n<figure id=\"attachment_7935\" aria-describedby=\"caption-attachment-7935\" style=\"width: 404px\" class=\"wp-caption aligncenter\"><a href=\"https:\/\/i0.wp.com\/blogdoeloiltoncajuhy.com.br\/site\/wp-content\/uploads\/2016\/02\/chicorey.jpg\" rel=\"attachment wp-att-7935\"><img data-recalc-dims=\"1\" decoding=\"async\" class=\"wp-image-7935 size-full\" src=\"https:\/\/i0.wp.com\/blogdoeloiltoncajuhy.com.br\/site\/wp-content\/uploads\/2016\/02\/chicorey.jpg?resize=404%2C402\" alt=\"chicorey\" width=\"404\" height=\"402\" srcset=\"https:\/\/i0.wp.com\/blogdoeloiltoncajuhy.com.br\/site\/wp-content\/uploads\/2016\/02\/chicorey.jpg?w=404&amp;ssl=1 404w, https:\/\/i0.wp.com\/blogdoeloiltoncajuhy.com.br\/site\/wp-content\/uploads\/2016\/02\/chicorey.jpg?resize=150%2C150&amp;ssl=1 150w, https:\/\/i0.wp.com\/blogdoeloiltoncajuhy.com.br\/site\/wp-content\/uploads\/2016\/02\/chicorey.jpg?resize=300%2C300&amp;ssl=1 300w, https:\/\/i0.wp.com\/blogdoeloiltoncajuhy.com.br\/site\/wp-content\/uploads\/2016\/02\/chicorey.jpg?resize=250%2C250&amp;ssl=1 250w, https:\/\/i0.wp.com\/blogdoeloiltoncajuhy.com.br\/site\/wp-content\/uploads\/2016\/02\/chicorey.jpg?resize=48%2C48&amp;ssl=1 48w\" sizes=\"(max-width: 404px) 100vw, 404px\" \/><\/a><figcaption id=\"caption-attachment-7935\" class=\"wp-caption-text\">Chico Rey (Reprodu\u00e7\u00e3o Instagram)<\/figcaption><\/figure>\n<p>O\u00a0produtor da dupla e sobrinho do cantor, Tayan Gomes, falou para os jornalistas: \u201cEu ainda estou pegando informa\u00e7\u00f5es, mas ele fazia hemodi\u00e1lise. Viajou de f\u00e9rias para Macei\u00f3 e acabou fazendo l\u00e1. E teve alguma complica\u00e7\u00e3o\u201d, contou, bastante abalado.<\/p>\n<p>Toninho Lopes, empres\u00e1rio da dupla, tamb\u00e9m lamentou a morte do cantor e explicou que o sertanejo passava por uma sess\u00e3o de hemodi\u00e1lise quanto teve um sangramento na f\u00edstula. &#8220;Tentaram estancar, mas ele acabou sofrendo uma parada card\u00edaca&#8221;, contou. Chico Rey estava no Hospital Vida, em Macei\u00f3.<\/p>\n<p><em>*Ego<\/em><\/p>\n","protected":false},"excerpt":{"rendered":"<p>Daniel e Bruno e Marrone fizeram post em homenagem ao sertanejo no Instagram A morte do cantor Chico Rey, que fazia dupla com Paran\u00e1, deixou a m\u00fasica sertaneja em luto. O artista morreu por volta das 15h desta sexta-feira, 26, em Macei\u00f3. De acordo com o produtor da dupla e sobrinho do cantor, Tayan Gomes, [&hellip;]<\/p>\n","protected":false},"author":2,"featured_media":7935,"comment_status":"open","ping_status":"open","sticky":false,"template":"","format":"standard","meta":{"_acf_changed":false,"_monsterinsights_skip_tracking":false,"_monsterinsights_sitenote_active":false,"_monsterinsights_sitenote_note":"","_monsterinsights_sitenote_category":0,"_jetpack_memberships_contains_paid_content":false,"footnotes":"","jetpack_publicize_message":"","jetpack_publicize_feature_enabled":true,"jetpack_social_post_already_shared":true,"jetpack_social_options":{"image_generator_settings":{"template":"highway","default_image_id":0,"font":"","enabled":false},"version":2}},"categories":[8,1],"tags":[],"class_list":["post-7933","post","type-post","status-publish","format-standard","has-post-thumbnail","hentry","category-cultura","category-noticias"],"acf":[],"jetpack_publicize_connections":[],"jetpack_featured_media_url":"https:\/\/i0.wp.com\/blogdoeloiltoncajuhy.com.br\/site\/wp-content\/uploads\/2016\/02\/chicorey.jpg?fit=404%2C402&ssl=1","jetpack_sharing_enabled":true,"publishpress_future_workflow_manual_trigger":{"enabledWorkflows":[]},"_links":{"self":[{"href":"https:\/\/blogdoeloiltoncajuhy.com.br\/site\/wp-json\/wp\/v2\/posts\/7933","targetHints":{"allow":["GET"]}}],"collection":[{"href":"https:\/\/blogdoeloiltoncajuhy.com.br\/site\/wp-json\/wp\/v2\/posts"}],"about":[{"href":"https:\/\/blogdoeloiltoncajuhy.com.br\/site\/wp-json\/wp\/v2\/types\/post"}],"author":[{"embeddable":true,"href":"https:\/\/blogdoeloiltoncajuhy.com.br\/site\/wp-json\/wp\/v2\/users\/2"}],"replies":[{"embeddable":true,"href":"https:\/\/blogdoeloiltoncajuhy.com.br\/site\/wp-json\/wp\/v2\/comments?post=7933"}],"version-history":[{"count":1,"href":"https:\/\/blogdoeloiltoncajuhy.com.br\/site\/wp-json\/wp\/v2\/posts\/7933\/revisions"}],"predecessor-version":[{"id":7936,"href":"https:\/\/blogdoeloiltoncajuhy.com.br\/site\/wp-json\/wp\/v2\/posts\/7933\/revisions\/7936"}],"wp:featuredmedia":[{"embeddable":true,"href":"https:\/\/blogdoeloiltoncajuhy.com.br\/site\/wp-json\/wp\/v2\/media\/7935"}],"wp:attachment":[{"href":"https:\/\/blogdoeloiltoncajuhy.com.br\/site\/wp-json\/wp\/v2\/media?parent=7933"}],"wp:term":[{"taxonomy":"category","embeddable":true,"href":"https:\/\/blogdoeloiltoncajuhy.com.br\/site\/wp-json\/wp\/v2\/categories?post=7933"},{"taxonomy":"post_tag","embeddable":true,"href":"https:\/\/blogdoeloiltoncajuhy.com.br\/site\/wp-json\/wp\/v2\/tags?post=7933"}],"curies":[{"name":"wp","href":"https:\/\/api.w.org\/{rel}","templated":true}]}}