{"id":79329,"date":"2024-02-21T16:14:41","date_gmt":"2024-02-21T19:14:41","guid":{"rendered":"https:\/\/blogdoeloiltoncajuhy.com.br\/site\/?p=79329"},"modified":"2024-02-21T16:14:43","modified_gmt":"2024-02-21T19:14:43","slug":"dignidade-menstrual-um-ciclo-de-respeito","status":"publish","type":"post","link":"https:\/\/blogdoeloiltoncajuhy.com.br\/site\/dignidade-menstrual-um-ciclo-de-respeito\/","title":{"rendered":"Dignidade menstrual: Um ciclo de respeito"},"content":{"rendered":"\n<p><strong>Por Gabriela Carvalho*<\/strong><\/p>\n\n\n\n<figure class=\"wp-block-image aligncenter size-full is-resized\"><a href=\"https:\/\/i0.wp.com\/blogdoeloiltoncajuhy.com.br\/site\/wp-content\/uploads\/2024\/02\/GOVFED_Dignidade-Menstrual-Foto-Miguel-Almeida.jpeg?ssl=1\"><img data-recalc-dims=\"1\" fetchpriority=\"high\" decoding=\"async\" width=\"650\" height=\"433\" src=\"https:\/\/i0.wp.com\/blogdoeloiltoncajuhy.com.br\/site\/wp-content\/uploads\/2024\/02\/GOVFED_Dignidade-Menstrual-Foto-Miguel-Almeida.jpeg?resize=650%2C433&#038;ssl=1\" alt=\"\" class=\"wp-image-79330\" style=\"width:719px;height:auto\" srcset=\"https:\/\/i0.wp.com\/blogdoeloiltoncajuhy.com.br\/site\/wp-content\/uploads\/2024\/02\/GOVFED_Dignidade-Menstrual-Foto-Miguel-Almeida.jpeg?w=650&amp;ssl=1 650w, https:\/\/i0.wp.com\/blogdoeloiltoncajuhy.com.br\/site\/wp-content\/uploads\/2024\/02\/GOVFED_Dignidade-Menstrual-Foto-Miguel-Almeida.jpeg?resize=300%2C200&amp;ssl=1 300w\" sizes=\"(max-width: 650px) 100vw, 650px\" \/><\/a><figcaption class=\"wp-element-caption\"><sub>Foto: Miguel Almeida<\/sub><\/figcaption><\/figure>\n\n\n\n<p>O Programa Dignidade Menstrual, criado pelo Governo Federal em 2024, visa promover a sa\u00fade das brasileiras, entre 10 a 49 anos, a conscientiza\u00e7\u00e3o sobre a naturalidade do ciclo menstrual e a oferta gratuita e continuada de absorventes higi\u00eanicos, que em muitos casos, por falta da garantia ao direito \u00e0 renda, faz com que essas mulheres n\u00e3o tenham acesso a este item fundamental durante o per\u00edodo menstrual.<\/p>\n\n\n\n<p>\u00c9 importante estar atento aos crit\u00e9rios para ter acesso ao benef\u00edcio. O primeiro passo \u00e9 a inscri\u00e7\u00e3o junto ao Cad\u00danico. Em seguida, ser\u00e1 preciso comprovar uma renda mensal de at\u00e9 R$218,00, ou ser estudante de baixa renda da escola p\u00fablica, ou ainda que esteja em situa\u00e7\u00e3o de rua. Depois, \u00e9 s\u00f3 procurar as secretarias de Sa\u00fade e da Assist\u00eancia Social. Se estiver dentro dos crit\u00e9rios estabelecidos pelo programa, basta buscar uma farm\u00e1cia credenciada e apresentar sua autoriza\u00e7\u00e3o, que \u00e9 emitida pelo Meu SUS Digital, e documento de identifica\u00e7\u00e3o.<\/p>\n\n\n\n<p>Mesmo sendo um Programa da Pol\u00edtica da Sa\u00fade e entendemos como um grande avan\u00e7o conquistado, a Pol\u00edtica de Assist\u00eancia Social tem um papel fundamental para a garantia da oferta do benef\u00edcio. O programa traz a valida\u00e7\u00e3o do Principio da Dignidade Humana, previsto na Constitui\u00e7\u00e3o Federal de 1988. E assim, vem garantir e fortalecer que indiv\u00edduo e\/ou fam\u00edlias em situa\u00e7\u00e3o de vulnerabilidade social, possam ter acesso ao programa. Isso \u00e9 respeito! Isso \u00e9 entender que menstruar com dignidade \u00e9 um direito seu, nosso!<\/p>\n\n\n\n<p>Uma demanda hist\u00f3rica que hoje \u00e9 realidade, mas que ainda precisa ser dialogada bastante, para a sua implementa\u00e7\u00e3o. Importante ressaltar que estamos falando de uma desigualdade social muito intensa nas mulheres, que se soma a todo processo de opress\u00e3o que sofremos e vivenciamos, passado e presente, ao longo da vida, e h\u00e1 a dificuldade de ter acesso a produtos de higiene. Isso \u00e9 real e bem vis\u00edvel.<\/p>\n\n\n\n<figure class=\"wp-block-image aligncenter size-full is-resized\"><a href=\"https:\/\/i0.wp.com\/blogdoeloiltoncajuhy.com.br\/site\/wp-content\/uploads\/2024\/02\/Gabi-2024-02-21.jpeg?ssl=1\"><img data-recalc-dims=\"1\" decoding=\"async\" width=\"532\" height=\"650\" src=\"https:\/\/i0.wp.com\/blogdoeloiltoncajuhy.com.br\/site\/wp-content\/uploads\/2024\/02\/Gabi-2024-02-21.jpeg?resize=532%2C650&#038;ssl=1\" alt=\"\" class=\"wp-image-79331\" style=\"width:308px;height:auto\" srcset=\"https:\/\/i0.wp.com\/blogdoeloiltoncajuhy.com.br\/site\/wp-content\/uploads\/2024\/02\/Gabi-2024-02-21.jpeg?w=532&amp;ssl=1 532w, https:\/\/i0.wp.com\/blogdoeloiltoncajuhy.com.br\/site\/wp-content\/uploads\/2024\/02\/Gabi-2024-02-21.jpeg?resize=246%2C300&amp;ssl=1 246w\" sizes=\"(max-width: 532px) 100vw, 532px\" \/><\/a><\/figure>\n\n\n\n<p class=\"has-text-align-center\"><strong><mark style=\"background-color:rgba(0, 0, 0, 0)\" class=\"has-inline-color has-black-color\">*Gabriela Carvalho \u00e9 Assistente Social<\/mark><\/strong><br>@ideiasocial.suas<\/p>\n","protected":false},"excerpt":{"rendered":"<p>Por Gabriela Carvalho* O Programa Dignidade Menstrual, criado pelo Governo Federal em 2024, visa promover a sa\u00fade das brasileiras, entre 10 a 49 anos, a conscientiza\u00e7\u00e3o sobre a naturalidade do ciclo menstrual e a oferta gratuita e continuada de absorventes higi\u00eanicos, que em muitos casos, por falta da garantia ao direito \u00e0 renda, faz com [&hellip;]<\/p>\n","protected":false},"author":2,"featured_media":79330,"comment_status":"open","ping_status":"open","sticky":false,"template":"","format":"standard","meta":{"_acf_changed":false,"_monsterinsights_skip_tracking":false,"_monsterinsights_sitenote_active":false,"_monsterinsights_sitenote_note":"","_monsterinsights_sitenote_category":0,"_jetpack_memberships_contains_paid_content":false,"footnotes":"","jetpack_publicize_message":"","jetpack_publicize_feature_enabled":true,"jetpack_social_post_already_shared":true,"jetpack_social_options":{"image_generator_settings":{"template":"highway","default_image_id":0,"font":"","enabled":false},"version":2}},"categories":[2],"tags":[],"class_list":["post-79329","post","type-post","status-publish","format-standard","has-post-thumbnail","hentry","category-opiniao"],"acf":[],"jetpack_publicize_connections":[],"jetpack_featured_media_url":"https:\/\/i0.wp.com\/blogdoeloiltoncajuhy.com.br\/site\/wp-content\/uploads\/2024\/02\/GOVFED_Dignidade-Menstrual-Foto-Miguel-Almeida.jpeg?fit=650%2C433&ssl=1","jetpack_sharing_enabled":true,"publishpress_future_workflow_manual_trigger":{"enabledWorkflows":[]},"_links":{"self":[{"href":"https:\/\/blogdoeloiltoncajuhy.com.br\/site\/wp-json\/wp\/v2\/posts\/79329","targetHints":{"allow":["GET"]}}],"collection":[{"href":"https:\/\/blogdoeloiltoncajuhy.com.br\/site\/wp-json\/wp\/v2\/posts"}],"about":[{"href":"https:\/\/blogdoeloiltoncajuhy.com.br\/site\/wp-json\/wp\/v2\/types\/post"}],"author":[{"embeddable":true,"href":"https:\/\/blogdoeloiltoncajuhy.com.br\/site\/wp-json\/wp\/v2\/users\/2"}],"replies":[{"embeddable":true,"href":"https:\/\/blogdoeloiltoncajuhy.com.br\/site\/wp-json\/wp\/v2\/comments?post=79329"}],"version-history":[{"count":1,"href":"https:\/\/blogdoeloiltoncajuhy.com.br\/site\/wp-json\/wp\/v2\/posts\/79329\/revisions"}],"predecessor-version":[{"id":79332,"href":"https:\/\/blogdoeloiltoncajuhy.com.br\/site\/wp-json\/wp\/v2\/posts\/79329\/revisions\/79332"}],"wp:featuredmedia":[{"embeddable":true,"href":"https:\/\/blogdoeloiltoncajuhy.com.br\/site\/wp-json\/wp\/v2\/media\/79330"}],"wp:attachment":[{"href":"https:\/\/blogdoeloiltoncajuhy.com.br\/site\/wp-json\/wp\/v2\/media?parent=79329"}],"wp:term":[{"taxonomy":"category","embeddable":true,"href":"https:\/\/blogdoeloiltoncajuhy.com.br\/site\/wp-json\/wp\/v2\/categories?post=79329"},{"taxonomy":"post_tag","embeddable":true,"href":"https:\/\/blogdoeloiltoncajuhy.com.br\/site\/wp-json\/wp\/v2\/tags?post=79329"}],"curies":[{"name":"wp","href":"https:\/\/api.w.org\/{rel}","templated":true}]}}