{"id":79315,"date":"2024-02-21T11:44:35","date_gmt":"2024-02-21T14:44:35","guid":{"rendered":"https:\/\/blogdoeloiltoncajuhy.com.br\/site\/?p=79315"},"modified":"2024-02-21T11:44:36","modified_gmt":"2024-02-21T14:44:36","slug":"cpf-digital-saiba-como-obter-a-versao-virtual-do-documento-que-nao-tem-formato-fisico-desde-2021","status":"publish","type":"post","link":"https:\/\/blogdoeloiltoncajuhy.com.br\/site\/cpf-digital-saiba-como-obter-a-versao-virtual-do-documento-que-nao-tem-formato-fisico-desde-2021\/","title":{"rendered":"CPF digital: saiba como obter a vers\u00e3o virtual do documento, que n\u00e3o tem formato f\u00edsico desde 2021"},"content":{"rendered":"\n<p class=\"has-medium-font-size\"><strong>Cadastro de Pessoa F\u00edsica passa a ser a forma de identifica\u00e7\u00e3o obrigat\u00f3ria para a presta\u00e7\u00e3o de servi\u00e7o p\u00fablico, &#8216;vedada a exig\u00eancia de apresenta\u00e7\u00e3o de qualquer outro n\u00famero para esse fim&#8217;.<\/strong><\/p>\n\n\n\n<p><strong>Por O GLOBO<\/strong> \u2014 Rio de Janeiro<\/p>\n\n\n\n<figure class=\"wp-block-image aligncenter size-full\"><a href=\"https:\/\/i0.wp.com\/blogdoeloiltoncajuhy.com.br\/site\/wp-content\/uploads\/2024\/02\/CPF-Digital.jpg?ssl=1\"><img data-recalc-dims=\"1\" fetchpriority=\"high\" decoding=\"async\" width=\"800\" height=\"450\" src=\"https:\/\/i0.wp.com\/blogdoeloiltoncajuhy.com.br\/site\/wp-content\/uploads\/2024\/02\/CPF-Digital.jpg?resize=800%2C450&#038;ssl=1\" alt=\"\" class=\"wp-image-79316\" srcset=\"https:\/\/i0.wp.com\/blogdoeloiltoncajuhy.com.br\/site\/wp-content\/uploads\/2024\/02\/CPF-Digital.jpg?w=900&amp;ssl=1 900w, https:\/\/i0.wp.com\/blogdoeloiltoncajuhy.com.br\/site\/wp-content\/uploads\/2024\/02\/CPF-Digital.jpg?resize=300%2C169&amp;ssl=1 300w, https:\/\/i0.wp.com\/blogdoeloiltoncajuhy.com.br\/site\/wp-content\/uploads\/2024\/02\/CPF-Digital.jpg?resize=768%2C432&amp;ssl=1 768w\" sizes=\"(max-width: 800px) 100vw, 800px\" \/><\/a><figcaption class=\"wp-element-caption\"><sub>Quase 70 milh\u00f5es de brasileiros t\u00eam o CPF negativado no pa\u00eds \u2014 Foto: Arquivo\/Ag\u00eancia O Globo<\/sub><\/figcaption><\/figure>\n\n\n\n<p>Entrou em vigor neste ano a Lei 14.534 que traz mudan\u00e7as em rela\u00e7\u00e3o ao Cadastro de Pessoa F\u00edsica (CPF). A partir de agora, o documento passa a ser o \u00fanico n\u00famero do registro geral (RG) no Brasil. Isso significa que o CPF torna-se o &#8220;n\u00famero \u00fanico e suficiente para identifica\u00e7\u00e3o do cidad\u00e3o nos bancos de dados de servi\u00e7os p\u00fablicos&#8221;.<\/p>\n\n\n\n<p>Desde 2021, o documento existe apenas no formato digital e tem a mesma validade do antigo, aquele de pl\u00e1stico e na cor azul. Ele est\u00e1 dispon\u00edvel nos aplicativos oficiais e pode ser obtido no site do governo federal.<\/p>\n\n\n\n<p>Ao entrar na p\u00e1gina, o usu\u00e1rio deve clicar no \u00edcone &#8220;iniciar&#8221; destacado em verde no canto superior direito da tela. Ent\u00e3o, ele ser\u00e1 redirecionado para o centro virtual de atendimento da Receita Federal, onde poder\u00e1 se cadastrar com o login da conta gov.br ou com os n\u00fameros do CPF\/CNPJ.<\/p>\n\n\n\n<p>O CPF \u00e9 um banco de dados gerenciado pela Receita Federal do Brasil (RFB), que armazena informa\u00e7\u00f5es cadastrais de contribuintes obrigados \u00e0 inscri\u00e7\u00e3o no CPF ou de cidad\u00e3os que se inscreveram voluntariamente. Podem ter o documento qualquer cidad\u00e3o brasileiro ou cidad\u00e3o estrangeiro, residente no pa\u00eds ou em tr\u00e2nsito.<\/p>\n\n\n\n<h2 class=\"wp-block-heading\"><mark style=\"background-color:rgba(0, 0, 0, 0)\" class=\"has-inline-color has-black-color\">Documenta\u00e7\u00e3o exigida para tirar o CPF<\/mark><\/h2>\n\n\n\n<p class=\"has-text-align-center\"><strong><mark style=\"background-color:rgba(0, 0, 0, 0)\" class=\"has-inline-color has-black-color\">Documenta\u00e7\u00e3o em comum para todos os casos<\/mark><\/strong><\/p>\n\n\n\n<ul class=\"wp-block-list\">\n<li>Documento de identifica\u00e7\u00e3o oficial com foto do interessado;<\/li>\n\n\n\n<li>Certid\u00e3o de Nascimento ou Certid\u00e3o de Casamento, caso n\u00e3o conste no documento de identifica\u00e7\u00e3o oficial apresentando a naturalidade, a filia\u00e7\u00e3o e a data de nascimento; e<\/li>\n\n\n\n<li>T\u00edtulo de eleitor ou documento que comprove o alistamento eleitoral (obrigat\u00f3rio para maiores de 18 anos e menores de 70 anos).<\/li>\n<\/ul>\n\n\n\n<p><\/p>\n\n\n\n<p>Documentos adicionais poder\u00e3o ser solicitados pelo atendente.<\/p>\n\n\n\n<p><strong><mark style=\"background-color:rgba(0, 0, 0, 0)\" class=\"has-inline-color has-black-color\">Cidad\u00e3o com 16 ou 17 anos de idade:<\/mark><\/strong><\/p>\n\n\n\n<ul class=\"wp-block-list\">\n<li>Documento de identifica\u00e7\u00e3o oficial com foto do solicitante (um dos pais), se for o caso;<\/li>\n<\/ul>\n\n\n\n<p><\/p>\n\n\n\n<p><strong><mark style=\"background-color:rgba(0, 0, 0, 0)\" class=\"has-inline-color has-black-color\">Cidad\u00e3o menor de 16 anos de idade:<\/mark><\/strong><\/p>\n\n\n\n<ul class=\"wp-block-list\">\n<li>Documento de identifica\u00e7\u00e3o oficial com foto do solicitante (um dos pais, tutor, ou respons\u00e1vel pela guarda);<\/li>\n\n\n\n<li>Documento que comprove tutela ou responsabilidade pela guarda, conforme o caso, do incapaz.<\/li>\n<\/ul>\n\n\n\n<p><\/p>\n\n\n\n<p><strong><mark style=\"background-color:rgba(0, 0, 0, 0)\" class=\"has-inline-color has-black-color\">Demais casos de representa\u00e7\u00e3o legal:<\/mark><\/strong><\/p>\n\n\n\n<ul class=\"wp-block-list\">\n<li>Documento de Identifica\u00e7\u00e3o oficial com foto do solicitante;<\/li>\n\n\n\n<li>Documentos que comprovem a representa\u00e7\u00e3o legal, como procura\u00e7\u00e3o, tutela, termo de curatela, termo de compromisso de inventariante, etc., conforme o caso;<\/li>\n\n\n\n<li>Certid\u00e3o de \u00f3bito, se o CPF for de pessoa falecida.<\/li>\n<\/ul>\n\n\n\n<p><\/p>\n\n\n\n<p><strong><mark style=\"background-color:rgba(0, 0, 0, 0)\" class=\"has-inline-color has-black-color\">Para solicitar por e-mail<\/mark><\/strong><\/p>\n\n\n\n<ul class=\"wp-block-list\">\n<li>A foto de rosto (selfie) do cidad\u00e3o ou do seu respons\u00e1vel legal, se for o caso, segurando o documento de identidade<\/li>\n<\/ul>\n\n\n\n<p><\/p>\n\n\n\n<p>Documentos adicionais poder\u00e3o ser solicitados pelo atendente.<\/p>\n\n\n\n<h2 class=\"wp-block-heading\"><mark style=\"background-color:rgba(0, 0, 0, 0)\" class=\"has-inline-color has-black-color\">O que muda com novo CPF?<\/mark><\/h2>\n\n\n\n<p>Com a mudan\u00e7a, os novos documentos emitidos ou reemitidos por \u00f3rg\u00e3os p\u00fablicos ou por conselhos profissionais ter\u00e3o como n\u00famero de identifica\u00e7\u00e3o o mesmo da inscri\u00e7\u00e3o no CPF. Isso significa que os novos RGs, por exemplo, ter\u00e3o numera\u00e7\u00e3o id\u00eantica \u00e0 do Cadastro de Pessoa F\u00edsica. O mesmo vale para uma carteira profissional, como a da Ordem dos Advogados do Brasil (OAB).<\/p>\n\n\n\n<p>De acordo com a nova lei, que deu prazo de 12 meses para os \u00f3rg\u00e3os p\u00fablicos se adequarem, o n\u00famero de inscri\u00e7\u00e3o no CPF dever\u00e1 constar nos cadastros e nos documentos de \u00f3rg\u00e3os p\u00fablicos, do registro civil de pessoas naturais ou dos conselhos profissionais.<\/p>\n\n\n\n<p>O prazo para que os \u00f3rg\u00e3os p\u00fablicos fa\u00e7am mudan\u00e7as nos bancos de dados, para que seus sistemas se comuniquem a partir do CPF, se encerra no fim deste ano.<\/p>\n\n\n\n<p><strong><mark style=\"background-color:rgba(0, 0, 0, 0)\" class=\"has-inline-color has-black-color\">Veja baixo a lista de documentos que dever\u00e3o constar o n\u00famero do CPF:<\/mark><\/strong><\/p>\n\n\n\n<ul class=\"wp-block-list\">\n<li>Certid\u00e3o de nascimento;<\/li>\n\n\n\n<li>Certid\u00e3o de casamento;<\/li>\n\n\n\n<li>Certid\u00e3o de \u00f3bito;<\/li>\n\n\n\n<li>Documento Nacional de Identifica\u00e7\u00e3o (DNI);<\/li>\n\n\n\n<li>N\u00famero de Identifica\u00e7\u00e3o do Trabalhador (NIT);<\/li>\n\n\n\n<li>Registro no Programa de Integra\u00e7\u00e3o Social (PIS) ou no Programa de Forma\u00e7\u00e3o do Patrim\u00f4nio do Servidor P\u00fablico (Pasep);<\/li>\n\n\n\n<li>Cart\u00e3o Nacional de Sa\u00fade;<\/li>\n\n\n\n<li>T\u00edtulo de eleitor;<\/li>\n\n\n\n<li>Carteira de Trabalho e Previd\u00eancia Social (CTPS);<\/li>\n\n\n\n<li>N\u00famero da Permiss\u00e3o para Dirigir ou Carteira Nacional de Habilita\u00e7\u00e3o (CNH);<\/li>\n\n\n\n<li>Certificado militar;<\/li>\n\n\n\n<li>Carteira profissional expedida pelos conselhos de fiscaliza\u00e7\u00e3o de profiss\u00e3o regulamentada; e<\/li>\n\n\n\n<li>Outros certificados de registro e n\u00fameros de inscri\u00e7\u00e3o existentes em bases de dados p\u00fablicas federais, estaduais, distritais e municipais.<\/li>\n<\/ul>\n\n\n\n<p><\/p>\n\n\n\n<h2 class=\"wp-block-heading\"><mark style=\"background-color:rgba(0, 0, 0, 0)\" class=\"has-inline-color has-black-color\">Custos para tirar o CPF<\/mark><\/h2>\n\n\n\n<p>Tirar o CPF n\u00e3o tem custos quando o documento \u00e9 solicitado diretamente no sistema da Receita Federal. No entanto, quando o documento \u00e9 solicitado em unidades conveniadas &#8211; Cart\u00f3rio de Registro Civil de Pessoas Naturais, Banco do Brasil, Caixa Econ\u00f4mica Federal, ou Correios &#8211; \u00e9 preciso pagar uma tarifa no valor de R$ 7,00.<\/p>\n","protected":false},"excerpt":{"rendered":"<p>Cadastro de Pessoa F\u00edsica passa a ser a forma de identifica\u00e7\u00e3o obrigat\u00f3ria para a presta\u00e7\u00e3o de servi\u00e7o p\u00fablico, &#8216;vedada a exig\u00eancia de apresenta\u00e7\u00e3o de qualquer outro n\u00famero para esse fim&#8217;. Por O GLOBO \u2014 Rio de Janeiro Entrou em vigor neste ano a Lei 14.534 que traz mudan\u00e7as em rela\u00e7\u00e3o ao Cadastro de Pessoa F\u00edsica [&hellip;]<\/p>\n","protected":false},"author":2,"featured_media":79316,"comment_status":"open","ping_status":"open","sticky":false,"template":"","format":"standard","meta":{"_acf_changed":false,"_monsterinsights_skip_tracking":false,"_monsterinsights_sitenote_active":false,"_monsterinsights_sitenote_note":"","_monsterinsights_sitenote_category":0,"_jetpack_memberships_contains_paid_content":false,"footnotes":"","jetpack_publicize_message":"","jetpack_publicize_feature_enabled":true,"jetpack_social_post_already_shared":true,"jetpack_social_options":{"image_generator_settings":{"template":"highway","default_image_id":0,"font":"","enabled":false},"version":2}},"categories":[31],"tags":[],"class_list":["post-79315","post","type-post","status-publish","format-standard","has-post-thumbnail","hentry","category-economia"],"acf":[],"jetpack_publicize_connections":[],"jetpack_featured_media_url":"https:\/\/i0.wp.com\/blogdoeloiltoncajuhy.com.br\/site\/wp-content\/uploads\/2024\/02\/CPF-Digital.jpg?fit=900%2C506&ssl=1","jetpack_sharing_enabled":true,"publishpress_future_workflow_manual_trigger":{"enabledWorkflows":[]},"_links":{"self":[{"href":"https:\/\/blogdoeloiltoncajuhy.com.br\/site\/wp-json\/wp\/v2\/posts\/79315","targetHints":{"allow":["GET"]}}],"collection":[{"href":"https:\/\/blogdoeloiltoncajuhy.com.br\/site\/wp-json\/wp\/v2\/posts"}],"about":[{"href":"https:\/\/blogdoeloiltoncajuhy.com.br\/site\/wp-json\/wp\/v2\/types\/post"}],"author":[{"embeddable":true,"href":"https:\/\/blogdoeloiltoncajuhy.com.br\/site\/wp-json\/wp\/v2\/users\/2"}],"replies":[{"embeddable":true,"href":"https:\/\/blogdoeloiltoncajuhy.com.br\/site\/wp-json\/wp\/v2\/comments?post=79315"}],"version-history":[{"count":1,"href":"https:\/\/blogdoeloiltoncajuhy.com.br\/site\/wp-json\/wp\/v2\/posts\/79315\/revisions"}],"predecessor-version":[{"id":79317,"href":"https:\/\/blogdoeloiltoncajuhy.com.br\/site\/wp-json\/wp\/v2\/posts\/79315\/revisions\/79317"}],"wp:featuredmedia":[{"embeddable":true,"href":"https:\/\/blogdoeloiltoncajuhy.com.br\/site\/wp-json\/wp\/v2\/media\/79316"}],"wp:attachment":[{"href":"https:\/\/blogdoeloiltoncajuhy.com.br\/site\/wp-json\/wp\/v2\/media?parent=79315"}],"wp:term":[{"taxonomy":"category","embeddable":true,"href":"https:\/\/blogdoeloiltoncajuhy.com.br\/site\/wp-json\/wp\/v2\/categories?post=79315"},{"taxonomy":"post_tag","embeddable":true,"href":"https:\/\/blogdoeloiltoncajuhy.com.br\/site\/wp-json\/wp\/v2\/tags?post=79315"}],"curies":[{"name":"wp","href":"https:\/\/api.w.org\/{rel}","templated":true}]}}