{"id":79311,"date":"2024-02-21T11:12:36","date_gmt":"2024-02-21T14:12:36","guid":{"rendered":"https:\/\/blogdoeloiltoncajuhy.com.br\/site\/?p=79311"},"modified":"2024-02-21T11:12:39","modified_gmt":"2024-02-21T14:12:39","slug":"cinco-pessoas-sao-presas-em-operacao-da-pf-na-ba-brasilia-e-sp-grupo-vendia-maconha-e-comprava-imoveis-de-luxo","status":"publish","type":"post","link":"https:\/\/blogdoeloiltoncajuhy.com.br\/site\/cinco-pessoas-sao-presas-em-operacao-da-pf-na-ba-brasilia-e-sp-grupo-vendia-maconha-e-comprava-imoveis-de-luxo\/","title":{"rendered":"Cinco pessoas s\u00e3o presas em opera\u00e7\u00e3o da PF na BA, Bras\u00edlia e SP; grupo vendia maconha e comprava im\u00f3veis de luxo"},"content":{"rendered":"\n<p class=\"has-text-align-center\"><strong>A\u00e7\u00e3o aconteceu na manh\u00e3 desta quarta-feira (21).<\/strong><\/p>\n\n\n\n<p><strong>Por g1 BA<\/strong><\/p>\n\n\n\n<figure class=\"wp-block-image aligncenter size-full is-resized\"><a href=\"https:\/\/i0.wp.com\/blogdoeloiltoncajuhy.com.br\/site\/wp-content\/uploads\/2024\/02\/Cinco-pessoas-sao-presas-em-operacao-da-PF-na-BA-Brasilia-e-SP-%E2%80%94-Foto_Divulgacao-PF.png?ssl=1\"><img data-recalc-dims=\"1\" fetchpriority=\"high\" decoding=\"async\" width=\"800\" height=\"603\" src=\"https:\/\/i0.wp.com\/blogdoeloiltoncajuhy.com.br\/site\/wp-content\/uploads\/2024\/02\/Cinco-pessoas-sao-presas-em-operacao-da-PF-na-BA-Brasilia-e-SP-%E2%80%94-Foto_Divulgacao-PF.png?resize=800%2C603&#038;ssl=1\" alt=\"\" class=\"wp-image-79312\" style=\"width:703px;height:auto\" srcset=\"https:\/\/i0.wp.com\/blogdoeloiltoncajuhy.com.br\/site\/wp-content\/uploads\/2024\/02\/Cinco-pessoas-sao-presas-em-operacao-da-PF-na-BA-Brasilia-e-SP-%E2%80%94-Foto_Divulgacao-PF.png?w=817&amp;ssl=1 817w, https:\/\/i0.wp.com\/blogdoeloiltoncajuhy.com.br\/site\/wp-content\/uploads\/2024\/02\/Cinco-pessoas-sao-presas-em-operacao-da-PF-na-BA-Brasilia-e-SP-%E2%80%94-Foto_Divulgacao-PF.png?resize=300%2C226&amp;ssl=1 300w, https:\/\/i0.wp.com\/blogdoeloiltoncajuhy.com.br\/site\/wp-content\/uploads\/2024\/02\/Cinco-pessoas-sao-presas-em-operacao-da-PF-na-BA-Brasilia-e-SP-%E2%80%94-Foto_Divulgacao-PF.png?resize=768%2C579&amp;ssl=1 768w\" sizes=\"(max-width: 800px) 100vw, 800px\" \/><\/a><figcaption class=\"wp-element-caption\"><sub>Cinco pessoas s\u00e3o presas em opera\u00e7\u00e3o da PF na BA, Bras\u00edlia e SP \u2014 Foto: Divulga\u00e7\u00e3o\/PF<\/sub><\/figcaption><\/figure>\n\n\n\n<p>Cinco pessoas foram presas pela Pol\u00edcia Federal (PF), com o apoio do Minist\u00e9rio P\u00fablico da Bahia (MP-BA), na manh\u00e3 desta quarta-feira (21), durante a Opera\u00e7\u00e3o Kariri, que investiga organiza\u00e7\u00e3o criminosa envolvida em tr\u00e1fico de entorpecentes e lavagem de dinheiro.<\/p>\n\n\n\n<p>Segundo a PF, a opera\u00e7\u00e3o identificou uma fam\u00edlia que se reestruturou em Feira de Santana ap\u00f3s sair de Pernambuco, onde come\u00e7ou o plantio de maconha.<\/p>\n\n\n\n<p>De acordo com a Pol\u00edcia Federal, tr\u00eas pris\u00f5es foram cumpridas em Feira de Santana, uma em Bras\u00edlia e outra em S\u00e3o Paulo. At\u00e9 a \u00faltima atualiza\u00e7\u00e3o desta reportagem, a PF ainda tentava cumprir outros dois mandados de pris\u00e3o.<\/p>\n\n\n\n<p>As investiga\u00e7\u00f5es tiveram in\u00edcio em 2019, quando foi apreendida mais de uma tonelada da droga, al\u00e9m de ro\u00e7as de maconha erradicadas. Com isso, a PF conseguiu identificar o respons\u00e1vel pela organiza\u00e7\u00e3o e toda a cadeia da lavagem de dinheiro.<\/p>\n\n\n\n<p>As investiga\u00e7\u00f5es apontaram que o lucro do grupo era revertido em compra de im\u00f3veis de luxo, beneficiando a fam\u00edlia e parentes pr\u00f3ximos que forneciam contas banc\u00e1rias para tentar ocultar o rastreio do dinheiro pela Pol\u00edcia Federal.<\/p>\n\n\n\n<figure class=\"wp-block-image aligncenter size-full is-resized\"><a href=\"https:\/\/i0.wp.com\/blogdoeloiltoncajuhy.com.br\/site\/wp-content\/uploads\/2024\/02\/Pperacao-da-PF-na-BA-Brasilia-e-SP-%E2%80%94-Foto_Divulgacao-PF.png?ssl=1\"><img data-recalc-dims=\"1\" decoding=\"async\" width=\"800\" height=\"599\" src=\"https:\/\/i0.wp.com\/blogdoeloiltoncajuhy.com.br\/site\/wp-content\/uploads\/2024\/02\/Pperacao-da-PF-na-BA-Brasilia-e-SP-%E2%80%94-Foto_Divulgacao-PF.png?resize=800%2C599&#038;ssl=1\" alt=\"\" class=\"wp-image-79313\" style=\"width:702px;height:auto\" srcset=\"https:\/\/i0.wp.com\/blogdoeloiltoncajuhy.com.br\/site\/wp-content\/uploads\/2024\/02\/Pperacao-da-PF-na-BA-Brasilia-e-SP-%E2%80%94-Foto_Divulgacao-PF.png?w=820&amp;ssl=1 820w, https:\/\/i0.wp.com\/blogdoeloiltoncajuhy.com.br\/site\/wp-content\/uploads\/2024\/02\/Pperacao-da-PF-na-BA-Brasilia-e-SP-%E2%80%94-Foto_Divulgacao-PF.png?resize=300%2C225&amp;ssl=1 300w, https:\/\/i0.wp.com\/blogdoeloiltoncajuhy.com.br\/site\/wp-content\/uploads\/2024\/02\/Pperacao-da-PF-na-BA-Brasilia-e-SP-%E2%80%94-Foto_Divulgacao-PF.png?resize=768%2C575&amp;ssl=1 768w\" sizes=\"(max-width: 800px) 100vw, 800px\" \/><\/a><figcaption class=\"wp-element-caption\"><sub>Cinco pessoas s\u00e3o presas em opera\u00e7\u00e3o da PF na BA, Bras\u00edlia e SP \u2014 Foto: Divulga\u00e7\u00e3o\/PF<\/sub><\/figcaption><\/figure>\n\n\n\n<p>Al\u00e9m disso, foram identificadas cinco fazendas pertencentes ao principal alvo da investiga\u00e7\u00e3o e que constam em nome de terceiros.<\/p>\n\n\n\n<p>Foram expedidos sete mandados de pris\u00e3o e 20 mandados de busca e apreens\u00e3o, al\u00e9m do bloqueio de contas banc\u00e1rias e im\u00f3veis, que podem totalizar, aproximadamente, R$ 50 milh\u00f5es.<\/p>\n\n\n\n<p>Entre os im\u00f3veis est\u00e3o seis de alto padr\u00e3o e cinco fazendas, localizados na Bahia e em Pernambuco.<\/p>\n\n\n\n<p>Aproximadamente 100 Policiais cumprem as ordens judiciais nas cidades de Salvador, Feira de Santana, Am\u00e9rica Dourada, Morpar\u00e1, Ibitit\u00e1, Muqu\u00e9m de S\u00e3o Francisco, Bras\u00edlia, Ibimirim (PE) e S\u00e3o Paulo.<\/p>\n\n\n\n<p>A PF informou que os investigados podem responder pelos crimes de tr\u00e1fico de entorpecentes, organiza\u00e7\u00e3o criminosa e lavagem de dinheiro.<\/p>\n","protected":false},"excerpt":{"rendered":"<p>A\u00e7\u00e3o aconteceu na manh\u00e3 desta quarta-feira (21). Por g1 BA Cinco pessoas foram presas pela Pol\u00edcia Federal (PF), com o apoio do Minist\u00e9rio P\u00fablico da Bahia (MP-BA), na manh\u00e3 desta quarta-feira (21), durante a Opera\u00e7\u00e3o Kariri, que investiga organiza\u00e7\u00e3o criminosa envolvida em tr\u00e1fico de entorpecentes e lavagem de dinheiro. Segundo a PF, a opera\u00e7\u00e3o identificou [&hellip;]<\/p>\n","protected":false},"author":2,"featured_media":79312,"comment_status":"open","ping_status":"open","sticky":false,"template":"","format":"standard","meta":{"_acf_changed":false,"_monsterinsights_skip_tracking":false,"_monsterinsights_sitenote_active":false,"_monsterinsights_sitenote_note":"","_monsterinsights_sitenote_category":0,"_jetpack_memberships_contains_paid_content":false,"footnotes":"","jetpack_publicize_message":"","jetpack_publicize_feature_enabled":true,"jetpack_social_post_already_shared":true,"jetpack_social_options":{"image_generator_settings":{"template":"highway","default_image_id":0,"font":"","enabled":false},"version":2}},"categories":[15],"tags":[],"class_list":["post-79311","post","type-post","status-publish","format-standard","has-post-thumbnail","hentry","category-policia"],"acf":[],"jetpack_publicize_connections":[],"jetpack_featured_media_url":"https:\/\/i0.wp.com\/blogdoeloiltoncajuhy.com.br\/site\/wp-content\/uploads\/2024\/02\/Cinco-pessoas-sao-presas-em-operacao-da-PF-na-BA-Brasilia-e-SP-%E2%80%94-Foto_Divulgacao-PF.png?fit=817%2C616&ssl=1","jetpack_sharing_enabled":true,"publishpress_future_workflow_manual_trigger":{"enabledWorkflows":[]},"_links":{"self":[{"href":"https:\/\/blogdoeloiltoncajuhy.com.br\/site\/wp-json\/wp\/v2\/posts\/79311","targetHints":{"allow":["GET"]}}],"collection":[{"href":"https:\/\/blogdoeloiltoncajuhy.com.br\/site\/wp-json\/wp\/v2\/posts"}],"about":[{"href":"https:\/\/blogdoeloiltoncajuhy.com.br\/site\/wp-json\/wp\/v2\/types\/post"}],"author":[{"embeddable":true,"href":"https:\/\/blogdoeloiltoncajuhy.com.br\/site\/wp-json\/wp\/v2\/users\/2"}],"replies":[{"embeddable":true,"href":"https:\/\/blogdoeloiltoncajuhy.com.br\/site\/wp-json\/wp\/v2\/comments?post=79311"}],"version-history":[{"count":1,"href":"https:\/\/blogdoeloiltoncajuhy.com.br\/site\/wp-json\/wp\/v2\/posts\/79311\/revisions"}],"predecessor-version":[{"id":79314,"href":"https:\/\/blogdoeloiltoncajuhy.com.br\/site\/wp-json\/wp\/v2\/posts\/79311\/revisions\/79314"}],"wp:featuredmedia":[{"embeddable":true,"href":"https:\/\/blogdoeloiltoncajuhy.com.br\/site\/wp-json\/wp\/v2\/media\/79312"}],"wp:attachment":[{"href":"https:\/\/blogdoeloiltoncajuhy.com.br\/site\/wp-json\/wp\/v2\/media?parent=79311"}],"wp:term":[{"taxonomy":"category","embeddable":true,"href":"https:\/\/blogdoeloiltoncajuhy.com.br\/site\/wp-json\/wp\/v2\/categories?post=79311"},{"taxonomy":"post_tag","embeddable":true,"href":"https:\/\/blogdoeloiltoncajuhy.com.br\/site\/wp-json\/wp\/v2\/tags?post=79311"}],"curies":[{"name":"wp","href":"https:\/\/api.w.org\/{rel}","templated":true}]}}