{"id":7931,"date":"2016-02-26T12:27:28","date_gmt":"2016-02-26T15:27:28","guid":{"rendered":"http:\/\/blogdoeloiltoncajuhy.com.br\/site\/?p=7931"},"modified":"2016-02-26T12:27:28","modified_gmt":"2016-02-26T15:27:28","slug":"deficiente-auditivo-nao-percebe-tiroteio-e-morre-apos-ser-baleado-na-bahia","status":"publish","type":"post","link":"https:\/\/blogdoeloiltoncajuhy.com.br\/site\/deficiente-auditivo-nao-percebe-tiroteio-e-morre-apos-ser-baleado-na-bahia\/","title":{"rendered":"Deficiente auditivo n\u00e3o percebe tiroteio e morre ap\u00f3s ser baleado na Bahia"},"content":{"rendered":"<p><em><strong>Caso ocorreu em Sim\u00f5es Filho, na regi\u00e3o metropolitana de Salvador.\u00a0At\u00e9 esta quinta-feira, suspeitos n\u00e3o haviam sido identificados<\/strong><\/em><\/p>\n<p><a href=\"https:\/\/i0.wp.com\/blogdoeloiltoncajuhy.com.br\/site\/wp-content\/uploads\/2015\/12\/arma_2.jpg\" rel=\"attachment wp-att-6713\"><img data-recalc-dims=\"1\" fetchpriority=\"high\" decoding=\"async\" class=\"aligncenter size-full wp-image-6713\" src=\"https:\/\/i0.wp.com\/blogdoeloiltoncajuhy.com.br\/site\/wp-content\/uploads\/2015\/12\/arma_2.jpg?resize=520%2C273\" alt=\"arma_2\" width=\"520\" height=\"273\" srcset=\"https:\/\/i0.wp.com\/blogdoeloiltoncajuhy.com.br\/site\/wp-content\/uploads\/2015\/12\/arma_2.jpg?w=520&amp;ssl=1 520w, https:\/\/i0.wp.com\/blogdoeloiltoncajuhy.com.br\/site\/wp-content\/uploads\/2015\/12\/arma_2.jpg?resize=300%2C158&amp;ssl=1 300w, https:\/\/i0.wp.com\/blogdoeloiltoncajuhy.com.br\/site\/wp-content\/uploads\/2015\/12\/arma_2.jpg?resize=250%2C131&amp;ssl=1 250w\" sizes=\"(max-width: 520px) 100vw, 520px\" \/><\/a>Um jovem de 25 anos morreu ap\u00f3s ser baleado durante um tiroteio na cidade de Sim\u00f5es Filho, na regi\u00e3o metropolitana de Salvador. Segundo a Pol\u00edcia, a v\u00edtima, Geraldo Pereira Ferreira, era deficiente auditivo e n\u00e3o teria percebido o momento em que ocorriam os disparos.<\/p>\n<p>De acordo com informa\u00e7\u00f5es da 22\u00aa Delegacia, que investiga o caso, o tiroteio foi entre integrantes de grupos rivais do bairro Palmares. O caso ocorreu na noite de quarta-feira, mas, at\u00e9 a noite desta quinta (25), nenhum suspeito havia sido preso.<\/p>\n<p>Geraldo caminhava pela Rua da Caixa D&#8217;\u00c1gua quando foi atingido. De acordo com a pol\u00edcia, populares tentaram avisar o jovem que estava ocorrendo a troca de tiros na rua, mas ele n\u00e3o percebeu. Ap\u00f3s ser atingido, o rapaz morreu no local.<\/p>\n<p><em>*G1 Bahia<\/em><\/p>\n","protected":false},"excerpt":{"rendered":"<p>Caso ocorreu em Sim\u00f5es Filho, na regi\u00e3o metropolitana de Salvador.\u00a0At\u00e9 esta quinta-feira, suspeitos n\u00e3o haviam sido identificados Um jovem de 25 anos morreu ap\u00f3s ser baleado durante um tiroteio na cidade de Sim\u00f5es Filho, na regi\u00e3o metropolitana de Salvador. Segundo a Pol\u00edcia, a v\u00edtima, Geraldo Pereira Ferreira, era deficiente auditivo e n\u00e3o teria percebido o [&hellip;]<\/p>\n","protected":false},"author":2,"featured_media":0,"comment_status":"open","ping_status":"open","sticky":false,"template":"","format":"standard","meta":{"_acf_changed":false,"_monsterinsights_skip_tracking":false,"_monsterinsights_sitenote_active":false,"_monsterinsights_sitenote_note":"","_monsterinsights_sitenote_category":0,"_jetpack_memberships_contains_paid_content":false,"footnotes":"","jetpack_publicize_message":"","jetpack_publicize_feature_enabled":true,"jetpack_social_post_already_shared":true,"jetpack_social_options":{"image_generator_settings":{"template":"highway","default_image_id":0,"font":"","enabled":false},"version":2}},"categories":[5,1],"tags":[],"class_list":["post-7931","post","type-post","status-publish","format-standard","hentry","category-cotidiano","category-noticias"],"acf":[],"jetpack_publicize_connections":[],"jetpack_featured_media_url":"","jetpack_sharing_enabled":true,"publishpress_future_workflow_manual_trigger":{"enabledWorkflows":[]},"_links":{"self":[{"href":"https:\/\/blogdoeloiltoncajuhy.com.br\/site\/wp-json\/wp\/v2\/posts\/7931","targetHints":{"allow":["GET"]}}],"collection":[{"href":"https:\/\/blogdoeloiltoncajuhy.com.br\/site\/wp-json\/wp\/v2\/posts"}],"about":[{"href":"https:\/\/blogdoeloiltoncajuhy.com.br\/site\/wp-json\/wp\/v2\/types\/post"}],"author":[{"embeddable":true,"href":"https:\/\/blogdoeloiltoncajuhy.com.br\/site\/wp-json\/wp\/v2\/users\/2"}],"replies":[{"embeddable":true,"href":"https:\/\/blogdoeloiltoncajuhy.com.br\/site\/wp-json\/wp\/v2\/comments?post=7931"}],"version-history":[{"count":1,"href":"https:\/\/blogdoeloiltoncajuhy.com.br\/site\/wp-json\/wp\/v2\/posts\/7931\/revisions"}],"predecessor-version":[{"id":7932,"href":"https:\/\/blogdoeloiltoncajuhy.com.br\/site\/wp-json\/wp\/v2\/posts\/7931\/revisions\/7932"}],"wp:attachment":[{"href":"https:\/\/blogdoeloiltoncajuhy.com.br\/site\/wp-json\/wp\/v2\/media?parent=7931"}],"wp:term":[{"taxonomy":"category","embeddable":true,"href":"https:\/\/blogdoeloiltoncajuhy.com.br\/site\/wp-json\/wp\/v2\/categories?post=7931"},{"taxonomy":"post_tag","embeddable":true,"href":"https:\/\/blogdoeloiltoncajuhy.com.br\/site\/wp-json\/wp\/v2\/tags?post=7931"}],"curies":[{"name":"wp","href":"https:\/\/api.w.org\/{rel}","templated":true}]}}