{"id":7929,"date":"2016-02-26T12:21:18","date_gmt":"2016-02-26T15:21:18","guid":{"rendered":"http:\/\/blogdoeloiltoncajuhy.com.br\/site\/?p=7929"},"modified":"2016-02-26T12:21:18","modified_gmt":"2016-02-26T15:21:18","slug":"estudantes-podem-aderir-a-partir-de-hoje-a-lista-de-espera-do-prouni","status":"publish","type":"post","link":"https:\/\/blogdoeloiltoncajuhy.com.br\/site\/estudantes-podem-aderir-a-partir-de-hoje-a-lista-de-espera-do-prouni\/","title":{"rendered":"Estudantes podem aderir a partir de hoje \u00e0 lista de espera do ProUni"},"content":{"rendered":"<p><a href=\"https:\/\/i0.wp.com\/blogdoeloiltoncajuhy.com.br\/site\/wp-content\/uploads\/2015\/06\/prouni1.jpg\" rel=\"attachment wp-att-1647\"><img data-recalc-dims=\"1\" fetchpriority=\"high\" decoding=\"async\" class=\"aligncenter size-full wp-image-1647\" src=\"https:\/\/i0.wp.com\/blogdoeloiltoncajuhy.com.br\/site\/wp-content\/uploads\/2015\/06\/prouni1.jpg?resize=600%2C123\" alt=\"prouni1\" width=\"600\" height=\"123\" srcset=\"https:\/\/i0.wp.com\/blogdoeloiltoncajuhy.com.br\/site\/wp-content\/uploads\/2015\/06\/prouni1.jpg?w=600&amp;ssl=1 600w, https:\/\/i0.wp.com\/blogdoeloiltoncajuhy.com.br\/site\/wp-content\/uploads\/2015\/06\/prouni1.jpg?resize=300%2C62&amp;ssl=1 300w, https:\/\/i0.wp.com\/blogdoeloiltoncajuhy.com.br\/site\/wp-content\/uploads\/2015\/06\/prouni1.jpg?resize=595%2C123&amp;ssl=1 595w, https:\/\/i0.wp.com\/blogdoeloiltoncajuhy.com.br\/site\/wp-content\/uploads\/2015\/06\/prouni1.jpg?resize=250%2C51&amp;ssl=1 250w\" sizes=\"(max-width: 600px) 100vw, 600px\" \/><\/a>Os estudantes que n\u00e3o foram pr\u00e9-selecionados para as bolsas do Programa Universidade para Todos (ProUni) podem aderir \u00e0 lista de espera a partir de hoje (26). A lista ser\u00e1 usada pelas institui\u00e7\u00f5es de ensino para ocupar as bolsas que n\u00e3o foram preenchidas nas etapas anteriores. O prazo para participar da lista vai at\u00e9 segunda-feira (29).<\/p>\n<p>Para aderir, basta acessar <strong>o<a href=\"http:\/\/siteprouni.mec.gov.br\/\"><em> site<\/em> do ProUni<\/a><\/strong> e confirmar. Os estudantes ser\u00e3o convocados pelas institui\u00e7\u00f5es de acordo com a nota que tiraram no Exame Nacional do Ensino M\u00e9dio (Enem) de 2015.<\/p>\n<p>A rela\u00e7\u00e3o dos candidatos participantes da lista de espera ser\u00e1 divulgada no dia 3 de mar\u00e7o. Todos os estudantes inclu\u00eddos na lista dever\u00e3o comparecer, entre os dias 8 e 9 de mar\u00e7o \u00e0s institui\u00e7\u00f5es de ensino e entregar a documenta\u00e7\u00e3o que comprova as informa\u00e7\u00f5es prestadas na inscri\u00e7\u00e3o.<\/p>\n<p>Pode participar da lista de espera, exclusivamente para o curso correspondente \u00e0 primeira op\u00e7\u00e3o, o candidato que n\u00e3o foi selecionado nas chamadas regulares e os pr\u00e9-selecionados na segunda op\u00e7\u00e3o de curso, reprovados por n\u00e3o forma\u00e7\u00e3o de turma.<\/p>\n<p>Pode participar da lista de espera, exclusivamente para o curso correspondente \u00e0 segunda op\u00e7\u00e3o, o candidato que n\u00e3o foi pr\u00e9-selecionado nas chamadas regulares, na hip\u00f3tese de n\u00e3o ter ocorrido forma\u00e7\u00e3o de turma na primeira op\u00e7\u00e3o; os que n\u00e3o foram pr\u00e9-selecionados nas chamadas regulares, na hip\u00f3tese de n\u00e3o haver bolsas dispon\u00edveis na primeira op\u00e7\u00e3o; os pr\u00e9-selecionados na primeira op\u00e7\u00e3o de curso, reprovados por n\u00e3o forma\u00e7\u00e3o de turma.<\/p>\n<p>Pelo ProUni, os estudantes podem concorrer a bolsas de estudo parciais e integrais em institui\u00e7\u00f5es particulares de educa\u00e7\u00e3o superior, com base na nota do Enem. Nesta primeira edi\u00e7\u00e3o de 2016, o programa teve 1.599.808 candidatos inscritos para concorrer a 203.602 bolsas.<\/p>\n<p><em>*Yara Aquino &#8211; Rep\u00f3rter da Ag\u00eancia Brasil<\/em><\/p>\n","protected":false},"excerpt":{"rendered":"<p>Os estudantes que n\u00e3o foram pr\u00e9-selecionados para as bolsas do Programa Universidade para Todos (ProUni) podem aderir \u00e0 lista de espera a partir de hoje (26). A lista ser\u00e1 usada pelas institui\u00e7\u00f5es de ensino para ocupar as bolsas que n\u00e3o foram preenchidas nas etapas anteriores. O prazo para participar da lista vai at\u00e9 segunda-feira (29). [&hellip;]<\/p>\n","protected":false},"author":2,"featured_media":0,"comment_status":"open","ping_status":"open","sticky":false,"template":"","format":"standard","meta":{"_acf_changed":false,"_monsterinsights_skip_tracking":false,"_monsterinsights_sitenote_active":false,"_monsterinsights_sitenote_note":"","_monsterinsights_sitenote_category":0,"_jetpack_memberships_contains_paid_content":false,"footnotes":"","jetpack_publicize_message":"","jetpack_publicize_feature_enabled":true,"jetpack_social_post_already_shared":true,"jetpack_social_options":{"image_generator_settings":{"template":"highway","default_image_id":0,"font":"","enabled":false},"version":2}},"categories":[14,1],"tags":[],"class_list":["post-7929","post","type-post","status-publish","format-standard","hentry","category-educacao","category-noticias"],"acf":[],"jetpack_publicize_connections":[],"jetpack_featured_media_url":"","jetpack_sharing_enabled":true,"publishpress_future_workflow_manual_trigger":{"enabledWorkflows":[]},"_links":{"self":[{"href":"https:\/\/blogdoeloiltoncajuhy.com.br\/site\/wp-json\/wp\/v2\/posts\/7929","targetHints":{"allow":["GET"]}}],"collection":[{"href":"https:\/\/blogdoeloiltoncajuhy.com.br\/site\/wp-json\/wp\/v2\/posts"}],"about":[{"href":"https:\/\/blogdoeloiltoncajuhy.com.br\/site\/wp-json\/wp\/v2\/types\/post"}],"author":[{"embeddable":true,"href":"https:\/\/blogdoeloiltoncajuhy.com.br\/site\/wp-json\/wp\/v2\/users\/2"}],"replies":[{"embeddable":true,"href":"https:\/\/blogdoeloiltoncajuhy.com.br\/site\/wp-json\/wp\/v2\/comments?post=7929"}],"version-history":[{"count":1,"href":"https:\/\/blogdoeloiltoncajuhy.com.br\/site\/wp-json\/wp\/v2\/posts\/7929\/revisions"}],"predecessor-version":[{"id":7930,"href":"https:\/\/blogdoeloiltoncajuhy.com.br\/site\/wp-json\/wp\/v2\/posts\/7929\/revisions\/7930"}],"wp:attachment":[{"href":"https:\/\/blogdoeloiltoncajuhy.com.br\/site\/wp-json\/wp\/v2\/media?parent=7929"}],"wp:term":[{"taxonomy":"category","embeddable":true,"href":"https:\/\/blogdoeloiltoncajuhy.com.br\/site\/wp-json\/wp\/v2\/categories?post=7929"},{"taxonomy":"post_tag","embeddable":true,"href":"https:\/\/blogdoeloiltoncajuhy.com.br\/site\/wp-json\/wp\/v2\/tags?post=7929"}],"curies":[{"name":"wp","href":"https:\/\/api.w.org\/{rel}","templated":true}]}}