{"id":79286,"date":"2024-02-19T17:07:22","date_gmt":"2024-02-19T20:07:22","guid":{"rendered":"https:\/\/blogdoeloiltoncajuhy.com.br\/site\/?p=79286"},"modified":"2024-02-19T17:07:25","modified_gmt":"2024-02-19T20:07:25","slug":"deputado-propoe-cadastro-nacional-para-monitorar-faccoes-criminosas","status":"publish","type":"post","link":"https:\/\/blogdoeloiltoncajuhy.com.br\/site\/deputado-propoe-cadastro-nacional-para-monitorar-faccoes-criminosas\/","title":{"rendered":"Deputado prop\u00f5e cadastro nacional para monitorar fac\u00e7\u00f5es criminosas"},"content":{"rendered":"\n<p class=\"has-text-align-center has-medium-font-size\"><strong>Objetivo \u00e9 dar suporte \u00e0s a\u00e7\u00f5es de intelig\u00eancia e de combate a essas organiza\u00e7\u00f5es.<\/strong><\/p>\n\n\n\n<p><strong>Folha de S.Paulo<\/strong><\/p>\n\n\n\n<figure class=\"wp-block-image aligncenter size-full is-resized\"><a href=\"https:\/\/i0.wp.com\/blogdoeloiltoncajuhy.com.br\/site\/wp-content\/uploads\/2024\/02\/Operacao-no-Rio-Grande-do-Norte-Foto_Sandro-Menezes-Secom.jpg?ssl=1\"><img data-recalc-dims=\"1\" fetchpriority=\"high\" decoding=\"async\" width=\"800\" height=\"533\" src=\"https:\/\/i0.wp.com\/blogdoeloiltoncajuhy.com.br\/site\/wp-content\/uploads\/2024\/02\/Operacao-no-Rio-Grande-do-Norte-Foto_Sandro-Menezes-Secom.jpg?resize=800%2C533&#038;ssl=1\" alt=\"\" class=\"wp-image-79287\" style=\"width:690px;height:auto\" srcset=\"https:\/\/i0.wp.com\/blogdoeloiltoncajuhy.com.br\/site\/wp-content\/uploads\/2024\/02\/Operacao-no-Rio-Grande-do-Norte-Foto_Sandro-Menezes-Secom.jpg?w=900&amp;ssl=1 900w, https:\/\/i0.wp.com\/blogdoeloiltoncajuhy.com.br\/site\/wp-content\/uploads\/2024\/02\/Operacao-no-Rio-Grande-do-Norte-Foto_Sandro-Menezes-Secom.jpg?resize=300%2C200&amp;ssl=1 300w, https:\/\/i0.wp.com\/blogdoeloiltoncajuhy.com.br\/site\/wp-content\/uploads\/2024\/02\/Operacao-no-Rio-Grande-do-Norte-Foto_Sandro-Menezes-Secom.jpg?resize=768%2C512&amp;ssl=1 768w\" sizes=\"(max-width: 800px) 100vw, 800px\" \/><\/a><figcaption class=\"wp-element-caption\"><sub>Opera\u00e7\u00e3o no Rio Grande do Norte prende suspeitos de participar no tr\u00e1fico de drogas, assaltos e mortes de policiais &#8211; Foto: Sandro Menezes\/Secom<\/sub><\/figcaption><\/figure>\n\n\n\n<p>Um projeto que aguarda relator na Comiss\u00e3o de Seguran\u00e7a P\u00fablica da C\u00e2mara prop\u00f5e criar um cadastro nacional para monitorar fac\u00e7\u00f5es criminosas que conteria dados biom\u00e9tricos e cadastrais dos integrantes desses grupos. O objetivo \u00e9 dar suporte \u00e0s a\u00e7\u00f5es de intelig\u00eancia e de combate a essas organiza\u00e7\u00f5es.<\/p>\n\n\n\n<p>O texto \u00e9 de autoria do deputado Gerv\u00e1sio Maia (PB), l\u00edder do PSB na C\u00e2mara. Na justificativa, ele cita a necessidade de &#8220;fugir dos proselitismos pol\u00edticos&#8221; e aplicar pol\u00edticas de seguran\u00e7a p\u00fablica eficientes&#8221;.<\/p>\n\n\n\n<p>O deputado argumenta que a cria\u00e7\u00e3o de um banco de dados oficial ajudar\u00e1 a integrar as informa\u00e7\u00f5es de fac\u00e7\u00f5es criminosas e suas \u00e1reas de atua\u00e7\u00e3o, &#8220;permitindo a atua\u00e7\u00e3o das for\u00e7as de seguran\u00e7a de forma mais precisa e incisiva&#8221; e levando em considera\u00e7\u00e3o caracter\u00edsticas espec\u00edficas de cada grupo.<\/p>\n\n\n\n<p>&#8220;Embora administrado pelo Poder Executivo, o banco de dados possibilitar\u00e1 a atua\u00e7\u00e3o conjunta com os demais Poderes, \u00f3rg\u00e3os governamentais, estados, munic\u00edpios, e a pr\u00f3pria Justi\u00e7a&#8221;, escreve.<\/p>\n\n\n\n<p>Al\u00e9m de dados cadastrais e biom\u00e9tricos dos integrantes, poder\u00e3o ser inseridos no cadastro mandados judiciais, ficha criminal, bens apreendidos e extratos e transa\u00e7\u00f5es banc\u00e1rias. Os dados ser\u00e3o sigilosos.<\/p>\n\n\n\n<p>O projeto tamb\u00e9m abre a possibilidade de o banco de dados conter informa\u00e7\u00f5es enviadas por organiza\u00e7\u00f5es da sociedade civil, como estudos e anu\u00e1rios, desde que incluam a metodologia utilizada.<\/p>\n\n\n\n<p>Al\u00e9m da comiss\u00e3o de Seguran\u00e7a P\u00fablica, o projeto tamb\u00e9m precisa passar pelas comiss\u00f5es de Finan\u00e7as e Tributa\u00e7\u00e3o e pela Constitui\u00e7\u00e3o e Justi\u00e7a e de Cidadania (CCJ). Como tem car\u00e1ter conclusivo, se aprovado, pode seguir direto para o Senado \u2014 s\u00f3 ser\u00e1 levado ao plen\u00e1rio caso haja um recurso para que isso ocorra.<\/p>\n","protected":false},"excerpt":{"rendered":"<p>Objetivo \u00e9 dar suporte \u00e0s a\u00e7\u00f5es de intelig\u00eancia e de combate a essas organiza\u00e7\u00f5es. Folha de S.Paulo Um projeto que aguarda relator na Comiss\u00e3o de Seguran\u00e7a P\u00fablica da C\u00e2mara prop\u00f5e criar um cadastro nacional para monitorar fac\u00e7\u00f5es criminosas que conteria dados biom\u00e9tricos e cadastrais dos integrantes desses grupos. O objetivo \u00e9 dar suporte \u00e0s a\u00e7\u00f5es [&hellip;]<\/p>\n","protected":false},"author":2,"featured_media":79287,"comment_status":"open","ping_status":"open","sticky":false,"template":"","format":"standard","meta":{"_acf_changed":false,"_monsterinsights_skip_tracking":false,"_monsterinsights_sitenote_active":false,"_monsterinsights_sitenote_note":"","_monsterinsights_sitenote_category":0,"_jetpack_memberships_contains_paid_content":false,"footnotes":"","jetpack_publicize_message":"","jetpack_publicize_feature_enabled":true,"jetpack_social_post_already_shared":true,"jetpack_social_options":{"image_generator_settings":{"template":"highway","default_image_id":0,"font":"","enabled":false},"version":2}},"categories":[3],"tags":[],"class_list":["post-79286","post","type-post","status-publish","format-standard","has-post-thumbnail","hentry","category-politica"],"acf":[],"jetpack_publicize_connections":[],"jetpack_featured_media_url":"https:\/\/i0.wp.com\/blogdoeloiltoncajuhy.com.br\/site\/wp-content\/uploads\/2024\/02\/Operacao-no-Rio-Grande-do-Norte-Foto_Sandro-Menezes-Secom.jpg?fit=900%2C600&ssl=1","jetpack_sharing_enabled":true,"publishpress_future_workflow_manual_trigger":{"enabledWorkflows":[]},"_links":{"self":[{"href":"https:\/\/blogdoeloiltoncajuhy.com.br\/site\/wp-json\/wp\/v2\/posts\/79286","targetHints":{"allow":["GET"]}}],"collection":[{"href":"https:\/\/blogdoeloiltoncajuhy.com.br\/site\/wp-json\/wp\/v2\/posts"}],"about":[{"href":"https:\/\/blogdoeloiltoncajuhy.com.br\/site\/wp-json\/wp\/v2\/types\/post"}],"author":[{"embeddable":true,"href":"https:\/\/blogdoeloiltoncajuhy.com.br\/site\/wp-json\/wp\/v2\/users\/2"}],"replies":[{"embeddable":true,"href":"https:\/\/blogdoeloiltoncajuhy.com.br\/site\/wp-json\/wp\/v2\/comments?post=79286"}],"version-history":[{"count":1,"href":"https:\/\/blogdoeloiltoncajuhy.com.br\/site\/wp-json\/wp\/v2\/posts\/79286\/revisions"}],"predecessor-version":[{"id":79288,"href":"https:\/\/blogdoeloiltoncajuhy.com.br\/site\/wp-json\/wp\/v2\/posts\/79286\/revisions\/79288"}],"wp:featuredmedia":[{"embeddable":true,"href":"https:\/\/blogdoeloiltoncajuhy.com.br\/site\/wp-json\/wp\/v2\/media\/79287"}],"wp:attachment":[{"href":"https:\/\/blogdoeloiltoncajuhy.com.br\/site\/wp-json\/wp\/v2\/media?parent=79286"}],"wp:term":[{"taxonomy":"category","embeddable":true,"href":"https:\/\/blogdoeloiltoncajuhy.com.br\/site\/wp-json\/wp\/v2\/categories?post=79286"},{"taxonomy":"post_tag","embeddable":true,"href":"https:\/\/blogdoeloiltoncajuhy.com.br\/site\/wp-json\/wp\/v2\/tags?post=79286"}],"curies":[{"name":"wp","href":"https:\/\/api.w.org\/{rel}","templated":true}]}}