{"id":79269,"date":"2024-02-17T11:22:15","date_gmt":"2024-02-17T14:22:15","guid":{"rendered":"https:\/\/blogdoeloiltoncajuhy.com.br\/site\/?p=79269"},"modified":"2024-02-17T11:22:17","modified_gmt":"2024-02-17T14:22:17","slug":"coisas-do-sao-joao-de-bonfim-dominguinhos-toca-pra-geleia-na-praca-nova","status":"publish","type":"post","link":"https:\/\/blogdoeloiltoncajuhy.com.br\/site\/coisas-do-sao-joao-de-bonfim-dominguinhos-toca-pra-geleia-na-praca-nova\/","title":{"rendered":"Coisas do S\u00e3o Jo\u00e3o de Bonfim: Dominguinhos toca pra Geleia na Pra\u00e7a Nova"},"content":{"rendered":"\n<p class=\"has-medium-font-size\"><strong>O mestre demonstrou toda sua humildade ao tocar para o guarda municipal que tinha como sonho ser cantor.<\/strong><\/p>\n\n\n\n<p><strong>Blog do Eloilton Cajuhy<\/strong><\/p>\n\n\n\n<figure class=\"wp-block-image aligncenter size-full is-resized\"><a href=\"https:\/\/i0.wp.com\/blogdoeloiltoncajuhy.com.br\/site\/wp-content\/uploads\/2024\/02\/Geleia.png?ssl=1\"><img data-recalc-dims=\"1\" fetchpriority=\"high\" decoding=\"async\" width=\"800\" height=\"438\" src=\"https:\/\/i0.wp.com\/blogdoeloiltoncajuhy.com.br\/site\/wp-content\/uploads\/2024\/02\/Geleia.png?resize=800%2C438&#038;ssl=1\" alt=\"\" class=\"wp-image-79270\" style=\"width:646px;height:auto\" srcset=\"https:\/\/i0.wp.com\/blogdoeloiltoncajuhy.com.br\/site\/wp-content\/uploads\/2024\/02\/Geleia.png?w=938&amp;ssl=1 938w, https:\/\/i0.wp.com\/blogdoeloiltoncajuhy.com.br\/site\/wp-content\/uploads\/2024\/02\/Geleia.png?resize=300%2C164&amp;ssl=1 300w, https:\/\/i0.wp.com\/blogdoeloiltoncajuhy.com.br\/site\/wp-content\/uploads\/2024\/02\/Geleia.png?resize=768%2C421&amp;ssl=1 768w\" sizes=\"(max-width: 800px) 100vw, 800px\" \/><\/a><figcaption class=\"wp-element-caption\"><sub>Foto: Reprodu\u00e7\u00e3o do v\u00eddeo de Nivaldo Oliveira<\/sub><\/figcaption><\/figure>\n\n\n\n<p>O ano foi 1986. O S\u00e3o Jo\u00e3o de Senhor do Bonfim era realizado na Pra\u00e7a Nova do Congresso, que era chamada de Arraial da Tapera durante o m\u00eas de junho.<\/p>\n\n\n\n<p>Na cidade, uma figura se tornou muito popular: o guarda municipal Geleia construiu uma popularidade muito grande ao andar pelas ruas e pra\u00e7as carregando um aparelho de som port\u00e1til executando suas m\u00fasicas. Era seu grande sonho ser cantor.<\/p>\n\n\n\n<p>Come\u00e7ou o S\u00e3o Jo\u00e3o e todas as aten\u00e7\u00f5es se voltavam para a maior festa do povo bonfinense. No espa\u00e7o Gonzag\u00e3o do Arraial da Tapera grandes artistas da musica se revezavam em apresenta\u00e7\u00f5es inesquec\u00edveis.<\/p>\n\n\n\n<p>Eis que na noite de Dominguinhos algo inesperado aconteceu. Segundo postagem da p\u00e1gina <strong>Minha Cidade<\/strong>, Dominguinhos fazia um show hist\u00f3rico na noite do dia 23 de junho, at\u00e9 que o prefeito C\u00e2ndido Augusto Martins e o presidente da C\u00e2mara de Vereadores, Jo\u00e3o Rodrigues, fizeram um pedido inusitado: queriam ver Dominguinhos tocando junto com o cantor bonfinense Geleia.<\/p>\n\n\n\n<p>E, acredite, ele topou na hora! Demonstrando toda sua generosidade, um dos maiores sanfoneiros da hist\u00f3ria acompanhou Geleia no palco do melhor S\u00e3o Jo\u00e3o da Bahia.<\/p>\n\n\n\n<p>Como diz Alex Barbosa, &#8220;\u00e9, meus amigos, tem coisas que s\u00f3 acontecem em Bonfim!&#8221;<\/p>\n\n\n\n<p class=\"has-black-color has-text-color has-link-color wp-elements-da8c8ffac13253143532316978ea2527\"><strong>Confira abaixo o v\u00eddeo da apresenta\u00e7\u00e3o de Dominguinhos e Geleia, produzido pelo bonfinense Nivaldo Oliveira:<\/strong><\/p>\n\n\n\n<figure class=\"wp-block-embed is-type-video is-provider-youtube wp-block-embed-youtube wp-embed-aspect-16-9 wp-has-aspect-ratio\"><div class=\"wp-block-embed__wrapper\">\n<iframe title=\"O dia em que Dominguinhos tocou para Geleia no S\u00e3o Jo\u00e3o de Senhor do Bonfim\" width=\"800\" height=\"450\" src=\"https:\/\/www.youtube.com\/embed\/oOPRrh4P3Fs?feature=oembed\" frameborder=\"0\" allow=\"accelerometer; autoplay; clipboard-write; encrypted-media; gyroscope; picture-in-picture; web-share\" allowfullscreen><\/iframe>\n<\/div><\/figure>\n","protected":false},"excerpt":{"rendered":"<p>O mestre demonstrou toda sua humildade ao tocar para o guarda municipal que tinha como sonho ser cantor. Blog do Eloilton Cajuhy O ano foi 1986. O S\u00e3o Jo\u00e3o de Senhor do Bonfim era realizado na Pra\u00e7a Nova do Congresso, que era chamada de Arraial da Tapera durante o m\u00eas de junho. Na cidade, uma [&hellip;]<\/p>\n","protected":false},"author":2,"featured_media":79270,"comment_status":"open","ping_status":"open","sticky":false,"template":"","format":"standard","meta":{"_acf_changed":false,"_monsterinsights_skip_tracking":false,"_monsterinsights_sitenote_active":false,"_monsterinsights_sitenote_note":"","_monsterinsights_sitenote_category":0,"_jetpack_memberships_contains_paid_content":false,"footnotes":"","jetpack_publicize_message":"","jetpack_publicize_feature_enabled":true,"jetpack_social_post_already_shared":true,"jetpack_social_options":{"image_generator_settings":{"template":"highway","default_image_id":0,"font":"","enabled":false},"version":2}},"categories":[8],"tags":[],"class_list":["post-79269","post","type-post","status-publish","format-standard","has-post-thumbnail","hentry","category-cultura"],"acf":[],"jetpack_publicize_connections":[],"jetpack_featured_media_url":"https:\/\/i0.wp.com\/blogdoeloiltoncajuhy.com.br\/site\/wp-content\/uploads\/2024\/02\/Geleia.png?fit=938%2C514&ssl=1","jetpack_sharing_enabled":true,"publishpress_future_workflow_manual_trigger":{"enabledWorkflows":[]},"_links":{"self":[{"href":"https:\/\/blogdoeloiltoncajuhy.com.br\/site\/wp-json\/wp\/v2\/posts\/79269","targetHints":{"allow":["GET"]}}],"collection":[{"href":"https:\/\/blogdoeloiltoncajuhy.com.br\/site\/wp-json\/wp\/v2\/posts"}],"about":[{"href":"https:\/\/blogdoeloiltoncajuhy.com.br\/site\/wp-json\/wp\/v2\/types\/post"}],"author":[{"embeddable":true,"href":"https:\/\/blogdoeloiltoncajuhy.com.br\/site\/wp-json\/wp\/v2\/users\/2"}],"replies":[{"embeddable":true,"href":"https:\/\/blogdoeloiltoncajuhy.com.br\/site\/wp-json\/wp\/v2\/comments?post=79269"}],"version-history":[{"count":1,"href":"https:\/\/blogdoeloiltoncajuhy.com.br\/site\/wp-json\/wp\/v2\/posts\/79269\/revisions"}],"predecessor-version":[{"id":79271,"href":"https:\/\/blogdoeloiltoncajuhy.com.br\/site\/wp-json\/wp\/v2\/posts\/79269\/revisions\/79271"}],"wp:featuredmedia":[{"embeddable":true,"href":"https:\/\/blogdoeloiltoncajuhy.com.br\/site\/wp-json\/wp\/v2\/media\/79270"}],"wp:attachment":[{"href":"https:\/\/blogdoeloiltoncajuhy.com.br\/site\/wp-json\/wp\/v2\/media?parent=79269"}],"wp:term":[{"taxonomy":"category","embeddable":true,"href":"https:\/\/blogdoeloiltoncajuhy.com.br\/site\/wp-json\/wp\/v2\/categories?post=79269"},{"taxonomy":"post_tag","embeddable":true,"href":"https:\/\/blogdoeloiltoncajuhy.com.br\/site\/wp-json\/wp\/v2\/tags?post=79269"}],"curies":[{"name":"wp","href":"https:\/\/api.w.org\/{rel}","templated":true}]}}