{"id":7926,"date":"2016-02-26T10:58:43","date_gmt":"2016-02-26T13:58:43","guid":{"rendered":"http:\/\/blogdoeloiltoncajuhy.com.br\/site\/?p=7926"},"modified":"2016-02-26T10:58:43","modified_gmt":"2016-02-26T13:58:43","slug":"com-bandeira-verde-energia-deve-ficar-mais-barata-a-partir-de-abril","status":"publish","type":"post","link":"https:\/\/blogdoeloiltoncajuhy.com.br\/site\/com-bandeira-verde-energia-deve-ficar-mais-barata-a-partir-de-abril\/","title":{"rendered":"Com bandeira verde, energia deve ficar mais barata a partir de abril"},"content":{"rendered":"<figure id=\"attachment_7305\" aria-describedby=\"caption-attachment-7305\" style=\"width: 277px\" class=\"wp-caption alignleft\"><a href=\"https:\/\/i0.wp.com\/blogdoeloiltoncajuhy.com.br\/site\/wp-content\/uploads\/2016\/01\/luz.jpg\" rel=\"attachment wp-att-7305\"><img data-recalc-dims=\"1\" decoding=\"async\" class=\"wp-image-7305 size-full\" src=\"https:\/\/i0.wp.com\/blogdoeloiltoncajuhy.com.br\/site\/wp-content\/uploads\/2016\/01\/luz.jpg?resize=277%2C160\" alt=\"luz\" width=\"277\" height=\"160\" srcset=\"https:\/\/i0.wp.com\/blogdoeloiltoncajuhy.com.br\/site\/wp-content\/uploads\/2016\/01\/luz.jpg?w=277&amp;ssl=1 277w, https:\/\/i0.wp.com\/blogdoeloiltoncajuhy.com.br\/site\/wp-content\/uploads\/2016\/01\/luz.jpg?resize=250%2C144&amp;ssl=1 250w\" sizes=\"(max-width: 277px) 100vw, 277px\" \/><\/a><figcaption id=\"caption-attachment-7305\" class=\"wp-caption-text\">Foto: Arquivo Ag\u00eancia Brasil<\/figcaption><\/figure>\n<p>A partir de abril, o consumidor dever\u00e1 pagar menos pela energia. A redu\u00e7\u00e3o ser\u00e1 poss\u00edvel com a ado\u00e7\u00e3o da bandeira verde no sistema de bandeiras tarif\u00e1rias, que adota as cores verde, amarela e vermelha para informar o consumidor, a cada m\u00eas, se a energia est\u00e1 mais cara ou mais barata.<\/p>\n<p>\u201cCom isso, a partir de abril n\u00e3o haver\u00e1 mais \u00f4nus para o consumidor\u201d, disse o ministro de Minas e Energia, Eduardo Braga, que fez o an\u00fancio nesta quinta-feira (25). Para o consumidor, isso dever\u00e1 resultar em uma redu\u00e7\u00e3o m\u00e9dia entre 6% e 7% na conta de luz.<\/p>\n<p>Neste m\u00eas, o governo anunciou que, em mar\u00e7o, seriam desligadas sete usinas t\u00e9rmicas com custo de gera\u00e7\u00e3o acima de R$ 420 por megawatt-hora (MWh). Posteriormente, foi decidida uma redu\u00e7\u00e3o incluindo 15 usinas que geravam energia a um custo de R$ 250 por MWh.<\/p>\n<p>\u201cAgora estamos anunciando o desligamento das usinas t\u00e9rmicas com custo de gera\u00e7\u00e3o acima de R$ 211. Com isso, a partir de abril, entraremos em regime de bandeira verde. Ao adotar a bandeira verde, deixa-se de cobrar esse \u00f4nus. Mas em mar\u00e7o ela [bandeira] continuar\u00e1 amarela\u201d, disse o ministro.<\/p>\n<p>Ao todo, em abril, 5 mil MW gerados pelas t\u00e9rmicas j\u00e1 ter\u00e3o sido desligados do sistema, o que representar\u00e1 uma economia total de R$ 10 bilh\u00f5es ao ano. Braga disse que, mantida a previs\u00e3o positiva da situa\u00e7\u00e3o hidrol\u00f3gica, mais 2 mil MW gerados em usinas t\u00e9rmicas poder\u00e3o ser desligados nos pr\u00f3ximos meses.<\/p>\n<p>Todas essas decis\u00f5es s\u00e3o tomadas durante as reuni\u00f5es do Comit\u00ea de Monitoramento do Setor El\u00e9trico, que avalia fatores como entrada de nova energia, capacidade dos reservat\u00f3rios e comportamento de carga.<\/p>\n<p>\u201cN\u00e3o \u00e9 apenas uma quest\u00e3o de redu\u00e7\u00e3o de consumo. A entrada da energia gerada em novas usinas, como as de Belo Monte, Jirau e Santo Ant\u00f4nio tem contribu\u00eddo [para os desligamentos das t\u00e9rmicas]\u201d, acrescentou Braga.<\/p>\n","protected":false},"excerpt":{"rendered":"<p>A partir de abril, o consumidor dever\u00e1 pagar menos pela energia. A redu\u00e7\u00e3o ser\u00e1 poss\u00edvel com a ado\u00e7\u00e3o da bandeira verde no sistema de bandeiras tarif\u00e1rias, que adota as cores verde, amarela e vermelha para informar o consumidor, a cada m\u00eas, se a energia est\u00e1 mais cara ou mais barata. \u201cCom isso, a partir de [&hellip;]<\/p>\n","protected":false},"author":2,"featured_media":0,"comment_status":"open","ping_status":"open","sticky":false,"template":"","format":"standard","meta":{"_acf_changed":false,"_monsterinsights_skip_tracking":false,"_monsterinsights_sitenote_active":false,"_monsterinsights_sitenote_note":"","_monsterinsights_sitenote_category":0,"_jetpack_memberships_contains_paid_content":false,"footnotes":"","jetpack_publicize_message":"","jetpack_publicize_feature_enabled":true,"jetpack_social_post_already_shared":true,"jetpack_social_options":{"image_generator_settings":{"template":"highway","default_image_id":0,"font":"","enabled":false},"version":2}},"categories":[5,1],"tags":[],"class_list":["post-7926","post","type-post","status-publish","format-standard","hentry","category-cotidiano","category-noticias"],"acf":[],"jetpack_publicize_connections":[],"jetpack_featured_media_url":"","jetpack_sharing_enabled":true,"publishpress_future_workflow_manual_trigger":{"enabledWorkflows":[]},"_links":{"self":[{"href":"https:\/\/blogdoeloiltoncajuhy.com.br\/site\/wp-json\/wp\/v2\/posts\/7926","targetHints":{"allow":["GET"]}}],"collection":[{"href":"https:\/\/blogdoeloiltoncajuhy.com.br\/site\/wp-json\/wp\/v2\/posts"}],"about":[{"href":"https:\/\/blogdoeloiltoncajuhy.com.br\/site\/wp-json\/wp\/v2\/types\/post"}],"author":[{"embeddable":true,"href":"https:\/\/blogdoeloiltoncajuhy.com.br\/site\/wp-json\/wp\/v2\/users\/2"}],"replies":[{"embeddable":true,"href":"https:\/\/blogdoeloiltoncajuhy.com.br\/site\/wp-json\/wp\/v2\/comments?post=7926"}],"version-history":[{"count":1,"href":"https:\/\/blogdoeloiltoncajuhy.com.br\/site\/wp-json\/wp\/v2\/posts\/7926\/revisions"}],"predecessor-version":[{"id":7927,"href":"https:\/\/blogdoeloiltoncajuhy.com.br\/site\/wp-json\/wp\/v2\/posts\/7926\/revisions\/7927"}],"wp:attachment":[{"href":"https:\/\/blogdoeloiltoncajuhy.com.br\/site\/wp-json\/wp\/v2\/media?parent=7926"}],"wp:term":[{"taxonomy":"category","embeddable":true,"href":"https:\/\/blogdoeloiltoncajuhy.com.br\/site\/wp-json\/wp\/v2\/categories?post=7926"},{"taxonomy":"post_tag","embeddable":true,"href":"https:\/\/blogdoeloiltoncajuhy.com.br\/site\/wp-json\/wp\/v2\/tags?post=7926"}],"curies":[{"name":"wp","href":"https:\/\/api.w.org\/{rel}","templated":true}]}}