{"id":79259,"date":"2024-02-17T09:28:08","date_gmt":"2024-02-17T12:28:08","guid":{"rendered":"https:\/\/blogdoeloiltoncajuhy.com.br\/site\/?p=79259"},"modified":"2024-02-17T09:28:50","modified_gmt":"2024-02-17T12:28:50","slug":"como-diferenciar-os-sintomas-de-dengue-e-de-covid-doencas-em-crescimento-no-brasil","status":"publish","type":"post","link":"https:\/\/blogdoeloiltoncajuhy.com.br\/site\/como-diferenciar-os-sintomas-de-dengue-e-de-covid-doencas-em-crescimento-no-brasil\/","title":{"rendered":"Como diferenciar os sintomas de dengue e de Covid, doen\u00e7as em crescimento no Brasil"},"content":{"rendered":"\n<p class=\"has-medium-font-size\"><strong>Febre e dor no corpo aparecem em ambos os casos, e especialistas apontam em quais sinais devemos prestar aten\u00e7\u00e3o.<\/strong><\/p>\n\n\n\n<p><strong>Vit\u00f3ria Macedo\/Folha de S.Paulo<\/strong><\/p>\n\n\n\n<p>Os n\u00fameros de casos por dengue e de Covid seguem em alta no pa\u00eds, influenciados pela folia do Carnaval e a volta \u00e0s aulas. As doen\u00e7as possuem sintomas semelhantes que podem confundir os infectados. Saber diferenci\u00e1-los \u00e9 importante para n\u00e3o haver erros no tratamento, principalmente no que diz respeito \u00e0 automedica\u00e7\u00e3o.<\/p>\n\n\n\n<p>Tanto na dengue quanto na Covid os pacientes apresentam febre alta e uma sensa\u00e7\u00e3o de cansa\u00e7o que pode ser bastante incapacitante de acordo com Leonardo Weissmann, m\u00e9dico infectologista do Instituto de Infectologia Em\u00edlio Ribas e professor da Universidade de Ribeir\u00e3o Preto (Unaerp). A diarreia, na minoria dos casos, tamb\u00e9m pode aparecer.<\/p>\n\n\n\n<figure class=\"wp-block-image aligncenter size-full is-resized\"><a href=\"https:\/\/i0.wp.com\/blogdoeloiltoncajuhy.com.br\/site\/wp-content\/uploads\/2024\/02\/Paciente-com-dengue-Foto_Ronny-Santos-Folhapress.jpg?ssl=1\"><img data-recalc-dims=\"1\" fetchpriority=\"high\" decoding=\"async\" width=\"800\" height=\"533\" src=\"https:\/\/i0.wp.com\/blogdoeloiltoncajuhy.com.br\/site\/wp-content\/uploads\/2024\/02\/Paciente-com-dengue-Foto_Ronny-Santos-Folhapress.jpg?resize=800%2C533&#038;ssl=1\" alt=\"\" class=\"wp-image-79260\" style=\"width:702px;height:auto\" srcset=\"https:\/\/i0.wp.com\/blogdoeloiltoncajuhy.com.br\/site\/wp-content\/uploads\/2024\/02\/Paciente-com-dengue-Foto_Ronny-Santos-Folhapress.jpg?w=900&amp;ssl=1 900w, https:\/\/i0.wp.com\/blogdoeloiltoncajuhy.com.br\/site\/wp-content\/uploads\/2024\/02\/Paciente-com-dengue-Foto_Ronny-Santos-Folhapress.jpg?resize=300%2C200&amp;ssl=1 300w, https:\/\/i0.wp.com\/blogdoeloiltoncajuhy.com.br\/site\/wp-content\/uploads\/2024\/02\/Paciente-com-dengue-Foto_Ronny-Santos-Folhapress.jpg?resize=768%2C512&amp;ssl=1 768w\" sizes=\"(max-width: 800px) 100vw, 800px\" \/><\/a><figcaption class=\"wp-element-caption\"><sub>M\u00e3os de uma paciente internada com dengue &#8211; Foto: Ronny Santos\/Folhapress<\/sub><\/figcaption><\/figure>\n\n\n\n<p>Al\u00e9m disso, ambas as doen\u00e7as podem provocar dores musculares e de cabe\u00e7a. &#8220;Essa sobreposi\u00e7\u00e3o de sintomas pode confundir tanto pacientes quanto profissionais de sa\u00fade nos est\u00e1gios iniciais&#8221;, afirma o especialista.<\/p>\n\n\n\n<p>H\u00e1 tamb\u00e9m sintomas mais caracter\u00edsticos de cada doen\u00e7a. Enquanto a dengue pode causar dor atr\u00e1s dos olhos e manchas vermelhas na pele, a Covid pode fazer com que o paciente tenha problemas respirat\u00f3rios, como tosse seca e dificuldade para respirar. S\u00e3o esses sintomas mais espec\u00edficos que o infectado deve observar para diferenciar uma doen\u00e7a da outra, segundo Weissmann.<\/p>\n\n\n\n<figure class=\"wp-block-image aligncenter size-full is-resized\"><a href=\"https:\/\/i0.wp.com\/blogdoeloiltoncajuhy.com.br\/site\/wp-content\/uploads\/2024\/02\/Mosquito-da-dengue_Foto_Apu-Gomes-AFP.png?ssl=1\"><img data-recalc-dims=\"1\" decoding=\"async\" width=\"661\" height=\"512\" src=\"https:\/\/i0.wp.com\/blogdoeloiltoncajuhy.com.br\/site\/wp-content\/uploads\/2024\/02\/Mosquito-da-dengue_Foto_Apu-Gomes-AFP.png?resize=661%2C512&#038;ssl=1\" alt=\"\" class=\"wp-image-79261\" style=\"width:702px;height:auto\" srcset=\"https:\/\/i0.wp.com\/blogdoeloiltoncajuhy.com.br\/site\/wp-content\/uploads\/2024\/02\/Mosquito-da-dengue_Foto_Apu-Gomes-AFP.png?w=661&amp;ssl=1 661w, https:\/\/i0.wp.com\/blogdoeloiltoncajuhy.com.br\/site\/wp-content\/uploads\/2024\/02\/Mosquito-da-dengue_Foto_Apu-Gomes-AFP.png?resize=300%2C232&amp;ssl=1 300w\" sizes=\"(max-width: 661px) 100vw, 661px\" \/><\/a><figcaption class=\"wp-element-caption\"><sub>Foto: Apu Gomes\/AFP<\/sub><\/figcaption><\/figure>\n\n\n\n<p>Outros aspectos que devem ser observados s\u00e3o o hist\u00f3rico de exposi\u00e7\u00e3o do paciente e o contexto epidemiol\u00f3gico local. Ou seja, se ele passou por locais com aglomera\u00e7\u00e3o ou se esteve em locais em que o mosquito Aedes aegypti, que transmite o v\u00edrus da dengue, pudesse se proliferar.<\/p>\n\n\n\n<p>O diagn\u00f3stico preciso sobre as doen\u00e7as pode ser obtido com testes espec\u00edficos, como o RT-PCR para a Covid e o teste r\u00e1pido NS1 ou a sorologia para dengue. De acordo com Renato Grinbaum, m\u00e9dico infectologista do Hospital S\u00e3o Luiz &#8211; S\u00e3o Caetano e professor da Universidade Cidade de S\u00e3o Paulo, o autodiagnostico e autotestes podem ser perigosos, at\u00e9 mesmo em caso de falso negativo. O ideal, para ele, \u00e9 a pessoa procurar servi\u00e7o de sa\u00fade e orienta\u00e7\u00e3o m\u00e9dica adequada.<\/p>\n\n\n\n<figure class=\"wp-block-image aligncenter size-full is-resized\"><a href=\"https:\/\/i0.wp.com\/blogdoeloiltoncajuhy.com.br\/site\/wp-content\/uploads\/2024\/02\/Crianca-internada_Foto_Rubens-Cavallari-Folhapress.png?ssl=1\"><img data-recalc-dims=\"1\" decoding=\"async\" width=\"649\" height=\"514\" src=\"https:\/\/i0.wp.com\/blogdoeloiltoncajuhy.com.br\/site\/wp-content\/uploads\/2024\/02\/Crianca-internada_Foto_Rubens-Cavallari-Folhapress.png?resize=649%2C514&#038;ssl=1\" alt=\"\" class=\"wp-image-79262\" style=\"width:702px;height:auto\" srcset=\"https:\/\/i0.wp.com\/blogdoeloiltoncajuhy.com.br\/site\/wp-content\/uploads\/2024\/02\/Crianca-internada_Foto_Rubens-Cavallari-Folhapress.png?w=649&amp;ssl=1 649w, https:\/\/i0.wp.com\/blogdoeloiltoncajuhy.com.br\/site\/wp-content\/uploads\/2024\/02\/Crianca-internada_Foto_Rubens-Cavallari-Folhapress.png?resize=300%2C238&amp;ssl=1 300w\" sizes=\"(max-width: 649px) 100vw, 649px\" \/><\/a><figcaption class=\"wp-element-caption\"><sub>Foto: Rubens Cavallari\/Folhapress<\/sub><\/figcaption><\/figure>\n\n\n\n<h2 class=\"wp-block-heading\"><strong><mark style=\"background-color:rgba(0, 0, 0, 0)\" class=\"has-inline-color has-black-color\">E a medica\u00e7\u00e3o?<\/mark><\/strong><\/h2>\n\n\n\n<p>Para o sintoma de febre, comum em ambas as doen\u00e7as, medicamentos como dipirona e paracetamol s\u00e3o geralmente recomendados devido \u00e0 sua seguran\u00e7a. Por outro lado, Weissmann afirma que deve-se evitar anti-inflamat\u00f3rios n\u00e3o esteroides, como ibuprofeno, principalmente se a suspeita for de dengue, devido ao risco de sangramentos. Outras contraindica\u00e7\u00f5es nesse caso s\u00e3o corticoides e aspirina.<\/p>\n\n\n\n<p>Os especialistas recomendam que indiv\u00edduos com sintomas que indiquem dengue ou Covid busquem orienta\u00e7\u00f5es m\u00e9dicas. &#8220;A automedica\u00e7\u00e3o pode ser perigosa e pode mascarar sintomas importantes, complicando o diagn\u00f3stico e o tratamento&#8221;, afirma Weissmann. &#8220;O diagn\u00f3stico precoce e o manejo apropriado s\u00e3o cruciais para um bom progn\u00f3stico em ambas as doen\u00e7as.&#8221; O m\u00e9dico tamb\u00e9m indica repouso e hidrata\u00e7\u00e3o adequada.<\/p>\n\n\n\n<p>Desde o come\u00e7o do ano, os casos de dengue quadruplicaram, de acordo com o Minist\u00e9rio da Sa\u00fade. J\u00e1 foram registrados meio milh\u00e3o de prov\u00e1veis infectados com a doen\u00e7a, enquanto no mesmo per\u00edodo no ano passado o n\u00famero era de 128.842.<\/p>\n\n\n\n<p>A alta tamb\u00e9m acontece com a Covid, cujo n\u00famero de novos casos semanais est\u00e1 acima dos 36 mil e 194 \u00f3bitos at\u00e9 8 de fevereiro. A doen\u00e7a n\u00e3o se espalhava desse jeito desde abril de 2023, segundo o Conselho Nacional dos Secret\u00e1rios de Sa\u00fade (Conass).<\/p>\n\n\n\n<h2 class=\"wp-block-heading\"><strong><mark style=\"background-color:rgba(0, 0, 0, 0)\" class=\"has-inline-color has-black-color\">Como eliminar focos de dengue<\/mark><\/strong><\/h2>\n\n\n\n<ul class=\"wp-block-list\">\n<li>Tampe a caixa d\u2019\u00e1gua e outros reservat\u00f3rios de \u00e1gua<\/li>\n\n\n\n<li>Retire folhas ou sujeiras que podem gerar ac\u00famulo de \u00e1gua nas calhas<\/li>\n\n\n\n<li>Guarde pneus em locais cobertos<\/li>\n\n\n\n<li>Guarde baldes e garrafas com a boca virada para baixo<\/li>\n\n\n\n<li>Realize limpeza peri\u00f3dica em ralos, canaletas e outros tipos de escoamentos de \u00e1gua<\/li>\n\n\n\n<li>Limpe e retire ac\u00famulo de \u00e1gua de bandejas de ar-condicionado e geladeiras<\/li>\n\n\n\n<li>Lave as bordas dos recipientes que acumulam \u00e1gua com sab\u00e3o e bucha<\/li>\n\n\n\n<li>Jogue as larvas na terra ou no ch\u00e3o seco<\/li>\n\n\n\n<li>Para grandes dep\u00f3sitos de \u00e1gua e outros reservat\u00f3rios de \u00e1gua para consumo humano \u00e9 necess\u00e1ria a presen\u00e7a de agente de sa\u00fade para aplica\u00e7\u00e3o do larvicida; Utilize areia nos pratos de vasos de plantas<\/li>\n\n\n\n<li>Retire \u00e1gua de plantas como bambu e brom\u00e9lias<\/li>\n\n\n\n<li>Limpe as piscinas<\/li>\n\n\n\n<li>Guarde ou jogue no lixo os objetos que podem acumular \u00e1gua<\/li>\n<\/ul>\n","protected":false},"excerpt":{"rendered":"<p>Febre e dor no corpo aparecem em ambos os casos, e especialistas apontam em quais sinais devemos prestar aten\u00e7\u00e3o. Vit\u00f3ria Macedo\/Folha de S.Paulo Os n\u00fameros de casos por dengue e de Covid seguem em alta no pa\u00eds, influenciados pela folia do Carnaval e a volta \u00e0s aulas. As doen\u00e7as possuem sintomas semelhantes que podem confundir [&hellip;]<\/p>\n","protected":false},"author":2,"featured_media":79260,"comment_status":"open","ping_status":"open","sticky":false,"template":"","format":"standard","meta":{"_acf_changed":false,"_monsterinsights_skip_tracking":false,"_monsterinsights_sitenote_active":false,"_monsterinsights_sitenote_note":"","_monsterinsights_sitenote_category":0,"_jetpack_memberships_contains_paid_content":false,"footnotes":"","jetpack_publicize_message":"","jetpack_publicize_feature_enabled":true,"jetpack_social_post_already_shared":true,"jetpack_social_options":{"image_generator_settings":{"template":"highway","default_image_id":0,"font":"","enabled":false},"version":2}},"categories":[7],"tags":[],"class_list":["post-79259","post","type-post","status-publish","format-standard","has-post-thumbnail","hentry","category-saude"],"acf":[],"jetpack_publicize_connections":[],"jetpack_featured_media_url":"https:\/\/i0.wp.com\/blogdoeloiltoncajuhy.com.br\/site\/wp-content\/uploads\/2024\/02\/Paciente-com-dengue-Foto_Ronny-Santos-Folhapress.jpg?fit=900%2C600&ssl=1","jetpack_sharing_enabled":true,"publishpress_future_workflow_manual_trigger":{"enabledWorkflows":[]},"_links":{"self":[{"href":"https:\/\/blogdoeloiltoncajuhy.com.br\/site\/wp-json\/wp\/v2\/posts\/79259","targetHints":{"allow":["GET"]}}],"collection":[{"href":"https:\/\/blogdoeloiltoncajuhy.com.br\/site\/wp-json\/wp\/v2\/posts"}],"about":[{"href":"https:\/\/blogdoeloiltoncajuhy.com.br\/site\/wp-json\/wp\/v2\/types\/post"}],"author":[{"embeddable":true,"href":"https:\/\/blogdoeloiltoncajuhy.com.br\/site\/wp-json\/wp\/v2\/users\/2"}],"replies":[{"embeddable":true,"href":"https:\/\/blogdoeloiltoncajuhy.com.br\/site\/wp-json\/wp\/v2\/comments?post=79259"}],"version-history":[{"count":2,"href":"https:\/\/blogdoeloiltoncajuhy.com.br\/site\/wp-json\/wp\/v2\/posts\/79259\/revisions"}],"predecessor-version":[{"id":79264,"href":"https:\/\/blogdoeloiltoncajuhy.com.br\/site\/wp-json\/wp\/v2\/posts\/79259\/revisions\/79264"}],"wp:featuredmedia":[{"embeddable":true,"href":"https:\/\/blogdoeloiltoncajuhy.com.br\/site\/wp-json\/wp\/v2\/media\/79260"}],"wp:attachment":[{"href":"https:\/\/blogdoeloiltoncajuhy.com.br\/site\/wp-json\/wp\/v2\/media?parent=79259"}],"wp:term":[{"taxonomy":"category","embeddable":true,"href":"https:\/\/blogdoeloiltoncajuhy.com.br\/site\/wp-json\/wp\/v2\/categories?post=79259"},{"taxonomy":"post_tag","embeddable":true,"href":"https:\/\/blogdoeloiltoncajuhy.com.br\/site\/wp-json\/wp\/v2\/tags?post=79259"}],"curies":[{"name":"wp","href":"https:\/\/api.w.org\/{rel}","templated":true}]}}