{"id":79257,"date":"2024-02-17T08:55:48","date_gmt":"2024-02-17T11:55:48","guid":{"rendered":"https:\/\/blogdoeloiltoncajuhy.com.br\/site\/?p=79257"},"modified":"2024-02-17T08:55:50","modified_gmt":"2024-02-17T11:55:50","slug":"formacao-de-professores-em-neuroeducacao-abre-10-mil-vagas-gratuitas","status":"publish","type":"post","link":"https:\/\/blogdoeloiltoncajuhy.com.br\/site\/formacao-de-professores-em-neuroeducacao-abre-10-mil-vagas-gratuitas\/","title":{"rendered":"Forma\u00e7\u00e3o de Professores em Neuroeduca\u00e7\u00e3o abre 10 mil vagas gratuitas"},"content":{"rendered":"\n<p><strong>Horabrasil<\/strong><\/p>\n\n\n\n<figure class=\"wp-block-image aligncenter size-large is-resized\"><a href=\"https:\/\/i0.wp.com\/blogdoeloiltoncajuhy.com.br\/site\/wp-content\/uploads\/2019\/03\/Jaguarari_EncontroProfessores_02.jpeg\"><img data-recalc-dims=\"1\" fetchpriority=\"high\" decoding=\"async\" width=\"800\" height=\"533\" src=\"https:\/\/i0.wp.com\/blogdoeloiltoncajuhy.com.br\/site\/wp-content\/uploads\/2019\/03\/Jaguarari_EncontroProfessores_02.jpeg?resize=800%2C533\" alt=\"\" class=\"wp-image-32067\" style=\"width:674px;height:auto\" srcset=\"https:\/\/i0.wp.com\/blogdoeloiltoncajuhy.com.br\/site\/wp-content\/uploads\/2019\/03\/Jaguarari_EncontroProfessores_02.jpeg?resize=1024%2C682&amp;ssl=1 1024w, https:\/\/i0.wp.com\/blogdoeloiltoncajuhy.com.br\/site\/wp-content\/uploads\/2019\/03\/Jaguarari_EncontroProfessores_02.jpeg?resize=300%2C200&amp;ssl=1 300w, https:\/\/i0.wp.com\/blogdoeloiltoncajuhy.com.br\/site\/wp-content\/uploads\/2019\/03\/Jaguarari_EncontroProfessores_02.jpeg?resize=768%2C512&amp;ssl=1 768w, https:\/\/i0.wp.com\/blogdoeloiltoncajuhy.com.br\/site\/wp-content\/uploads\/2019\/03\/Jaguarari_EncontroProfessores_02.jpeg?resize=250%2C167&amp;ssl=1 250w, https:\/\/i0.wp.com\/blogdoeloiltoncajuhy.com.br\/site\/wp-content\/uploads\/2019\/03\/Jaguarari_EncontroProfessores_02.jpeg?w=1280&amp;ssl=1 1280w\" sizes=\"(max-width: 800px) 100vw, 800px\" \/><\/a><figcaption class=\"wp-element-caption\"><sub>Foto: Arquivo\/Prefeitura de Jaguarari-BA<\/sub><\/figcaption><\/figure>\n\n\n\n<p>O Minist\u00e9rio da Educa\u00e7\u00e3o abriu mais 10 mil vagas gratuitas na Forma\u00e7\u00e3o de Professores em Neuroeduca\u00e7\u00e3o, sendo 5 mil na turma 13 e 5 mil na turma 14. As vagas ser\u00e3o preenchidas por ordem de inscri\u00e7\u00e3o.<\/p>\n\n\n\n<p>O curso \u00e9 totalmente virtual e oferece certificado gratuito para as pessoas que finalizarem os estudos em, no m\u00ednimo, 30 dias e, no m\u00e1ximo, 320 dias, e tiverem bom aproveitamento. Nesse per\u00edodo, o aluno ter\u00e1 acesso a aulas e apostilas sobre os seguintes <strong><mark style=\"background-color:rgba(0, 0, 0, 0)\" class=\"has-inline-color has-black-color\">temas:<\/mark><\/strong><\/p>\n\n\n\n<ul class=\"wp-block-list\">\n<li><strong><mark style=\"background-color:rgba(0, 0, 0, 0)\" class=\"has-inline-color has-black-color\">M\u00f3dulo I<\/mark><\/strong> \u2013 Introdu\u00e7\u00e3o ao estudo da neuroci\u00eancia aplicada \u00e0 educa\u00e7\u00e3o: a neuroeduca\u00e7\u00e3o<\/li>\n\n\n\n<li><strong><mark style=\"background-color:rgba(0, 0, 0, 0)\" class=\"has-inline-color has-black-color\">M\u00f3dulo II<\/mark><\/strong> \u2013 A neuroci\u00eancia e as demandas da educa\u00e7\u00e3o infantil<\/li>\n\n\n\n<li><strong><mark style=\"background-color:rgba(0, 0, 0, 0)\" class=\"has-inline-color has-black-color\">M\u00f3dulo III<\/mark><\/strong> \u2013 A neuroci\u00eancia e as demandas do ensino fundamental<\/li>\n\n\n\n<li><strong><mark style=\"background-color:rgba(0, 0, 0, 0)\" class=\"has-inline-color has-black-color\">M\u00f3dulo IV<\/mark><\/strong> \u2013 A neuroci\u00eancia e as demandas do ensino m\u00e9dio<\/li>\n\n\n\n<li><strong><mark style=\"background-color:rgba(0, 0, 0, 0)\" class=\"has-inline-color has-black-color\">M\u00f3dulo V<\/mark><\/strong> \u2013 A neuroci\u00eancia e as demandas do ensino de jovens e adultos<\/li>\n<\/ul>\n\n\n\n<p><\/p>\n\n\n\n<p>O curso online tem carga hor\u00e1ria de 200 horas e, como n\u00e3o tem acompanhamento de tutor, pode ser feito a qualquer hor\u00e1rio, de acordo com a disponibilidade do aluno.<\/p>\n\n\n\n<h2 class=\"wp-block-heading\"><strong><mark style=\"background-color:rgba(0, 0, 0, 0)\" class=\"has-inline-color has-black-color\">Inscri\u00e7\u00f5es<\/mark><\/strong><\/h2>\n\n\n\n<p>Interessados podem se matricular pelo site <a href=\"https:\/\/avamec.mec.gov.br\/#\/instituicao\/seb\/curso\/15577\/informacoes\" data-type=\"link\" data-id=\"https:\/\/avamec.mec.gov.br\/#\/instituicao\/seb\/curso\/15577\/informacoes\"><strong><mark style=\"background-color:rgba(0, 0, 0, 0)\" class=\"has-inline-color has-vivid-cyan-blue-color\">https:\/\/avamec.mec.gov.br\/#\/instituicao\/seb\/curso\/15577\/informacoes<\/mark><\/strong><\/a>. No mesmo endere\u00e7o eletr\u00f4nico \u00e9 poss\u00edvel obter mais informa\u00e7\u00f5es.<\/p>\n","protected":false},"excerpt":{"rendered":"<p>Horabrasil O Minist\u00e9rio da Educa\u00e7\u00e3o abriu mais 10 mil vagas gratuitas na Forma\u00e7\u00e3o de Professores em Neuroeduca\u00e7\u00e3o, sendo 5 mil na turma 13 e 5 mil na turma 14. As vagas ser\u00e3o preenchidas por ordem de inscri\u00e7\u00e3o. O curso \u00e9 totalmente virtual e oferece certificado gratuito para as pessoas que finalizarem os estudos em, no [&hellip;]<\/p>\n","protected":false},"author":2,"featured_media":18783,"comment_status":"open","ping_status":"open","sticky":false,"template":"","format":"standard","meta":{"_acf_changed":false,"_monsterinsights_skip_tracking":false,"_monsterinsights_sitenote_active":false,"_monsterinsights_sitenote_note":"","_monsterinsights_sitenote_category":0,"_jetpack_memberships_contains_paid_content":false,"footnotes":"","jetpack_publicize_message":"","jetpack_publicize_feature_enabled":true,"jetpack_social_post_already_shared":true,"jetpack_social_options":{"image_generator_settings":{"template":"highway","default_image_id":0,"font":"","enabled":false},"version":2}},"categories":[32],"tags":[],"class_list":["post-79257","post","type-post","status-publish","format-standard","has-post-thumbnail","hentry","category-emprego"],"acf":[],"jetpack_publicize_connections":[],"jetpack_featured_media_url":"https:\/\/i0.wp.com\/blogdoeloiltoncajuhy.com.br\/site\/wp-content\/uploads\/2017\/07\/professores-em-atividade-e1500295566872.jpg?fit=560%2C362&ssl=1","jetpack_sharing_enabled":true,"publishpress_future_workflow_manual_trigger":{"enabledWorkflows":[]},"_links":{"self":[{"href":"https:\/\/blogdoeloiltoncajuhy.com.br\/site\/wp-json\/wp\/v2\/posts\/79257","targetHints":{"allow":["GET"]}}],"collection":[{"href":"https:\/\/blogdoeloiltoncajuhy.com.br\/site\/wp-json\/wp\/v2\/posts"}],"about":[{"href":"https:\/\/blogdoeloiltoncajuhy.com.br\/site\/wp-json\/wp\/v2\/types\/post"}],"author":[{"embeddable":true,"href":"https:\/\/blogdoeloiltoncajuhy.com.br\/site\/wp-json\/wp\/v2\/users\/2"}],"replies":[{"embeddable":true,"href":"https:\/\/blogdoeloiltoncajuhy.com.br\/site\/wp-json\/wp\/v2\/comments?post=79257"}],"version-history":[{"count":1,"href":"https:\/\/blogdoeloiltoncajuhy.com.br\/site\/wp-json\/wp\/v2\/posts\/79257\/revisions"}],"predecessor-version":[{"id":79258,"href":"https:\/\/blogdoeloiltoncajuhy.com.br\/site\/wp-json\/wp\/v2\/posts\/79257\/revisions\/79258"}],"wp:featuredmedia":[{"embeddable":true,"href":"https:\/\/blogdoeloiltoncajuhy.com.br\/site\/wp-json\/wp\/v2\/media\/18783"}],"wp:attachment":[{"href":"https:\/\/blogdoeloiltoncajuhy.com.br\/site\/wp-json\/wp\/v2\/media?parent=79257"}],"wp:term":[{"taxonomy":"category","embeddable":true,"href":"https:\/\/blogdoeloiltoncajuhy.com.br\/site\/wp-json\/wp\/v2\/categories?post=79257"},{"taxonomy":"post_tag","embeddable":true,"href":"https:\/\/blogdoeloiltoncajuhy.com.br\/site\/wp-json\/wp\/v2\/tags?post=79257"}],"curies":[{"name":"wp","href":"https:\/\/api.w.org\/{rel}","templated":true}]}}