{"id":79246,"date":"2024-02-16T09:02:46","date_gmt":"2024-02-16T12:02:46","guid":{"rendered":"https:\/\/blogdoeloiltoncajuhy.com.br\/site\/?p=79246"},"modified":"2024-02-16T09:02:49","modified_gmt":"2024-02-16T12:02:49","slug":"aliados-de-peso-de-bolsonaro-desistem-ou-silenciam-sobre-ir-a-ato-na-paulista-veja-lista","status":"publish","type":"post","link":"https:\/\/blogdoeloiltoncajuhy.com.br\/site\/aliados-de-peso-de-bolsonaro-desistem-ou-silenciam-sobre-ir-a-ato-na-paulista-veja-lista\/","title":{"rendered":"Aliados de peso de Bolsonaro desistem ou silenciam sobre ir a ato na Paulista; veja lista"},"content":{"rendered":"\n<p class=\"has-medium-font-size\"><strong>Ex-presidente \u00e9 alvo de investiga\u00e7\u00e3o da Pol\u00edcia Federal sobre suposta tentativa de golpe para impedir posse de Lula.<\/strong><\/p>\n\n\n\n<p><strong>Folha de S.Paulo<\/strong><\/p>\n\n\n\n<figure class=\"wp-block-image aligncenter size-full is-resized\"><a href=\"https:\/\/i0.wp.com\/blogdoeloiltoncajuhy.com.br\/site\/wp-content\/uploads\/2024\/02\/Jair-Bolsonaro-em-2022-no-Palacio-da-Alvorada-Foto_Evaristo-Sa-AFP.png?ssl=1\"><img data-recalc-dims=\"1\" fetchpriority=\"high\" decoding=\"async\" width=\"782\" height=\"517\" src=\"https:\/\/i0.wp.com\/blogdoeloiltoncajuhy.com.br\/site\/wp-content\/uploads\/2024\/02\/Jair-Bolsonaro-em-2022-no-Palacio-da-Alvorada-Foto_Evaristo-Sa-AFP.png?resize=782%2C517&#038;ssl=1\" alt=\"\" class=\"wp-image-79247\" style=\"width:676px;height:auto\" srcset=\"https:\/\/i0.wp.com\/blogdoeloiltoncajuhy.com.br\/site\/wp-content\/uploads\/2024\/02\/Jair-Bolsonaro-em-2022-no-Palacio-da-Alvorada-Foto_Evaristo-Sa-AFP.png?w=782&amp;ssl=1 782w, https:\/\/i0.wp.com\/blogdoeloiltoncajuhy.com.br\/site\/wp-content\/uploads\/2024\/02\/Jair-Bolsonaro-em-2022-no-Palacio-da-Alvorada-Foto_Evaristo-Sa-AFP.png?resize=300%2C198&amp;ssl=1 300w, https:\/\/i0.wp.com\/blogdoeloiltoncajuhy.com.br\/site\/wp-content\/uploads\/2024\/02\/Jair-Bolsonaro-em-2022-no-Palacio-da-Alvorada-Foto_Evaristo-Sa-AFP.png?resize=768%2C508&amp;ssl=1 768w\" sizes=\"(max-width: 782px) 100vw, 782px\" \/><\/a><figcaption class=\"wp-element-caption\"><sub>O presidente Jair Bolsonaro, em 2022, no Pal\u00e1cio da Alvorada &#8211; Foto: Evaristo S\u00e1\/AFP<\/sub><\/figcaption><\/figure>\n\n\n\n<p>O chamado do ex-presidente Jair Bolsonaro (PL) para um ato em seu apoio na avenida Paulista, em S\u00e3o Paulo, no pr\u00f3ximo dia 25 de fevereiro, parece ainda n\u00e3o ter animado a maioria dos principais l\u00edderes pol\u00edticos que estiveram com ele na elei\u00e7\u00e3o de 2022.<\/p>\n\n\n\n<p>De 20 lideran\u00e7as procuradas pela <strong>Folha<\/strong>, entre eles senadores e governadores, apenas 3 confirmaram presen\u00e7a e 5 j\u00e1 disseram que n\u00e3o ir\u00e3o ao ato marcado em meio \u00e0s investiga\u00e7\u00f5es da Pol\u00edcia Federal sobre a atua\u00e7\u00e3o do ex-mandat\u00e1rio em uma trama golpista.<\/p>\n\n\n\n<p>Todos os demais silenciaram diante da pergunta da reportagem ou responderam que ainda n\u00e3o existe uma defini\u00e7\u00e3o de agenda para a data.<\/p>\n\n\n\n<p>No v\u00eddeo em que chama os apoiadores, Bolsonaro pede a eles que n\u00e3o levem faixas e cartazes contra ningu\u00e9m e fala em ato de apoio ao que chama de &#8220;Estado democr\u00e1tico de Direito&#8221;. &#8220;Nesse evento eu quero me defender de todas as acusa\u00e7\u00f5es que t\u00eam sido imputadas \u00e0 minha pessoa nos \u00faltimos meses&#8221;.<\/p>\n\n\n\n<figure class=\"wp-block-image aligncenter size-full\"><a href=\"https:\/\/i0.wp.com\/blogdoeloiltoncajuhy.com.br\/site\/wp-content\/uploads\/2024\/02\/Bolsonaro_Reproducao.png?ssl=1\"><img data-recalc-dims=\"1\" decoding=\"async\" width=\"784\" height=\"403\" src=\"https:\/\/i0.wp.com\/blogdoeloiltoncajuhy.com.br\/site\/wp-content\/uploads\/2024\/02\/Bolsonaro_Reproducao.png?resize=784%2C403&#038;ssl=1\" alt=\"\" class=\"wp-image-79248\" srcset=\"https:\/\/i0.wp.com\/blogdoeloiltoncajuhy.com.br\/site\/wp-content\/uploads\/2024\/02\/Bolsonaro_Reproducao.png?w=784&amp;ssl=1 784w, https:\/\/i0.wp.com\/blogdoeloiltoncajuhy.com.br\/site\/wp-content\/uploads\/2024\/02\/Bolsonaro_Reproducao.png?resize=300%2C154&amp;ssl=1 300w, https:\/\/i0.wp.com\/blogdoeloiltoncajuhy.com.br\/site\/wp-content\/uploads\/2024\/02\/Bolsonaro_Reproducao.png?resize=768%2C395&amp;ssl=1 768w\" sizes=\"(max-width: 784px) 100vw, 784px\" \/><\/a><figcaption class=\"wp-element-caption\"><sub>Bolsonaro convoca ministros para suposto ato golpista &#8211; Foto: reprodu\u00e7\u00e3o do v\u00eddeo da reuni\u00e3o ministerial<\/sub><\/figcaption><\/figure>\n\n\n\n<p>O governador de S\u00e3o Paulo, Tarc\u00edsio de Freitas (Republicanos), afirmou na quarta-feira (14) que ir\u00e1 \u00e0 manifesta\u00e7\u00e3o a favor do ex-presidente. &#8220;\u00c9 uma manifesta\u00e7\u00e3o pac\u00edfica a favor do [ex-] presidente, e estarei ao lado dele, como sempre estive&#8221;, afirmou o governador bolsonarista \u00e0 CNN Brasil.<\/p>\n\n\n\n<p>Caso seja processado e condenado pelos crimes de tentativa de golpe de Estado, tentativa de aboli\u00e7\u00e3o do Estado democr\u00e1tico de Direito e associa\u00e7\u00e3o criminosa, o ex-presidente poder\u00e1 pegar uma pena de at\u00e9 23 anos de pris\u00e3o e ficar ineleg\u00edvel por mais de 30 anos.<\/p>\n\n\n\n<p>Bolsonaro ainda n\u00e3o foi indiciado por esses delitos, mas as suspeitas sobre esses crimes levaram a Pol\u00edcia Federal a deflagrar uma opera\u00e7\u00e3o que mirou seus aliados na quinta-feira (8).<\/p>\n\n\n\n<p>O ex-presidente j\u00e1 foi condenado pelo TSE por ataques e mentiras sobre o sistema eleitoral e \u00e9 alvo de diferentes outras investiga\u00e7\u00f5es no Supremo Tribunal Federal (STF). Neste momento, ele est\u00e1 ineleg\u00edvel ao menos at\u00e9 2030.<\/p>\n\n\n\n<figure class=\"wp-block-image aligncenter size-full is-resized\"><a href=\"https:\/\/i0.wp.com\/blogdoeloiltoncajuhy.com.br\/site\/wp-content\/uploads\/2024\/02\/PF_operacao-de-8-de-fevereiro-Foto_Pedro-Ladeira-Folhapress.png?ssl=1\"><img data-recalc-dims=\"1\" decoding=\"async\" width=\"784\" height=\"523\" src=\"https:\/\/i0.wp.com\/blogdoeloiltoncajuhy.com.br\/site\/wp-content\/uploads\/2024\/02\/PF_operacao-de-8-de-fevereiro-Foto_Pedro-Ladeira-Folhapress.png?resize=784%2C523&#038;ssl=1\" alt=\"\" class=\"wp-image-79249\" style=\"width:703px;height:auto\" srcset=\"https:\/\/i0.wp.com\/blogdoeloiltoncajuhy.com.br\/site\/wp-content\/uploads\/2024\/02\/PF_operacao-de-8-de-fevereiro-Foto_Pedro-Ladeira-Folhapress.png?w=784&amp;ssl=1 784w, https:\/\/i0.wp.com\/blogdoeloiltoncajuhy.com.br\/site\/wp-content\/uploads\/2024\/02\/PF_operacao-de-8-de-fevereiro-Foto_Pedro-Ladeira-Folhapress.png?resize=300%2C200&amp;ssl=1 300w, https:\/\/i0.wp.com\/blogdoeloiltoncajuhy.com.br\/site\/wp-content\/uploads\/2024\/02\/PF_operacao-de-8-de-fevereiro-Foto_Pedro-Ladeira-Folhapress.png?resize=768%2C512&amp;ssl=1 768w\" sizes=\"(max-width: 784px) 100vw, 784px\" \/><\/a><figcaption class=\"wp-element-caption\"><sub>Pol\u00edcia Federal na opera\u00e7\u00e3o de 8 de fevereiro &#8211; Foto: Pedro Ladeira\/Folhapress<\/sub><\/figcaption><\/figure>\n\n\n\n<p>Entre alguns dos principais auxiliares e aliados de Bolsonaro que hoje est\u00e3o no Congresso, houve uma divis\u00e3o sobre o comparecimento ao ato do dia 25.<\/p>\n\n\n\n<p>As senadoras Tereza Cristina (PP-MS) e Damares Alves (Republicanos-DF), por exemplo, disseram que n\u00e3o v\u00e3o devido a compromissos j\u00e1 agendados para essa data. O de Tereza, relativo a uma agenda m\u00e9dica e cir\u00fargica, segundo sua assessoria. Damares n\u00e3o informou qual \u00e9 o compromisso.<\/p>\n\n\n\n<p>As duas compuseram o minist\u00e9rio de Bolsonaro, nas pastas de Agricultura e de Mulher, Fam\u00edlia e Direitos Humanos, respectivamente.<\/p>\n\n\n\n<p>J\u00e1 o senador Ciro Nogueira (PP-PI), ministro da Casa Civil de Bolsonaro, disse que vai ao evento e levar\u00e1 &#8220;toda sua fam\u00edlia&#8221; para, segundo ele, mostrar apoio ao ex-presidente &#8220;junto de milhares de brasileiros&#8221;.<\/p>\n\n\n\n<p>O senador Astronauta Marcos Pontes (PL-SP), por meio de sua assessoria, tamb\u00e9m confirmou presen\u00e7a.<\/p>\n\n\n\n<p>O ent\u00e3o vice de Bolsonaro, Hamilton Mour\u00e3o, hoje senador pelo Republicanos do Rio Grande do Sul, disse por meio da assessoria que n\u00e3o iria comentar o ato convocado por Bolsonaro.<\/p>\n\n\n\n<p>Ap\u00f3s a opera\u00e7\u00e3o da PF que mirou a suposta trama para um golpe de Estado liderado por Bolsonaro e militares de alta patente, Mour\u00e3o conclamou os atuais comandantes das For\u00e7as Armadas a n\u00e3o se omitirem contra a &#8220;condu\u00e7\u00e3o arbitr\u00e1ria de processos ilegais&#8221;. No dia seguinte, soltou nota recuando e se dizendo legalista.<\/p>\n\n\n\n<p>O presidente da C\u00e2mara, Arthur Lira (PP-AL), o prefeito paulistano Ricardo Nunes (MDB-SP) e o senador Sergio Moro (Uni\u00e3o Brasil-PR) n\u00e3o responderam \u00e0 pergunta da Folha.<\/p>\n\n\n\n<figure class=\"wp-block-image aligncenter size-full is-resized\"><a href=\"https:\/\/i0.wp.com\/blogdoeloiltoncajuhy.com.br\/site\/wp-content\/uploads\/2024\/02\/Bolsonaro_Foto_Gabriela-Bilo-Folhapress.png?ssl=1\"><img data-recalc-dims=\"1\" loading=\"lazy\" decoding=\"async\" width=\"781\" height=\"516\" src=\"https:\/\/i0.wp.com\/blogdoeloiltoncajuhy.com.br\/site\/wp-content\/uploads\/2024\/02\/Bolsonaro_Foto_Gabriela-Bilo-Folhapress.png?resize=781%2C516&#038;ssl=1\" alt=\"\" class=\"wp-image-79250\" style=\"width:693px;height:auto\" srcset=\"https:\/\/i0.wp.com\/blogdoeloiltoncajuhy.com.br\/site\/wp-content\/uploads\/2024\/02\/Bolsonaro_Foto_Gabriela-Bilo-Folhapress.png?w=781&amp;ssl=1 781w, https:\/\/i0.wp.com\/blogdoeloiltoncajuhy.com.br\/site\/wp-content\/uploads\/2024\/02\/Bolsonaro_Foto_Gabriela-Bilo-Folhapress.png?resize=300%2C198&amp;ssl=1 300w, https:\/\/i0.wp.com\/blogdoeloiltoncajuhy.com.br\/site\/wp-content\/uploads\/2024\/02\/Bolsonaro_Foto_Gabriela-Bilo-Folhapress.png?resize=768%2C507&amp;ssl=1 768w\" sizes=\"(max-width: 781px) 100vw, 781px\" \/><\/a><figcaption class=\"wp-element-caption\">Foto: Gabriela Bil\u00f3\/Folhapress<\/figcaption><\/figure>\n\n\n\n<h2 class=\"wp-block-heading\"><mark style=\"background-color:rgba(0, 0, 0, 0)\" class=\"has-inline-color has-black-color\">Governadores<\/mark><\/h2>\n\n\n\n<p>Os governadores Cl\u00e1udio Castro (PL-RJ), Ibaneis Rocha (MDB-DF), Mauro Mendes (Uni\u00e3o Brasil-MT), Marcos Rocha (Uni\u00e3o Brasil-RO), Ratinho Junior (PSD), Romeu Zema (Novo-MG), Ronaldo Caiado (Uni\u00e3o Brasil-GO) e Wilson Lima (Uni\u00e3o Brasil-AM) n\u00e3o responderam se ir\u00e3o ao ato.<\/p>\n\n\n\n<p>A assessoria do governador do Amazonas disse que a agenda dele para fevereiro ainda n\u00e3o est\u00e1 fechada. J\u00e1 a de Caiado afirmou que n\u00e3o &#8220;\u00e9 poss\u00edvel confirmar a agenda com tal anteced\u00eancia&#8221;.<\/p>\n\n\n\n<p>O entorno de Castro v\u00ea a agenda como um problema para o governador fluminense. Ele se mant\u00e9m aliado do ex-presidente, mas desde a campanha tem evitado abra\u00e7ar bandeiras extremistas.<\/p>\n\n\n\n<p>Outro agravante para o governador fluminense s\u00e3o as investiga\u00e7\u00f5es sobre ele em curso no Superior Tribunal de Justi\u00e7a (STJ). Castro tenta no STF anular a dela\u00e7\u00e3o que fundamenta parte das investiga\u00e7\u00f5es e teme as consequ\u00eancias de sua presen\u00e7a no ato na an\u00e1lise dos pedidos.<\/p>\n\n\n\n<p>O governador de Roraima, Antonio Denarium (PP), n\u00e3o ir\u00e1 ao ato. De acordo com sua assessoria, Denarium tem &#8220;uma vasta agenda de inaugura\u00e7\u00f5es e visitas a obras de educa\u00e7\u00e3o em \u00e1reas rurais e ind\u00edgenas&#8221;.<\/p>\n\n\n\n<p>Outra aus\u00eancia ser\u00e1 a de Jorginho Mello (PL). A assessoria do governador de Santa Catarina disse que o mandat\u00e1rio estar\u00e1 em viagem oficial na data. N\u00e3o foram informados detalhes sobre o compromisso.<\/p>\n\n\n\n<h2 class=\"wp-block-heading\"><mark style=\"background-color:rgba(0, 0, 0, 0)\" class=\"has-inline-color has-black-color\">N\u00e3o ir\u00e3o ao ato<br><\/mark><\/h2>\n\n\n\n<ul class=\"wp-block-list\">\n<li>Governador Jorginho Mello (PL-SC)<\/li>\n\n\n\n<li>Governador Antonio Denarium (PP-RR)<\/li>\n\n\n\n<li>Governador Gladson Cameli (PP-AC)<\/li>\n\n\n\n<li>Senadora Tereza Cristina (PP-MS)<\/li>\n\n\n\n<li>Senadora Damares Alves (Republicanos-DF)<\/li>\n<\/ul>\n\n\n\n<p><\/p>\n\n\n\n<h2 class=\"wp-block-heading\"><mark style=\"background-color:rgba(0, 0, 0, 0)\" class=\"has-inline-color has-black-color\">Presen\u00e7a confirmada<\/mark><br><\/h2>\n\n\n\n<p>Governador Tarc\u00edsio (Republicanos-SP)<br>Senador Ciro Nogueira (PP-PI), chefe da Casa Civil de Bolsonaro<br>Senador Marcos Pontes (PL-SP), ministro de Ci\u00eancia e Tecnologia de Bolsonaro (2019-2022)<\/p>\n\n\n\n<p><\/p>\n\n\n\n<h2 class=\"wp-block-heading\"><mark style=\"background-color:rgba(0, 0, 0, 0)\" class=\"has-inline-color has-black-color\">Indefinidos (ou n\u00e3o responderam)<\/mark><br><\/h2>\n\n\n\n<ul class=\"wp-block-list\">\n<li>Governador Cl\u00e1udio Castro (PL-RJ)<\/li>\n\n\n\n<li>Governador Ronaldo Caiado (Uni\u00e3o Brasil-GO)<\/li>\n\n\n\n<li>Governador Mauro Mendes (Uni\u00e3o Brasil-MT)<\/li>\n\n\n\n<li>Governador Marcos Rocha (Uni\u00e3o Brasil-RO)<\/li>\n\n\n\n<li>Governador Romeu Zema (Novo-MG)<\/li>\n\n\n\n<li>Governador Wilson Lima (Uni\u00e3o Brasil-AM)<\/li>\n\n\n\n<li>Governador Ratinho Jr. (PSD-PR)<\/li>\n\n\n\n<li>Governador Ibaneis Rocha (MDB-DF)<\/li>\n\n\n\n<li>Deputado Arthur Lira (PP-AL), presidente da C\u00e2mara<\/li>\n\n\n\n<li>Prefeito Ricardo Nunes (MDB-SP)<\/li>\n\n\n\n<li>Senador Hamilton Mour\u00e3o (Republicanos-RS), vice de Bolsonaro (2019-2022)<\/li>\n\n\n\n<li>Senador Sergio Moro (Uni\u00e3o Brasil-PR), ministro da Justi\u00e7a de Bolsonaro (2019-2020)<\/li>\n<\/ul>\n","protected":false},"excerpt":{"rendered":"<p>Ex-presidente \u00e9 alvo de investiga\u00e7\u00e3o da Pol\u00edcia Federal sobre suposta tentativa de golpe para impedir posse de Lula. Folha de S.Paulo O chamado do ex-presidente Jair Bolsonaro (PL) para um ato em seu apoio na avenida Paulista, em S\u00e3o Paulo, no pr\u00f3ximo dia 25 de fevereiro, parece ainda n\u00e3o ter animado a maioria dos principais [&hellip;]<\/p>\n","protected":false},"author":2,"featured_media":79247,"comment_status":"open","ping_status":"open","sticky":false,"template":"","format":"standard","meta":{"_acf_changed":false,"_monsterinsights_skip_tracking":false,"_monsterinsights_sitenote_active":false,"_monsterinsights_sitenote_note":"","_monsterinsights_sitenote_category":0,"_jetpack_memberships_contains_paid_content":false,"footnotes":"","jetpack_publicize_message":"","jetpack_publicize_feature_enabled":true,"jetpack_social_post_already_shared":true,"jetpack_social_options":{"image_generator_settings":{"template":"highway","default_image_id":0,"font":"","enabled":false},"version":2}},"categories":[3],"tags":[],"class_list":["post-79246","post","type-post","status-publish","format-standard","has-post-thumbnail","hentry","category-politica"],"acf":[],"jetpack_publicize_connections":[],"jetpack_featured_media_url":"https:\/\/i0.wp.com\/blogdoeloiltoncajuhy.com.br\/site\/wp-content\/uploads\/2024\/02\/Jair-Bolsonaro-em-2022-no-Palacio-da-Alvorada-Foto_Evaristo-Sa-AFP.png?fit=782%2C517&ssl=1","jetpack_sharing_enabled":true,"publishpress_future_workflow_manual_trigger":{"enabledWorkflows":[]},"_links":{"self":[{"href":"https:\/\/blogdoeloiltoncajuhy.com.br\/site\/wp-json\/wp\/v2\/posts\/79246","targetHints":{"allow":["GET"]}}],"collection":[{"href":"https:\/\/blogdoeloiltoncajuhy.com.br\/site\/wp-json\/wp\/v2\/posts"}],"about":[{"href":"https:\/\/blogdoeloiltoncajuhy.com.br\/site\/wp-json\/wp\/v2\/types\/post"}],"author":[{"embeddable":true,"href":"https:\/\/blogdoeloiltoncajuhy.com.br\/site\/wp-json\/wp\/v2\/users\/2"}],"replies":[{"embeddable":true,"href":"https:\/\/blogdoeloiltoncajuhy.com.br\/site\/wp-json\/wp\/v2\/comments?post=79246"}],"version-history":[{"count":1,"href":"https:\/\/blogdoeloiltoncajuhy.com.br\/site\/wp-json\/wp\/v2\/posts\/79246\/revisions"}],"predecessor-version":[{"id":79251,"href":"https:\/\/blogdoeloiltoncajuhy.com.br\/site\/wp-json\/wp\/v2\/posts\/79246\/revisions\/79251"}],"wp:featuredmedia":[{"embeddable":true,"href":"https:\/\/blogdoeloiltoncajuhy.com.br\/site\/wp-json\/wp\/v2\/media\/79247"}],"wp:attachment":[{"href":"https:\/\/blogdoeloiltoncajuhy.com.br\/site\/wp-json\/wp\/v2\/media?parent=79246"}],"wp:term":[{"taxonomy":"category","embeddable":true,"href":"https:\/\/blogdoeloiltoncajuhy.com.br\/site\/wp-json\/wp\/v2\/categories?post=79246"},{"taxonomy":"post_tag","embeddable":true,"href":"https:\/\/blogdoeloiltoncajuhy.com.br\/site\/wp-json\/wp\/v2\/tags?post=79246"}],"curies":[{"name":"wp","href":"https:\/\/api.w.org\/{rel}","templated":true}]}}