{"id":79227,"date":"2024-02-15T15:32:06","date_gmt":"2024-02-15T18:32:06","guid":{"rendered":"https:\/\/blogdoeloiltoncajuhy.com.br\/site\/?p=79227"},"modified":"2024-02-15T15:32:09","modified_gmt":"2024-02-15T18:32:09","slug":"apos-o-carnaval-setur-inicia-promocao-do-sao-joao-da-bahia","status":"publish","type":"post","link":"https:\/\/blogdoeloiltoncajuhy.com.br\/site\/apos-o-carnaval-setur-inicia-promocao-do-sao-joao-da-bahia\/","title":{"rendered":"Ap\u00f3s o Carnaval, Setur inicia promo\u00e7\u00e3o do S\u00e3o Jo\u00e3o da Bahia"},"content":{"rendered":"\n<p><strong>Ascom\/Setur-BA<\/strong><\/p>\n\n\n\n<figure class=\"wp-block-image aligncenter size-full is-resized\"><a href=\"https:\/\/i0.wp.com\/blogdoeloiltoncajuhy.com.br\/site\/wp-content\/uploads\/2024\/02\/GOVBA_Setur-inicia-promocao-do-Sao-Joao-da-Bahia-Foto-Eduardo-Bastos-SeturBA.png?ssl=1\"><img data-recalc-dims=\"1\" fetchpriority=\"high\" decoding=\"async\" width=\"800\" height=\"600\" src=\"https:\/\/i0.wp.com\/blogdoeloiltoncajuhy.com.br\/site\/wp-content\/uploads\/2024\/02\/GOVBA_Setur-inicia-promocao-do-Sao-Joao-da-Bahia-Foto-Eduardo-Bastos-SeturBA.png?resize=800%2C600&#038;ssl=1\" alt=\"\" class=\"wp-image-79228\" style=\"width:723px;height:auto\" srcset=\"https:\/\/i0.wp.com\/blogdoeloiltoncajuhy.com.br\/site\/wp-content\/uploads\/2024\/02\/GOVBA_Setur-inicia-promocao-do-Sao-Joao-da-Bahia-Foto-Eduardo-Bastos-SeturBA.png?w=900&amp;ssl=1 900w, https:\/\/i0.wp.com\/blogdoeloiltoncajuhy.com.br\/site\/wp-content\/uploads\/2024\/02\/GOVBA_Setur-inicia-promocao-do-Sao-Joao-da-Bahia-Foto-Eduardo-Bastos-SeturBA.png?resize=300%2C225&amp;ssl=1 300w, https:\/\/i0.wp.com\/blogdoeloiltoncajuhy.com.br\/site\/wp-content\/uploads\/2024\/02\/GOVBA_Setur-inicia-promocao-do-Sao-Joao-da-Bahia-Foto-Eduardo-Bastos-SeturBA.png?resize=768%2C576&amp;ssl=1 768w\" sizes=\"(max-width: 800px) 100vw, 800px\" \/><\/a><figcaption class=\"wp-element-caption\"><sub>Foto: Eduardo Bastos\/Setur-BA<\/sub><\/figcaption><\/figure>\n\n\n\n<p>Em agradecimento aos turistas pela escolha da Bahia no Carnaval e fazendo o convite para que eles retornem no S\u00e3o Jo\u00e3o, a Secretaria de Turismo do Estado (Setur-BA) realizou, na Quarta-feira de Cinzas (14), no aeroporto e na rodovi\u00e1ria de Salvador, a a\u00e7\u00e3o promocional \u201cAt\u00e9 Breve\u201d. A iniciativa segue, nesta quinta-feira (15), com banda de forr\u00f3 e dan\u00e7arinos, que interagem com passageiros nacionais e do exterior, durante o embarque, em clima de festa junina.<\/p>\n\n\n\n<p>\u201cQueremos mostrar que, al\u00e9m do Carnaval, a Bahia possui outra grande festa popular, rica em cultura e tradi\u00e7\u00e3o. O nosso S\u00e3o Jo\u00e3o \u00e9 o maior do Brasil, que acontece em mais de 400 munic\u00edpios baianos\u201d, explicou a coordenadora do Servi\u00e7o de Atendimento ao Turista (SAT), Tatiana Harfush.<\/p>\n\n\n\n<p>\u201c\u00c9 a quinta vez que venho \u00e0 Bahia. Adorei o Carnaval e deu vontade de conhecer o S\u00e3o Jo\u00e3o baiano. Soube que \u00e9 uma festa rom\u00e2ntica, com dan\u00e7a sensual\u201d, relatou a aposentada francesa Nicole Clement, de 65 anos.<\/p>\n\n\n\n<p>\u201cO Carnaval foi bom demais. Eu nunca passei o S\u00e3o Jo\u00e3o na Bahia, mas, depois dessa apresenta\u00e7\u00e3o animada, que me surpreendeu, estou disposto a aceitar o convite para voltar, em junho\u201d, pontuou o empres\u00e1rio Andr\u00e9 Pegorer, 40 anos, de Curitiba.<\/p>\n\n\n\n<p>\u201cA Bahia tem o melhor Carnaval do mundo. A energia \u00e9 indescrit\u00edvel. Vi muito policiamento e nenhuma briga. N\u00e3o conhe\u00e7o os festejos juninos daqui, mas esse show de forr\u00f3 no embarque \u00e9 um convite sedutor\u201d, afirmou a professora universit\u00e1ria L\u00edlian de Freitas, 47 anos, de S\u00e3o Paulo.<\/p>\n","protected":false},"excerpt":{"rendered":"<p>Ascom\/Setur-BA Em agradecimento aos turistas pela escolha da Bahia no Carnaval e fazendo o convite para que eles retornem no S\u00e3o Jo\u00e3o, a Secretaria de Turismo do Estado (Setur-BA) realizou, na Quarta-feira de Cinzas (14), no aeroporto e na rodovi\u00e1ria de Salvador, a a\u00e7\u00e3o promocional \u201cAt\u00e9 Breve\u201d. A iniciativa segue, nesta quinta-feira (15), com banda [&hellip;]<\/p>\n","protected":false},"author":2,"featured_media":79228,"comment_status":"open","ping_status":"open","sticky":false,"template":"","format":"standard","meta":{"_acf_changed":false,"_monsterinsights_skip_tracking":false,"_monsterinsights_sitenote_active":false,"_monsterinsights_sitenote_note":"","_monsterinsights_sitenote_category":0,"_jetpack_memberships_contains_paid_content":false,"footnotes":"","jetpack_publicize_message":"","jetpack_publicize_feature_enabled":true,"jetpack_social_post_already_shared":true,"jetpack_social_options":{"image_generator_settings":{"template":"highway","default_image_id":0,"font":"","enabled":false},"version":2}},"categories":[8],"tags":[],"class_list":["post-79227","post","type-post","status-publish","format-standard","has-post-thumbnail","hentry","category-cultura"],"acf":[],"jetpack_publicize_connections":[],"jetpack_featured_media_url":"https:\/\/i0.wp.com\/blogdoeloiltoncajuhy.com.br\/site\/wp-content\/uploads\/2024\/02\/GOVBA_Setur-inicia-promocao-do-Sao-Joao-da-Bahia-Foto-Eduardo-Bastos-SeturBA.png?fit=900%2C675&ssl=1","jetpack_sharing_enabled":true,"publishpress_future_workflow_manual_trigger":{"enabledWorkflows":[]},"_links":{"self":[{"href":"https:\/\/blogdoeloiltoncajuhy.com.br\/site\/wp-json\/wp\/v2\/posts\/79227","targetHints":{"allow":["GET"]}}],"collection":[{"href":"https:\/\/blogdoeloiltoncajuhy.com.br\/site\/wp-json\/wp\/v2\/posts"}],"about":[{"href":"https:\/\/blogdoeloiltoncajuhy.com.br\/site\/wp-json\/wp\/v2\/types\/post"}],"author":[{"embeddable":true,"href":"https:\/\/blogdoeloiltoncajuhy.com.br\/site\/wp-json\/wp\/v2\/users\/2"}],"replies":[{"embeddable":true,"href":"https:\/\/blogdoeloiltoncajuhy.com.br\/site\/wp-json\/wp\/v2\/comments?post=79227"}],"version-history":[{"count":1,"href":"https:\/\/blogdoeloiltoncajuhy.com.br\/site\/wp-json\/wp\/v2\/posts\/79227\/revisions"}],"predecessor-version":[{"id":79229,"href":"https:\/\/blogdoeloiltoncajuhy.com.br\/site\/wp-json\/wp\/v2\/posts\/79227\/revisions\/79229"}],"wp:featuredmedia":[{"embeddable":true,"href":"https:\/\/blogdoeloiltoncajuhy.com.br\/site\/wp-json\/wp\/v2\/media\/79228"}],"wp:attachment":[{"href":"https:\/\/blogdoeloiltoncajuhy.com.br\/site\/wp-json\/wp\/v2\/media?parent=79227"}],"wp:term":[{"taxonomy":"category","embeddable":true,"href":"https:\/\/blogdoeloiltoncajuhy.com.br\/site\/wp-json\/wp\/v2\/categories?post=79227"},{"taxonomy":"post_tag","embeddable":true,"href":"https:\/\/blogdoeloiltoncajuhy.com.br\/site\/wp-json\/wp\/v2\/tags?post=79227"}],"curies":[{"name":"wp","href":"https:\/\/api.w.org\/{rel}","templated":true}]}}