{"id":79224,"date":"2024-02-16T20:00:00","date_gmt":"2024-02-16T23:00:00","guid":{"rendered":"https:\/\/blogdoeloiltoncajuhy.com.br\/site\/?p=79224"},"modified":"2024-02-15T15:20:26","modified_gmt":"2024-02-15T18:20:26","slug":"pensar-e-bom","status":"publish","type":"post","link":"https:\/\/blogdoeloiltoncajuhy.com.br\/site\/pensar-e-bom\/","title":{"rendered":"Pensar \u00e9 bom?"},"content":{"rendered":"\n<p><strong>Blog do Eloilton Cajuhy<\/strong><\/p>\n\n\n\n<figure class=\"wp-block-image aligncenter size-full is-resized\"><a href=\"https:\/\/i0.wp.com\/blogdoeloiltoncajuhy.com.br\/site\/wp-content\/uploads\/2024\/02\/Imagem-pensar-reflexao-150224.jpg?ssl=1\"><img data-recalc-dims=\"1\" fetchpriority=\"high\" decoding=\"async\" width=\"800\" height=\"450\" src=\"https:\/\/i0.wp.com\/blogdoeloiltoncajuhy.com.br\/site\/wp-content\/uploads\/2024\/02\/Imagem-pensar-reflexao-150224.jpg?resize=800%2C450&#038;ssl=1\" alt=\"\" class=\"wp-image-79225\" style=\"width:672px;height:auto\" srcset=\"https:\/\/i0.wp.com\/blogdoeloiltoncajuhy.com.br\/site\/wp-content\/uploads\/2024\/02\/Imagem-pensar-reflexao-150224.jpg?w=900&amp;ssl=1 900w, https:\/\/i0.wp.com\/blogdoeloiltoncajuhy.com.br\/site\/wp-content\/uploads\/2024\/02\/Imagem-pensar-reflexao-150224.jpg?resize=300%2C169&amp;ssl=1 300w, https:\/\/i0.wp.com\/blogdoeloiltoncajuhy.com.br\/site\/wp-content\/uploads\/2024\/02\/Imagem-pensar-reflexao-150224.jpg?resize=768%2C432&amp;ssl=1 768w\" sizes=\"(max-width: 800px) 100vw, 800px\" \/><\/a><figcaption class=\"wp-element-caption\"><sub>Reprodu\u00e7\u00e3o<\/sub><\/figcaption><\/figure>\n\n\n\n<p>Pensar com consci\u00eancia cr\u00edtica \u00e9 \u00f3timo. Mas, pensar demais sem gerenciamento, \u00e9 uma bomba contra a sa\u00fade emocional. Essa bomba tem que ser desarmada, caso contr\u00e1rio, nos tornamos nossos maiores carrascos.<\/p>\n\n\n\n<p>Voc\u00ea n\u00e3o teria coragem de deixar o seu carro ligado 24h por dia. Por\u00e9m, voc\u00ea deixa a sua mente ligada. Uma mente que n\u00e3o se desliga \u00e9 uma mente que consome irresponsavelmente energia de um outro planeta: a emo\u00e7\u00e3o.<\/p>\n\n\n\n<p>Oitenta por cento das pessoas apresentam sintomas que refletem o seu c\u00e9rebro e ele n\u00e3o suporta mais o n\u00edvel de ansiedade. Dores de cabe\u00e7as, dores musculares, queda de cabelos e outros sintomas refletem gritos de alerta de milh\u00f5es de c\u00e9lulas suplicando &#8220;n\u00e3o d\u00e1 mais, voc\u00ea tem que mudar seu estilo de vida&#8221;.<\/p>\n\n\n\n<p>Mas n\u00e3o nos ouvimos. N\u00e3o prestamos aten\u00e7\u00e3o aos avisos do nosso corpo de que estamos em um processo de fal\u00eancia f\u00edsica e emocional. Agora, eu pergunto: at\u00e9 quando voc\u00ea vai continuar ignorando os gritos de socorro do seu corpo, da sua mente? Chega de menosprezar a sa\u00fade da sua mente!<\/p>\n\n\n\n<p>Vamos Meditar!<\/p>\n\n\n\n<p><strong><mark style=\"background-color:rgba(0, 0, 0, 0)\" class=\"has-inline-color has-black-color\">Augusto Cury<\/mark><\/strong><\/p>\n","protected":false},"excerpt":{"rendered":"<p>Blog do Eloilton Cajuhy Pensar com consci\u00eancia cr\u00edtica \u00e9 \u00f3timo. Mas, pensar demais sem gerenciamento, \u00e9 uma bomba contra a sa\u00fade emocional. Essa bomba tem que ser desarmada, caso contr\u00e1rio, nos tornamos nossos maiores carrascos. Voc\u00ea n\u00e3o teria coragem de deixar o seu carro ligado 24h por dia. Por\u00e9m, voc\u00ea deixa a sua mente ligada. [&hellip;]<\/p>\n","protected":false},"author":2,"featured_media":79225,"comment_status":"open","ping_status":"open","sticky":false,"template":"","format":"standard","meta":{"_acf_changed":false,"_monsterinsights_skip_tracking":false,"_monsterinsights_sitenote_active":false,"_monsterinsights_sitenote_note":"","_monsterinsights_sitenote_category":0,"_jetpack_memberships_contains_paid_content":false,"footnotes":"","jetpack_publicize_message":"","jetpack_publicize_feature_enabled":true,"jetpack_social_post_already_shared":true,"jetpack_social_options":{"image_generator_settings":{"template":"highway","default_image_id":0,"font":"","enabled":false},"version":2}},"categories":[9],"tags":[],"class_list":["post-79224","post","type-post","status-publish","format-standard","has-post-thumbnail","hentry","category-reflexao"],"acf":[],"jetpack_publicize_connections":[],"jetpack_featured_media_url":"https:\/\/i0.wp.com\/blogdoeloiltoncajuhy.com.br\/site\/wp-content\/uploads\/2024\/02\/Imagem-pensar-reflexao-150224.jpg?fit=900%2C506&ssl=1","jetpack_sharing_enabled":true,"publishpress_future_workflow_manual_trigger":{"enabledWorkflows":[]},"_links":{"self":[{"href":"https:\/\/blogdoeloiltoncajuhy.com.br\/site\/wp-json\/wp\/v2\/posts\/79224","targetHints":{"allow":["GET"]}}],"collection":[{"href":"https:\/\/blogdoeloiltoncajuhy.com.br\/site\/wp-json\/wp\/v2\/posts"}],"about":[{"href":"https:\/\/blogdoeloiltoncajuhy.com.br\/site\/wp-json\/wp\/v2\/types\/post"}],"author":[{"embeddable":true,"href":"https:\/\/blogdoeloiltoncajuhy.com.br\/site\/wp-json\/wp\/v2\/users\/2"}],"replies":[{"embeddable":true,"href":"https:\/\/blogdoeloiltoncajuhy.com.br\/site\/wp-json\/wp\/v2\/comments?post=79224"}],"version-history":[{"count":1,"href":"https:\/\/blogdoeloiltoncajuhy.com.br\/site\/wp-json\/wp\/v2\/posts\/79224\/revisions"}],"predecessor-version":[{"id":79226,"href":"https:\/\/blogdoeloiltoncajuhy.com.br\/site\/wp-json\/wp\/v2\/posts\/79224\/revisions\/79226"}],"wp:featuredmedia":[{"embeddable":true,"href":"https:\/\/blogdoeloiltoncajuhy.com.br\/site\/wp-json\/wp\/v2\/media\/79225"}],"wp:attachment":[{"href":"https:\/\/blogdoeloiltoncajuhy.com.br\/site\/wp-json\/wp\/v2\/media?parent=79224"}],"wp:term":[{"taxonomy":"category","embeddable":true,"href":"https:\/\/blogdoeloiltoncajuhy.com.br\/site\/wp-json\/wp\/v2\/categories?post=79224"},{"taxonomy":"post_tag","embeddable":true,"href":"https:\/\/blogdoeloiltoncajuhy.com.br\/site\/wp-json\/wp\/v2\/tags?post=79224"}],"curies":[{"name":"wp","href":"https:\/\/api.w.org\/{rel}","templated":true}]}}