{"id":79221,"date":"2024-02-15T08:49:50","date_gmt":"2024-02-15T11:49:50","guid":{"rendered":"https:\/\/blogdoeloiltoncajuhy.com.br\/site\/?p=79221"},"modified":"2024-02-15T08:49:52","modified_gmt":"2024-02-15T11:49:52","slug":"concurso-codevasf-tera-58-vagas-e-define-banca-para-novo-edital","status":"publish","type":"post","link":"https:\/\/blogdoeloiltoncajuhy.com.br\/site\/concurso-codevasf-tera-58-vagas-e-define-banca-para-novo-edital\/","title":{"rendered":"Concurso Codevasf ter\u00e1 58 vagas e define banca para novo edital"},"content":{"rendered":"\n<p><strong>Folha Dirigida<\/strong><\/p>\n\n\n\n<figure class=\"wp-block-image aligncenter size-full is-resized\"><a href=\"https:\/\/i0.wp.com\/blogdoeloiltoncajuhy.com.br\/site\/wp-content\/uploads\/2024\/02\/codevasf-foto-cassio-moreira.jpg?ssl=1\"><img data-recalc-dims=\"1\" fetchpriority=\"high\" decoding=\"async\" width=\"800\" height=\"530\" src=\"https:\/\/i0.wp.com\/blogdoeloiltoncajuhy.com.br\/site\/wp-content\/uploads\/2024\/02\/codevasf-foto-cassio-moreira.jpg?resize=800%2C530&#038;ssl=1\" alt=\"\" class=\"wp-image-79222\" style=\"width:647px;height:auto\" srcset=\"https:\/\/i0.wp.com\/blogdoeloiltoncajuhy.com.br\/site\/wp-content\/uploads\/2024\/02\/codevasf-foto-cassio-moreira.jpg?w=860&amp;ssl=1 860w, https:\/\/i0.wp.com\/blogdoeloiltoncajuhy.com.br\/site\/wp-content\/uploads\/2024\/02\/codevasf-foto-cassio-moreira.jpg?resize=300%2C199&amp;ssl=1 300w, https:\/\/i0.wp.com\/blogdoeloiltoncajuhy.com.br\/site\/wp-content\/uploads\/2024\/02\/codevasf-foto-cassio-moreira.jpg?resize=768%2C509&amp;ssl=1 768w\" sizes=\"(max-width: 800px) 100vw, 800px\" \/><\/a><figcaption class=\"wp-element-caption\"><sub>Codevasf confirma novo concurso com mais de 50 vagas &#8211; Foto: C\u00e1ssio Moreira\/Codevasf<\/sub><\/figcaption><\/figure>\n\n\n\n<p>Est\u00e1 confirmada a realiza\u00e7\u00e3o de um novo concurso Codevasf. A Companhia de Desenvolvimento dos Vales do S\u00e3o Francisco e Parna\u00edba vai preencher 58 vagas efetivas e j\u00e1 definiu a banca organizadora que ficar\u00e1 respons\u00e1vel pela sele\u00e7\u00e3o.<\/p>\n\n\n\n<p>Por meio de dispensa de licita\u00e7\u00e3o, o Cebraspe foi o escolhido para receber as inscri\u00e7\u00f5es e aplicar as provas. O parecer jur\u00eddico, que atesta disponibilidade or\u00e7ament\u00e1ria para contratar a banca, j\u00e1 foi oficializado.<\/p>\n\n\n\n<p>As 58 vagas ser\u00e3o em cargos de n\u00edvel superior, ainda n\u00e3o definidos. Al\u00e9m disso, tamb\u00e9m haver\u00e1 a forma\u00e7\u00e3o de cadastro de reserva, que poder\u00e1 ser preenchido durante todo o prazo de validade.<\/p>\n\n\n\n<h2 class=\"wp-block-heading\"><strong><mark style=\"background-color:rgba(0, 0, 0, 0)\" class=\"has-inline-color has-black-color\">Quando ser\u00e1 publicado o edital?<\/mark><\/strong><\/h2>\n\n\n\n<p>Questionada sobre o prazo de publica\u00e7\u00e3o do edital do concurso, a companhia revelou que ainda n\u00e3o h\u00e1 datas pr\u00e9-estabelecidas.<\/p>\n\n\n\n<p class=\"has-text-align-center has-medium-font-size\"><strong><mark style=\"background-color:rgba(0, 0, 0, 0)\" class=\"has-inline-color has-black-color\">&#8220;Apesar de haver o ato autorizativo, o poss\u00edvel certame ainda est\u00e1 em momento preparat\u00f3rio&#8221;, disse a Codevasf.<\/mark><\/strong><\/p>\n\n\n\n<p>O pr\u00f3ximo passo ser\u00e1 a assinatura do contrato com a banca.<\/p>\n\n\n\n<p>A Codevasf \u00e9 uma empresa p\u00fablica vinculada ao Minist\u00e9rio da Integra\u00e7\u00e3o e Desenvolvimento Regional (MIDR), de Administra\u00e7\u00e3o Indireta e que funciona por meio dos regimes das Leis Trabalhistas (CLT).<\/p>\n\n\n\n<p>De acordo com a Companhia, uma portaria publicada em abril de 2023 fixou o limite para o quadro de pessoal pr\u00f3prio da companhia em 2.107 vagas, sendo 2.097 do quadro permanente.<\/p>\n\n\n\n<p>O \u00f3rg\u00e3o revelou que, atualmente, o seu o quadro de pessoal conta com 1.902 empregados, sendo assim, s\u00e3o 205 postos que est\u00e3o vagos e podem ser preenchidos.<\/p>\n","protected":false},"excerpt":{"rendered":"<p>Folha Dirigida Est\u00e1 confirmada a realiza\u00e7\u00e3o de um novo concurso Codevasf. A Companhia de Desenvolvimento dos Vales do S\u00e3o Francisco e Parna\u00edba vai preencher 58 vagas efetivas e j\u00e1 definiu a banca organizadora que ficar\u00e1 respons\u00e1vel pela sele\u00e7\u00e3o. Por meio de dispensa de licita\u00e7\u00e3o, o Cebraspe foi o escolhido para receber as inscri\u00e7\u00f5es e aplicar [&hellip;]<\/p>\n","protected":false},"author":2,"featured_media":79222,"comment_status":"open","ping_status":"open","sticky":false,"template":"","format":"standard","meta":{"_acf_changed":false,"_monsterinsights_skip_tracking":false,"_monsterinsights_sitenote_active":false,"_monsterinsights_sitenote_note":"","_monsterinsights_sitenote_category":0,"_jetpack_memberships_contains_paid_content":false,"footnotes":"","jetpack_publicize_message":"","jetpack_publicize_feature_enabled":true,"jetpack_social_post_already_shared":true,"jetpack_social_options":{"image_generator_settings":{"template":"highway","default_image_id":0,"font":"","enabled":false},"version":2}},"categories":[32],"tags":[],"class_list":["post-79221","post","type-post","status-publish","format-standard","has-post-thumbnail","hentry","category-emprego"],"acf":[],"jetpack_publicize_connections":[],"jetpack_featured_media_url":"https:\/\/i0.wp.com\/blogdoeloiltoncajuhy.com.br\/site\/wp-content\/uploads\/2024\/02\/codevasf-foto-cassio-moreira.jpg?fit=860%2C570&ssl=1","jetpack_sharing_enabled":true,"publishpress_future_workflow_manual_trigger":{"enabledWorkflows":[]},"_links":{"self":[{"href":"https:\/\/blogdoeloiltoncajuhy.com.br\/site\/wp-json\/wp\/v2\/posts\/79221","targetHints":{"allow":["GET"]}}],"collection":[{"href":"https:\/\/blogdoeloiltoncajuhy.com.br\/site\/wp-json\/wp\/v2\/posts"}],"about":[{"href":"https:\/\/blogdoeloiltoncajuhy.com.br\/site\/wp-json\/wp\/v2\/types\/post"}],"author":[{"embeddable":true,"href":"https:\/\/blogdoeloiltoncajuhy.com.br\/site\/wp-json\/wp\/v2\/users\/2"}],"replies":[{"embeddable":true,"href":"https:\/\/blogdoeloiltoncajuhy.com.br\/site\/wp-json\/wp\/v2\/comments?post=79221"}],"version-history":[{"count":1,"href":"https:\/\/blogdoeloiltoncajuhy.com.br\/site\/wp-json\/wp\/v2\/posts\/79221\/revisions"}],"predecessor-version":[{"id":79223,"href":"https:\/\/blogdoeloiltoncajuhy.com.br\/site\/wp-json\/wp\/v2\/posts\/79221\/revisions\/79223"}],"wp:featuredmedia":[{"embeddable":true,"href":"https:\/\/blogdoeloiltoncajuhy.com.br\/site\/wp-json\/wp\/v2\/media\/79222"}],"wp:attachment":[{"href":"https:\/\/blogdoeloiltoncajuhy.com.br\/site\/wp-json\/wp\/v2\/media?parent=79221"}],"wp:term":[{"taxonomy":"category","embeddable":true,"href":"https:\/\/blogdoeloiltoncajuhy.com.br\/site\/wp-json\/wp\/v2\/categories?post=79221"},{"taxonomy":"post_tag","embeddable":true,"href":"https:\/\/blogdoeloiltoncajuhy.com.br\/site\/wp-json\/wp\/v2\/tags?post=79221"}],"curies":[{"name":"wp","href":"https:\/\/api.w.org\/{rel}","templated":true}]}}