{"id":7921,"date":"2016-02-26T09:45:18","date_gmt":"2016-02-26T12:45:18","guid":{"rendered":"http:\/\/blogdoeloiltoncajuhy.com.br\/site\/?p=7921"},"modified":"2016-02-26T09:45:18","modified_gmt":"2016-02-26T12:45:18","slug":"gente-que-faz-historia-hoje-e-aniversario-de-maria-creuza","status":"publish","type":"post","link":"https:\/\/blogdoeloiltoncajuhy.com.br\/site\/gente-que-faz-historia-hoje-e-aniversario-de-maria-creuza\/","title":{"rendered":"GENTE QUE FAZ HIST\u00d3RIA &#8211; Hoje \u00e9 anivers\u00e1rio de Maria Creuza"},"content":{"rendered":"<p><strong>Maria Creuza Silva Lima<\/strong>, cantora, nasceu em Esplanada, Bahia, em 26\/2\/1944. Mudou-se com a fam\u00edlia para Salvador com dois anos e foi durante o curso ginasial, no Col\u00e9gio Ipiranga, que passou a se interessar por m\u00fasica, nas aulas de canto.<\/p>\n<p><a href=\"https:\/\/i0.wp.com\/blogdoeloiltoncajuhy.com.br\/site\/wp-content\/uploads\/2016\/02\/maria-creuza1.jpg\" rel=\"attachment wp-att-7922\"><img data-recalc-dims=\"1\" fetchpriority=\"high\" decoding=\"async\" class=\"alignleft wp-image-7922 size-medium\" src=\"https:\/\/i0.wp.com\/blogdoeloiltoncajuhy.com.br\/site\/wp-content\/uploads\/2016\/02\/maria-creuza1.jpg?resize=300%2C199\" alt=\"maria-creuza1\" width=\"300\" height=\"199\" srcset=\"https:\/\/i0.wp.com\/blogdoeloiltoncajuhy.com.br\/site\/wp-content\/uploads\/2016\/02\/maria-creuza1.jpg?resize=300%2C199&amp;ssl=1 300w, https:\/\/i0.wp.com\/blogdoeloiltoncajuhy.com.br\/site\/wp-content\/uploads\/2016\/02\/maria-creuza1.jpg?resize=250%2C166&amp;ssl=1 250w, https:\/\/i0.wp.com\/blogdoeloiltoncajuhy.com.br\/site\/wp-content\/uploads\/2016\/02\/maria-creuza1.jpg?w=510&amp;ssl=1 510w\" sizes=\"(max-width: 300px) 100vw, 300px\" \/><\/a>Aos 15 anos formou um conjunto de mo\u00e7as, Les Girls, de curta dura\u00e7\u00e3o, onde se destacava como crooner, o que lhe permitiu entrar em contato com o meio musical, sendo convidada, aos 16 anos, para cantar em alguns programas das r\u00e1dios baianas.<\/p>\n<p>A partir da\u00ed, tornou-se conhecida em Salvador e, j\u00e1 no ano seguinte, passou a ter um programa na TV Itapoan &#8211; Encontro com Maria Creuza &#8211; que durou quatro anos.<\/p>\n<p>Contratada por uma gravadora local, gravou somente m\u00fasicas em ingl\u00eas. Em 1965 conheceu Ant\u00f4nio Carlos (da dupla Ant\u00f4nio Carlos e Jocafi), que iniciava sua carreira de compositor e com quem viria a casar, tr\u00eas anos depois, no Rio de Janeiro RJ.<\/p>\n<p>Em 1966 defendeu a m\u00fasica Se n\u00e3o houvesse Maria (Ant\u00f4nio Carlos), no festival Brasil Canta no Rio, a princ\u00edpio na parte regional, em Salvador, e, depois, no Rio de Janeiro. Do mesmo autor, cantou, no ano seguinte, Festa no terreiro de Araketu, no III FMPB, da TV Record de S\u00e3o Paulo, m\u00fasica que gravou, ainda em 1967, no seu primeiro compacto simples, junto com Aboli\u00e7\u00e3o (Ant\u00f4nio Carlos).<\/p>\n<p><a href=\"https:\/\/i0.wp.com\/blogdoeloiltoncajuhy.com.br\/site\/wp-content\/uploads\/2016\/02\/maria-creuza2.jpg\" rel=\"attachment wp-att-7923\"><img data-recalc-dims=\"1\" decoding=\"async\" class=\"size-full wp-image-7923 alignleft\" src=\"https:\/\/i0.wp.com\/blogdoeloiltoncajuhy.com.br\/site\/wp-content\/uploads\/2016\/02\/maria-creuza2.jpg?resize=346%2C200\" alt=\"maria-creuza2\" width=\"346\" height=\"200\" srcset=\"https:\/\/i0.wp.com\/blogdoeloiltoncajuhy.com.br\/site\/wp-content\/uploads\/2016\/02\/maria-creuza2.jpg?w=346&amp;ssl=1 346w, https:\/\/i0.wp.com\/blogdoeloiltoncajuhy.com.br\/site\/wp-content\/uploads\/2016\/02\/maria-creuza2.jpg?resize=300%2C173&amp;ssl=1 300w, https:\/\/i0.wp.com\/blogdoeloiltoncajuhy.com.br\/site\/wp-content\/uploads\/2016\/02\/maria-creuza2.jpg?resize=250%2C145&amp;ssl=1 250w\" sizes=\"(max-width: 346px) 100vw, 346px\" \/><\/a>Foi considerada a melhor int\u00e9rprete do IV Festival Universit\u00e1rio, realizado em 1969, no Rio de Janeiro, ao classificar em terceiro lugar a m\u00fasica Mirante (Aldir Blanc e C\u00e9sar Costa Filho).<\/p>\n<p>Algumas m\u00fasicas de destaque na carreira de Maria Creuza: A felicidade, A flor e o espinho, A noite do meu bem, Apelo, Caf\u00e9 da manh\u00e3, Caminhemos, Can\u00e7\u00e3o da volta, Carinhoso, Casinha Branca, Chega de saudade, Chove l\u00e1 fora, Chuvas de ver\u00e3o, Com a\u00e7\u00facar e com afeto, Com que roupa?, Da cor do pecado, Das rosas, De conversa em conversa, Dois pra l\u00e1, dois pra c\u00e1, Dom de iludir, Duas contas, dentre outras.<\/p>\n<p><em><a href=\"https:\/\/i0.wp.com\/blogdoeloiltoncajuhy.com.br\/site\/wp-content\/uploads\/2016\/02\/maria-creuza3.jpg\" rel=\"attachment wp-att-7924\"><img data-recalc-dims=\"1\" decoding=\"async\" class=\"aligncenter size-full wp-image-7924\" src=\"https:\/\/i0.wp.com\/blogdoeloiltoncajuhy.com.br\/site\/wp-content\/uploads\/2016\/02\/maria-creuza3.jpg?resize=796%2C667\" alt=\"maria-creuza3\" width=\"796\" height=\"667\" srcset=\"https:\/\/i0.wp.com\/blogdoeloiltoncajuhy.com.br\/site\/wp-content\/uploads\/2016\/02\/maria-creuza3.jpg?w=796&amp;ssl=1 796w, https:\/\/i0.wp.com\/blogdoeloiltoncajuhy.com.br\/site\/wp-content\/uploads\/2016\/02\/maria-creuza3.jpg?resize=300%2C251&amp;ssl=1 300w, https:\/\/i0.wp.com\/blogdoeloiltoncajuhy.com.br\/site\/wp-content\/uploads\/2016\/02\/maria-creuza3.jpg?resize=768%2C644&amp;ssl=1 768w, https:\/\/i0.wp.com\/blogdoeloiltoncajuhy.com.br\/site\/wp-content\/uploads\/2016\/02\/maria-creuza3.jpg?resize=250%2C209&amp;ssl=1 250w\" sizes=\"(max-width: 796px) 100vw, 796px\" \/><\/a>Fonte: Blog Cifra Antiga<\/em><\/p>\n","protected":false},"excerpt":{"rendered":"<p>Maria Creuza Silva Lima, cantora, nasceu em Esplanada, Bahia, em 26\/2\/1944. Mudou-se com a fam\u00edlia para Salvador com dois anos e foi durante o curso ginasial, no Col\u00e9gio Ipiranga, que passou a se interessar por m\u00fasica, nas aulas de canto. Aos 15 anos formou um conjunto de mo\u00e7as, Les Girls, de curta dura\u00e7\u00e3o, onde se [&hellip;]<\/p>\n","protected":false},"author":2,"featured_media":7924,"comment_status":"open","ping_status":"open","sticky":false,"template":"","format":"standard","meta":{"_acf_changed":false,"_monsterinsights_skip_tracking":false,"_monsterinsights_sitenote_active":false,"_monsterinsights_sitenote_note":"","_monsterinsights_sitenote_category":0,"_jetpack_memberships_contains_paid_content":false,"footnotes":"","jetpack_publicize_message":"","jetpack_publicize_feature_enabled":true,"jetpack_social_post_already_shared":true,"jetpack_social_options":{"image_generator_settings":{"template":"highway","default_image_id":0,"font":"","enabled":false},"version":2}},"categories":[8,12,1],"tags":[],"class_list":["post-7921","post","type-post","status-publish","format-standard","has-post-thumbnail","hentry","category-cultura","category-gente-que-faz-a-nossa-historia","category-noticias"],"acf":[],"jetpack_publicize_connections":[],"jetpack_featured_media_url":"https:\/\/i0.wp.com\/blogdoeloiltoncajuhy.com.br\/site\/wp-content\/uploads\/2016\/02\/maria-creuza3.jpg?fit=796%2C667&ssl=1","jetpack_sharing_enabled":true,"publishpress_future_workflow_manual_trigger":{"enabledWorkflows":[]},"_links":{"self":[{"href":"https:\/\/blogdoeloiltoncajuhy.com.br\/site\/wp-json\/wp\/v2\/posts\/7921","targetHints":{"allow":["GET"]}}],"collection":[{"href":"https:\/\/blogdoeloiltoncajuhy.com.br\/site\/wp-json\/wp\/v2\/posts"}],"about":[{"href":"https:\/\/blogdoeloiltoncajuhy.com.br\/site\/wp-json\/wp\/v2\/types\/post"}],"author":[{"embeddable":true,"href":"https:\/\/blogdoeloiltoncajuhy.com.br\/site\/wp-json\/wp\/v2\/users\/2"}],"replies":[{"embeddable":true,"href":"https:\/\/blogdoeloiltoncajuhy.com.br\/site\/wp-json\/wp\/v2\/comments?post=7921"}],"version-history":[{"count":1,"href":"https:\/\/blogdoeloiltoncajuhy.com.br\/site\/wp-json\/wp\/v2\/posts\/7921\/revisions"}],"predecessor-version":[{"id":7925,"href":"https:\/\/blogdoeloiltoncajuhy.com.br\/site\/wp-json\/wp\/v2\/posts\/7921\/revisions\/7925"}],"wp:featuredmedia":[{"embeddable":true,"href":"https:\/\/blogdoeloiltoncajuhy.com.br\/site\/wp-json\/wp\/v2\/media\/7924"}],"wp:attachment":[{"href":"https:\/\/blogdoeloiltoncajuhy.com.br\/site\/wp-json\/wp\/v2\/media?parent=7921"}],"wp:term":[{"taxonomy":"category","embeddable":true,"href":"https:\/\/blogdoeloiltoncajuhy.com.br\/site\/wp-json\/wp\/v2\/categories?post=7921"},{"taxonomy":"post_tag","embeddable":true,"href":"https:\/\/blogdoeloiltoncajuhy.com.br\/site\/wp-json\/wp\/v2\/tags?post=7921"}],"curies":[{"name":"wp","href":"https:\/\/api.w.org\/{rel}","templated":true}]}}