{"id":79185,"date":"2024-02-13T11:03:57","date_gmt":"2024-02-13T14:03:57","guid":{"rendered":"https:\/\/blogdoeloiltoncajuhy.com.br\/site\/?p=79185"},"modified":"2024-02-13T11:03:59","modified_gmt":"2024-02-13T14:03:59","slug":"choro-em-trio-e-explosao-de-tubo-de-gas-carbonico-entenda-o-que-aconteceu-em-desfile-de-ivete-sangalo-no-carnaval-de-salvador","status":"publish","type":"post","link":"https:\/\/blogdoeloiltoncajuhy.com.br\/site\/choro-em-trio-e-explosao-de-tubo-de-gas-carbonico-entenda-o-que-aconteceu-em-desfile-de-ivete-sangalo-no-carnaval-de-salvador\/","title":{"rendered":"Choro em trio e explos\u00e3o de tubo de g\u00e1s carb\u00f4nico: entenda o que aconteceu em desfile de Ivete Sangalo no carnaval de Salvador"},"content":{"rendered":"\n<p class=\"has-text-align-center has-medium-font-size\"><strong>Cantora puxou bloco na segunda-feira (12), no circuito Dod\u00f4, na Barra\/Ondina.<\/strong><\/p>\n\n\n\n<p><strong>Por g1 BA<\/strong><\/p>\n\n\n\n<figure class=\"wp-block-image aligncenter size-full\"><a href=\"https:\/\/i0.wp.com\/blogdoeloiltoncajuhy.com.br\/site\/wp-content\/uploads\/2024\/02\/Ivete-Sangalo-carnaval-de-Salvador-2024-%E2%80%94-Foto_Alana-Carvalho.png?ssl=1\"><img data-recalc-dims=\"1\" fetchpriority=\"high\" decoding=\"async\" width=\"800\" height=\"455\" src=\"https:\/\/i0.wp.com\/blogdoeloiltoncajuhy.com.br\/site\/wp-content\/uploads\/2024\/02\/Ivete-Sangalo-carnaval-de-Salvador-2024-%E2%80%94-Foto_Alana-Carvalho.png?resize=800%2C455&#038;ssl=1\" alt=\"\" class=\"wp-image-79186\" srcset=\"https:\/\/i0.wp.com\/blogdoeloiltoncajuhy.com.br\/site\/wp-content\/uploads\/2024\/02\/Ivete-Sangalo-carnaval-de-Salvador-2024-%E2%80%94-Foto_Alana-Carvalho.png?w=820&amp;ssl=1 820w, https:\/\/i0.wp.com\/blogdoeloiltoncajuhy.com.br\/site\/wp-content\/uploads\/2024\/02\/Ivete-Sangalo-carnaval-de-Salvador-2024-%E2%80%94-Foto_Alana-Carvalho.png?resize=300%2C170&amp;ssl=1 300w, https:\/\/i0.wp.com\/blogdoeloiltoncajuhy.com.br\/site\/wp-content\/uploads\/2024\/02\/Ivete-Sangalo-carnaval-de-Salvador-2024-%E2%80%94-Foto_Alana-Carvalho.png?resize=768%2C436&amp;ssl=1 768w\" sizes=\"(max-width: 800px) 100vw, 800px\" \/><\/a><figcaption class=\"wp-element-caption\"><sub>Ivete Sangalo puxa trio no carnaval de Salvador nesta segunda-feira (12) \u2014 Foto: Alana Carvalho<\/sub><\/figcaption><\/figure>\n\n\n\n<p>O desfile de Ivete Sangalo em Salvador, na segunda-feira (12) de carnaval, foi marcado por problemas no trio el\u00e9trico da cantora. Um tubo de g\u00e1s carb\u00f4nico explodiu e deixou duas pessoas feridas. No dia anterior, houve uma inclina\u00e7\u00e3o no trio e reclama\u00e7\u00e3o da artista de uso de spray de pimenta. Diante das falhas, a artista chegou a chorar no circuito Dod\u00f4 (Barra-Ondina).<\/p>\n\n\n\n<p>Com l\u00e1grimas no rosto, Ivete desabafou e falou sobre a possibilidade de n\u00e3o desfilar mais no bloco Coruja. <strong><mark style=\"background-color:rgba(0, 0, 0, 0)\" class=\"has-inline-color has-black-color\">Entenda o que aconteceu durante o desfile:<\/mark><\/strong><\/p>\n\n\n\n<h2 class=\"wp-block-heading\"><mark style=\"background-color:rgba(0, 0, 0, 0)\" class=\"has-inline-color has-black-color\">Como foi a explos\u00e3o do tubo de g\u00e1s carb\u00f4nico?<\/mark><\/h2>\n\n\n\n<p>Ivete Sangalo cantava quando um dos tubos de g\u00e1s carb\u00f4nico do trio el\u00e9trico dela explodiu. Duas pessoas ficaram feridas e uma grande fuma\u00e7a se formou no local. As v\u00edtimas tiveram ferimentos leves, no bra\u00e7o e no olho, foram atendidas pelo Corpo de Bombeiros, e passam bem.<\/p>\n\n\n\n<p>Em imagens registradas pela equipe de reportagem do <strong>g1<\/strong>, que acompanhou o desfile, \u00e9 poss\u00edvel ver o momento em que Ivete fala do susto que tomou ap\u00f3s a explos\u00e3o e muita fuma\u00e7a em cima do trio.<\/p>\n\n\n\n<p class=\"has-text-align-center\"><strong><mark style=\"background-color:rgba(0, 0, 0, 0)\" class=\"has-inline-color has-black-color\">&#8220;Que susto da p****. Pensei que era a caverna do drag\u00e3o, Deus o livre. Pense que eu estou toda cagada&#8221;, disse a cantora.<\/mark><\/strong><\/p>\n\n\n\n<p>Em seguida, a artista pediu para a equipe que todo o g\u00e1s carb\u00f4nico fosse liberado e recome\u00e7ou a apresenta\u00e7\u00e3o com participa\u00e7\u00e3o de Gloria Groove. Minutos depois, o desfile voltou a ser paralisado.<\/p>\n\n\n\n<h2 class=\"wp-block-heading\"><mark style=\"background-color:rgba(0, 0, 0, 0)\" class=\"has-inline-color has-black-color\">O trio precisou ser evacuado?<\/mark><\/h2>\n\n\n\n<p>Segundo a assessoria da cantora, por causa da explos\u00e3o, a equipe preferiu evacuar o trio por seguran\u00e7a e a artista seguiu percurso at\u00e9 o final.<\/p>\n\n\n\n<p>Neste momento, convidados famosos como Mileide Mihaile, Cristian Bell, Juliana Paiva desceram do trio-el\u00e9trico e foram para o ch\u00e3o, como foli\u00f5es-pipoca.<\/p>\n\n\n\n<h2 class=\"wp-block-heading\"><mark style=\"background-color:rgba(0, 0, 0, 0)\" class=\"has-inline-color has-black-color\">O que causou a inclina\u00e7\u00e3o do trio?<\/mark><\/h2>\n\n\n\n<p>Imagens que viralizaram nas redes sociais mostraram que o ve\u00edculo come\u00e7ou a inclinar para o lado esquerdo, por causa de excesso de peso. Ap\u00f3s as pessoas correrem na outra dire\u00e7\u00e3o, o trio voltou para a posi\u00e7\u00e3o normal.<\/p>\n\n\n\n<p>A Empresa Salvador Turismo (Saltur), respons\u00e1vel pela organiza\u00e7\u00e3o do carnaval da capital baiana, informou que a inclina\u00e7\u00e3o do trio-el\u00e9trico foi causada ap\u00f3s um problema em um pino de uma balan\u00e7a, respons\u00e1vel pela sustenta\u00e7\u00e3o do ve\u00edculo.<\/p>\n\n\n\n<p>De acordo com a Saltur, o problema foi resolvido, mas a sa\u00edda das pessoas do trio foi uma medida de seguran\u00e7a. A corda do bloco Coruja foi alargada para caber todas as pessoas que estavam acompanhando o desfile.<\/p>\n\n\n\n<p>Ivete Sangalo continuou o desfile, mas parou de cantar em alguns momentos, para acalmar os foli\u00f5es, que estavam desesperados no ch\u00e3o. A reportagem do <strong>g1<\/strong> flagrou crian\u00e7as procurando pais e algumas pessoas passando mal.<\/p>\n\n\n\n<p>Em um desses momentos, a artista optou por cantar uma m\u00fasica mais calma: &#8220;Quando a chuva passar&#8221;, para que os foli\u00f5es se acalmassem. Em seguida, ela convidou a cantora Juliette e as duas fizeram um dueto.<\/p>\n\n\n\n<h2 class=\"wp-block-heading\"><mark style=\"background-color:rgba(0, 0, 0, 0)\" class=\"has-inline-color has-black-color\">Por que Ivete Sangalo chorou no desfile?<\/mark><\/h2>\n\n\n\n<figure class=\"wp-block-image aligncenter size-full\"><a href=\"https:\/\/i0.wp.com\/blogdoeloiltoncajuhy.com.br\/site\/wp-content\/uploads\/2024\/02\/Ivete-Sangalo-durante-desfile-de-carnaval-de-Salvador-2024-%E2%80%94-Foto_Malu-Vieira-g1-Bahia.png?ssl=1\"><img data-recalc-dims=\"1\" decoding=\"async\" width=\"800\" height=\"466\" src=\"https:\/\/i0.wp.com\/blogdoeloiltoncajuhy.com.br\/site\/wp-content\/uploads\/2024\/02\/Ivete-Sangalo-durante-desfile-de-carnaval-de-Salvador-2024-%E2%80%94-Foto_Malu-Vieira-g1-Bahia.png?resize=800%2C466&#038;ssl=1\" alt=\"\" class=\"wp-image-79187\" srcset=\"https:\/\/i0.wp.com\/blogdoeloiltoncajuhy.com.br\/site\/wp-content\/uploads\/2024\/02\/Ivete-Sangalo-durante-desfile-de-carnaval-de-Salvador-2024-%E2%80%94-Foto_Malu-Vieira-g1-Bahia.png?w=819&amp;ssl=1 819w, https:\/\/i0.wp.com\/blogdoeloiltoncajuhy.com.br\/site\/wp-content\/uploads\/2024\/02\/Ivete-Sangalo-durante-desfile-de-carnaval-de-Salvador-2024-%E2%80%94-Foto_Malu-Vieira-g1-Bahia.png?resize=300%2C175&amp;ssl=1 300w, https:\/\/i0.wp.com\/blogdoeloiltoncajuhy.com.br\/site\/wp-content\/uploads\/2024\/02\/Ivete-Sangalo-durante-desfile-de-carnaval-de-Salvador-2024-%E2%80%94-Foto_Malu-Vieira-g1-Bahia.png?resize=768%2C447&amp;ssl=1 768w\" sizes=\"(max-width: 800px) 100vw, 800px\" \/><\/a><figcaption class=\"wp-element-caption\"><sub>Ivete Sangalo reclama de spray de pimenta usado durante desfile de carnaval de Salvador \u2014 Foto: Malu Vieira\/g1 Bahia<\/sub><\/figcaption><\/figure>\n\n\n\n<p>Ivete Sangalo chorou depois do tubo de g\u00e1s carb\u00f4nico explodir e deixar duas pessoas feridas em cima do trio el\u00e9trico da cantora.<\/p>\n\n\n\n<p>&#8220;Tem um menino ali tentando puxar uma vaia, eu queria falar que fique \u00e0 vontade, querido. N\u00e3o tem problema, gente. Na democracia, existe a opini\u00e3o. Isso est\u00e1 enchendo meu cora\u00e7\u00e3o de ang\u00fastia&#8221;, desabafou a cantora.<\/p>\n\n\n\n<p>Em seguida, a cantora relatou problemas de atraso que aconteceram com o desfile dela nos dias anteriores.<\/p>\n\n\n\n<p>&#8220;No primeiro dia do nosso carnaval, estava tudo certo, atrasou, porque o nosso carro de apoio destravou. Se eu pudesse, descia, carregava e destravava, mas n\u00e3o posso fazer isso. Tive que obedecer porque sou uma pessoa obediente as regras l\u00e1 de cima&#8221;.<\/p>\n\n\n\n<p>Ivete ainda falou sobre a possibilidade de n\u00e3o desfilar no bloco Coruja. A parceria dela com o grupo no carnaval de Salvador j\u00e1 dura 22 anos.<\/p>\n\n\n\n<p>&#8220;Eu s\u00f3 quero que voc\u00eas compreendam que a gente vai repensar sobre isso. Ser\u00e1 que \u00e9 a nossa despedida do bloco Coruja? Ser\u00e1 que a gente n\u00e3o tem que repensar isso? A gente tem que pensar por causa de voc\u00eas&#8221;.<\/p>\n\n\n\n<p>A cantora ainda ressaltou que estava triste com a situa\u00e7\u00e3o, mas que n\u00e3o queria sentir mais a ang\u00fastia.<\/p>\n\n\n\n<p>&#8220;Eu n\u00e3o sou uma cantora de trio e que se f*** todo mundo. Eu n\u00e3o quero isso. Isso n\u00e3o est\u00e1 me fazendo bem. Eu quero que voc\u00eas tenham uma experi\u00eancia linda e n\u00f3s temos. Ontem n\u00f3s sa\u00edmos e foi tudo maravilhoso. Hoje aconteceram coisas e v\u00e3o acontecer, mas eu n\u00e3o quero essa ang\u00fastia&#8221;, afirmou Ivete.<\/p>\n\n\n\n<h2 class=\"wp-block-heading\"><mark style=\"background-color:rgba(0, 0, 0, 0)\" class=\"has-inline-color has-black-color\">O que Ivete Sangalo falou sobre spray de pimenta no desfile de domingo?<\/mark><\/h2>\n\n\n\n<p>Antes da explos\u00e3o do tubo de g\u00e1s carb\u00f4nico, Ivete reclamou de um spray de pimenta utilizado durante a passagem do desfile. A artista disse que a voz dela estava &#8220;ruim&#8221; e pediu ajuda aos foli\u00f5es.<\/p>\n\n\n\n<p class=\"has-text-align-center\"><strong><mark style=\"background-color:rgba(0, 0, 0, 0)\" class=\"has-inline-color has-black-color\">&#8220;Jogaram spray de pimenta l\u00e1 na Barra, lembram? N\u00e3o tem spray de pimenta certo. Spray de pimenta no dos outros \u00e9 refresco. A\u00ed n\u00f3s vamos come\u00e7ar, eu vou continuar cantando, aquecendo e voc\u00eas, \u00f3bvio, v\u00e3o cantar para , mam\u00e3e vai cantar e essa banda vai arrasar porque para Deus n\u00e3o existe o imposs\u00edvel&#8221;, afirmou Ivete.<\/mark><\/strong><\/p>\n\n\n\n<p>A cantora agradeceu aos coment\u00e1rios feitos pelos f\u00e3s na p\u00e1gina oficial do bloco Coruja, por causa atraso da sa\u00edda dos trios que aconteceu no s\u00e1bado (10), ap\u00f3s alguns equipamentos de trios e carros de apoio quebrarem no local de desarme do circuito.<\/p>\n\n\n\n<p>&#8220;Eu quero que voc\u00eas saibam que quando colocamos um bloco na rua, o planejamento \u00e9 para dar certo. Nenhum profissional que trabalha comigo e me cerca faz qualquer coisa com o prop\u00f3sito de dar errado. Precisamos entender que isso aqui se trata de uma manifesta\u00e7\u00e3o cultural, popular, feita por pessoas e n\u00e3o por m\u00e1quinas&#8221;, disse a cantora.<\/p>\n\n\n\n<p>Ivete puxou o bloco Coruja nesta segunda e encerra a participa\u00e7\u00e3o no carnaval de Salvador de 2024 com um trio pipoca, no circuito Osmar, no Campo Grande, nesta ter\u00e7a-feira (13).<\/p>\n","protected":false},"excerpt":{"rendered":"<p>Cantora puxou bloco na segunda-feira (12), no circuito Dod\u00f4, na Barra\/Ondina. Por g1 BA O desfile de Ivete Sangalo em Salvador, na segunda-feira (12) de carnaval, foi marcado por problemas no trio el\u00e9trico da cantora. Um tubo de g\u00e1s carb\u00f4nico explodiu e deixou duas pessoas feridas. No dia anterior, houve uma inclina\u00e7\u00e3o no trio e [&hellip;]<\/p>\n","protected":false},"author":2,"featured_media":79186,"comment_status":"open","ping_status":"open","sticky":false,"template":"","format":"standard","meta":{"_acf_changed":false,"_monsterinsights_skip_tracking":false,"_monsterinsights_sitenote_active":false,"_monsterinsights_sitenote_note":"","_monsterinsights_sitenote_category":0,"_jetpack_memberships_contains_paid_content":false,"footnotes":"","jetpack_publicize_message":"","jetpack_publicize_feature_enabled":true,"jetpack_social_post_already_shared":true,"jetpack_social_options":{"image_generator_settings":{"template":"highway","default_image_id":0,"font":"","enabled":false},"version":2}},"categories":[8],"tags":[],"class_list":["post-79185","post","type-post","status-publish","format-standard","has-post-thumbnail","hentry","category-cultura"],"acf":[],"jetpack_publicize_connections":[],"jetpack_featured_media_url":"https:\/\/i0.wp.com\/blogdoeloiltoncajuhy.com.br\/site\/wp-content\/uploads\/2024\/02\/Ivete-Sangalo-carnaval-de-Salvador-2024-%E2%80%94-Foto_Alana-Carvalho.png?fit=820%2C466&ssl=1","jetpack_sharing_enabled":true,"publishpress_future_workflow_manual_trigger":{"enabledWorkflows":[]},"_links":{"self":[{"href":"https:\/\/blogdoeloiltoncajuhy.com.br\/site\/wp-json\/wp\/v2\/posts\/79185","targetHints":{"allow":["GET"]}}],"collection":[{"href":"https:\/\/blogdoeloiltoncajuhy.com.br\/site\/wp-json\/wp\/v2\/posts"}],"about":[{"href":"https:\/\/blogdoeloiltoncajuhy.com.br\/site\/wp-json\/wp\/v2\/types\/post"}],"author":[{"embeddable":true,"href":"https:\/\/blogdoeloiltoncajuhy.com.br\/site\/wp-json\/wp\/v2\/users\/2"}],"replies":[{"embeddable":true,"href":"https:\/\/blogdoeloiltoncajuhy.com.br\/site\/wp-json\/wp\/v2\/comments?post=79185"}],"version-history":[{"count":1,"href":"https:\/\/blogdoeloiltoncajuhy.com.br\/site\/wp-json\/wp\/v2\/posts\/79185\/revisions"}],"predecessor-version":[{"id":79188,"href":"https:\/\/blogdoeloiltoncajuhy.com.br\/site\/wp-json\/wp\/v2\/posts\/79185\/revisions\/79188"}],"wp:featuredmedia":[{"embeddable":true,"href":"https:\/\/blogdoeloiltoncajuhy.com.br\/site\/wp-json\/wp\/v2\/media\/79186"}],"wp:attachment":[{"href":"https:\/\/blogdoeloiltoncajuhy.com.br\/site\/wp-json\/wp\/v2\/media?parent=79185"}],"wp:term":[{"taxonomy":"category","embeddable":true,"href":"https:\/\/blogdoeloiltoncajuhy.com.br\/site\/wp-json\/wp\/v2\/categories?post=79185"},{"taxonomy":"post_tag","embeddable":true,"href":"https:\/\/blogdoeloiltoncajuhy.com.br\/site\/wp-json\/wp\/v2\/tags?post=79185"}],"curies":[{"name":"wp","href":"https:\/\/api.w.org\/{rel}","templated":true}]}}