{"id":79169,"date":"2024-02-12T12:40:58","date_gmt":"2024-02-12T15:40:58","guid":{"rendered":"https:\/\/blogdoeloiltoncajuhy.com.br\/site\/?p=79169"},"modified":"2024-02-12T12:42:03","modified_gmt":"2024-02-12T15:42:03","slug":"sao-os-nossos-policiais-que-estao-garantindo-a-tranquilidade-nessa-multidao-de-gente-destaca-jeronimo-sobre-a-seguranca-no-carnaval","status":"publish","type":"post","link":"https:\/\/blogdoeloiltoncajuhy.com.br\/site\/sao-os-nossos-policiais-que-estao-garantindo-a-tranquilidade-nessa-multidao-de-gente-destaca-jeronimo-sobre-a-seguranca-no-carnaval\/","title":{"rendered":"\u201cS\u00e3o os nossos policiais que est\u00e3o garantindo a tranquilidade nessa multid\u00e3o de gente\u201d, destaca Jer\u00f4nimo sobre a seguran\u00e7a no Carnaval"},"content":{"rendered":"\n<p class=\"has-medium-font-size\"><strong>Governador elogiou a atua\u00e7\u00e3o da tropa e ressaltou o empenho das for\u00e7as e da SSP para garantir o bem-estar dos policiais.<\/strong><\/p>\n\n\n\n<figure class=\"wp-block-image aligncenter size-full\"><a href=\"https:\/\/i0.wp.com\/blogdoeloiltoncajuhy.com.br\/site\/wp-content\/uploads\/2024\/02\/GOVBA_Coletiva-de-Carnaval-Jeronimo_Foto-Joa-SouzaGOVBA.jpeg?ssl=1\"><img data-recalc-dims=\"1\" fetchpriority=\"high\" decoding=\"async\" width=\"800\" height=\"533\" src=\"https:\/\/i0.wp.com\/blogdoeloiltoncajuhy.com.br\/site\/wp-content\/uploads\/2024\/02\/GOVBA_Coletiva-de-Carnaval-Jeronimo_Foto-Joa-SouzaGOVBA.jpeg?resize=800%2C533&#038;ssl=1\" alt=\"\" class=\"wp-image-79170\" srcset=\"https:\/\/i0.wp.com\/blogdoeloiltoncajuhy.com.br\/site\/wp-content\/uploads\/2024\/02\/GOVBA_Coletiva-de-Carnaval-Jeronimo_Foto-Joa-SouzaGOVBA.jpeg?w=900&amp;ssl=1 900w, https:\/\/i0.wp.com\/blogdoeloiltoncajuhy.com.br\/site\/wp-content\/uploads\/2024\/02\/GOVBA_Coletiva-de-Carnaval-Jeronimo_Foto-Joa-SouzaGOVBA.jpeg?resize=300%2C200&amp;ssl=1 300w, https:\/\/i0.wp.com\/blogdoeloiltoncajuhy.com.br\/site\/wp-content\/uploads\/2024\/02\/GOVBA_Coletiva-de-Carnaval-Jeronimo_Foto-Joa-SouzaGOVBA.jpeg?resize=768%2C512&amp;ssl=1 768w\" sizes=\"(max-width: 800px) 100vw, 800px\" \/><\/a><figcaption class=\"wp-element-caption\"><sub>Foto: Jo\u00e1 Souza\/GOVBA<\/sub><\/figcaption><\/figure>\n\n\n\n<p>Em coletiva de imprensa, neste domingo (11), no Campo Grande, o governador Jer\u00f4nimo Rodrigues exaltou a atua\u00e7\u00e3o dos policiais de plant\u00e3o no Carnaval, relacionando o trabalho realizado pelas for\u00e7as de seguran\u00e7a \u00e0 redu\u00e7\u00e3o dos \u00edndices de criminalidade registrados at\u00e9 o momento. Ele tamb\u00e9m falou do empenho do Governo do Estado em proporcionar o bem-estar da tropa, que trabalha todos os dias garantindo a seguran\u00e7a dos foli\u00f5es, baianos e turistas.<\/p>\n\n\n\n<p>\u201cS\u00e3o os nossos policiais que est\u00e3o garantindo a tranquilidade nessa multid\u00e3o de gente. O zelo e o cuidado da Secretaria de Seguran\u00e7a P\u00fablica com a tropa tem nos apresentado resultados positivos. Essa aten\u00e7\u00e3o com os policiais que v\u00eam trabalhar todos os dias no circuito \u00e9 fundamental e estou acompanhando tudo isso em contato permanente com o secret\u00e1rio Werner, o comandante Coutinho e a delegada-geral, Helo\u00edsa. Nosso objetivo \u00e9 que as pessoas se divirtam em paz e harmonia\u201d, destacou Jer\u00f4nimo.<\/p>\n\n\n\n<p><a href=\"https:\/\/whatsapp.com\/channel\/0029VaAT7tDLI8Yfj5y9Z50Z\" data-type=\"link\" data-id=\"https:\/\/whatsapp.com\/channel\/0029VaAT7tDLI8Yfj5y9Z50Z\"><strong><mark style=\"background-color:rgba(0, 0, 0, 0)\" class=\"has-inline-color has-vivid-red-color\">Siga nosso canal no WhatsApp e confira outras not\u00edcias<\/mark><\/strong><\/a><\/p>\n\n\n\n<h2 class=\"wp-block-heading\"><mark style=\"background-color:rgba(0, 0, 0, 0)\" class=\"has-inline-color has-black-color\">Tecnologia<\/mark><\/h2>\n\n\n\n<p>O trabalho dos policiais no Carnaval tem tido um suporte importante da tecnologia, com c\u00e2meras de Reconhecimento Facial da SSP espalhadas no Carnaval. No s\u00e1bado (10), nove foragidos da Justi\u00e7a foram alcan\u00e7ados pela ferramenta nos principais circuitos da folia na capital baiana, e no Carnaporto, na cidade de Porto Seguro. Os criminosos eram procurados por homic\u00eddio, tr\u00e1fico de drogas, associa\u00e7\u00e3o criminosa, roubo, estupro de vulner\u00e1vel e pens\u00e3o aliment\u00edcia.<\/p>\n\n\n\n<p>Al\u00e9m de dois homicidas, tr\u00eas criminosos eram procurados por pr\u00e1tica de roubo, um por tr\u00e1fico de drogas e organiza\u00e7\u00e3o criminosa, um por estupro de vulner\u00e1vel e dois por d\u00edvida de pens\u00e3o aliment\u00edcia. No total, a ferramenta atingiu a marca de 15 foragidos da Justi\u00e7a impedidos de acessar os circuitos das festas, desde o primeiro dia.<\/p>\n\n\n\n<h2 class=\"wp-block-heading\"><mark style=\"background-color:rgba(0, 0, 0, 0)\" class=\"has-inline-color has-black-color\">Apreens\u00f5es<\/mark><\/h2>\n\n\n\n<p>Das 19h de s\u00e1bado (10) \u00e0s 7h da manh\u00e3 deste domingo (11), foram retidos 1.653 objetos proibidos nos 42 portais de abordagem dos circuitos do Carnaval, durante a passagem de mais de 1,9 milh\u00e3o de pessoas, entre elas, a cantora Anitta, que estava disfar\u00e7ada de personagem de um filme como foli\u00e3 e passou pela abordagem com bom humor. Em tr\u00eas dias de festa oficial, j\u00e1 s\u00e3o 3.692 objetos retirados de circula\u00e7\u00e3o e mais de 4,6 milh\u00f5es de pessoas que acessaram os portais.<\/p>\n\n\n\n<p>Foram registradas, ainda, 29 ocorr\u00eancias com drogas, acumulando 96 desde o primeiro dia, al\u00e9m de mais uma pris\u00e3o em flagrante, desta vez por roubo, totalizando seis nos tr\u00eas dias. Conforme dado da Superintend\u00eancia de Telecomunica\u00e7\u00f5es (Stelecom), foram realizadas oito capturas com reconhecimento facial, totalizando 14 at\u00e9 este domingo (11).<\/p>\n","protected":false},"excerpt":{"rendered":"<p>Governador elogiou a atua\u00e7\u00e3o da tropa e ressaltou o empenho das for\u00e7as e da SSP para garantir o bem-estar dos policiais. Em coletiva de imprensa, neste domingo (11), no Campo Grande, o governador Jer\u00f4nimo Rodrigues exaltou a atua\u00e7\u00e3o dos policiais de plant\u00e3o no Carnaval, relacionando o trabalho realizado pelas for\u00e7as de seguran\u00e7a \u00e0 redu\u00e7\u00e3o dos [&hellip;]<\/p>\n","protected":false},"author":2,"featured_media":79170,"comment_status":"open","ping_status":"open","sticky":false,"template":"","format":"standard","meta":{"_acf_changed":false,"_monsterinsights_skip_tracking":false,"_monsterinsights_sitenote_active":false,"_monsterinsights_sitenote_note":"","_monsterinsights_sitenote_category":0,"_jetpack_memberships_contains_paid_content":false,"footnotes":"","jetpack_publicize_message":"","jetpack_publicize_feature_enabled":true,"jetpack_social_post_already_shared":true,"jetpack_social_options":{"image_generator_settings":{"template":"highway","default_image_id":0,"font":"","enabled":false},"version":2}},"categories":[5],"tags":[],"class_list":["post-79169","post","type-post","status-publish","format-standard","has-post-thumbnail","hentry","category-cotidiano"],"acf":[],"jetpack_publicize_connections":[],"jetpack_featured_media_url":"https:\/\/i0.wp.com\/blogdoeloiltoncajuhy.com.br\/site\/wp-content\/uploads\/2024\/02\/GOVBA_Coletiva-de-Carnaval-Jeronimo_Foto-Joa-SouzaGOVBA.jpeg?fit=900%2C600&ssl=1","jetpack_sharing_enabled":true,"publishpress_future_workflow_manual_trigger":{"enabledWorkflows":[]},"_links":{"self":[{"href":"https:\/\/blogdoeloiltoncajuhy.com.br\/site\/wp-json\/wp\/v2\/posts\/79169","targetHints":{"allow":["GET"]}}],"collection":[{"href":"https:\/\/blogdoeloiltoncajuhy.com.br\/site\/wp-json\/wp\/v2\/posts"}],"about":[{"href":"https:\/\/blogdoeloiltoncajuhy.com.br\/site\/wp-json\/wp\/v2\/types\/post"}],"author":[{"embeddable":true,"href":"https:\/\/blogdoeloiltoncajuhy.com.br\/site\/wp-json\/wp\/v2\/users\/2"}],"replies":[{"embeddable":true,"href":"https:\/\/blogdoeloiltoncajuhy.com.br\/site\/wp-json\/wp\/v2\/comments?post=79169"}],"version-history":[{"count":2,"href":"https:\/\/blogdoeloiltoncajuhy.com.br\/site\/wp-json\/wp\/v2\/posts\/79169\/revisions"}],"predecessor-version":[{"id":79172,"href":"https:\/\/blogdoeloiltoncajuhy.com.br\/site\/wp-json\/wp\/v2\/posts\/79169\/revisions\/79172"}],"wp:featuredmedia":[{"embeddable":true,"href":"https:\/\/blogdoeloiltoncajuhy.com.br\/site\/wp-json\/wp\/v2\/media\/79170"}],"wp:attachment":[{"href":"https:\/\/blogdoeloiltoncajuhy.com.br\/site\/wp-json\/wp\/v2\/media?parent=79169"}],"wp:term":[{"taxonomy":"category","embeddable":true,"href":"https:\/\/blogdoeloiltoncajuhy.com.br\/site\/wp-json\/wp\/v2\/categories?post=79169"},{"taxonomy":"post_tag","embeddable":true,"href":"https:\/\/blogdoeloiltoncajuhy.com.br\/site\/wp-json\/wp\/v2\/tags?post=79169"}],"curies":[{"name":"wp","href":"https:\/\/api.w.org\/{rel}","templated":true}]}}