{"id":79158,"date":"2024-02-10T11:34:22","date_gmt":"2024-02-10T14:34:22","guid":{"rendered":"https:\/\/blogdoeloiltoncajuhy.com.br\/site\/?p=79158"},"modified":"2024-02-10T11:34:24","modified_gmt":"2024-02-10T14:34:24","slug":"enem-dos-concursos-tem-265-milhoes-de-inscritos-para-as-66-mil-vagas","status":"publish","type":"post","link":"https:\/\/blogdoeloiltoncajuhy.com.br\/site\/enem-dos-concursos-tem-265-milhoes-de-inscritos-para-as-66-mil-vagas\/","title":{"rendered":"&#8216;Enem dos concursos&#8217; tem 2,65 milh\u00f5es de inscritos para as 6,6 mil vagas"},"content":{"rendered":"\n<p class=\"has-medium-font-size\"><strong>Ainda faltam 1,28 milh\u00e3o de inscritos pagarem a Guia de Recolhimento da Uni\u00e3o (GRU), que valida a inscri\u00e7\u00e3o no concurso. O prazo final \u00e9 o dia 16 de fevereiro. As provas ser\u00e3o em maio.<\/strong><\/p>\n\n\n\n<p><strong>Por g1<\/strong><\/p>\n\n\n\n<figure class=\"wp-block-image aligncenter size-full\"><a href=\"https:\/\/i0.wp.com\/blogdoeloiltoncajuhy.com.br\/site\/wp-content\/uploads\/2024\/01\/enem-dos-concursos-em-2024.webp\"><img data-recalc-dims=\"1\" fetchpriority=\"high\" decoding=\"async\" width=\"800\" height=\"533\" src=\"https:\/\/i0.wp.com\/blogdoeloiltoncajuhy.com.br\/site\/wp-content\/uploads\/2024\/01\/enem-dos-concursos-em-2024.webp?resize=800%2C533\" alt=\"\" class=\"wp-image-78910\" srcset=\"https:\/\/i0.wp.com\/blogdoeloiltoncajuhy.com.br\/site\/wp-content\/uploads\/2024\/01\/enem-dos-concursos-em-2024.webp?w=996&amp;ssl=1 996w, https:\/\/i0.wp.com\/blogdoeloiltoncajuhy.com.br\/site\/wp-content\/uploads\/2024\/01\/enem-dos-concursos-em-2024.webp?resize=300%2C200&amp;ssl=1 300w, https:\/\/i0.wp.com\/blogdoeloiltoncajuhy.com.br\/site\/wp-content\/uploads\/2024\/01\/enem-dos-concursos-em-2024.webp?resize=768%2C512&amp;ssl=1 768w\" sizes=\"(max-width: 800px) 100vw, 800px\" \/><\/a><figcaption class=\"wp-element-caption\"><sub>Reprodu\u00e7\u00e3o<\/sub><\/figcaption><\/figure>\n\n\n\n<p>As inscri\u00e7\u00f5es para o Concurso P\u00fablico Nacional Unificado (CPNU), o &#8220;Enem dos Concursos&#8221;, alcan\u00e7aram 2,65 milh\u00f5es de inscri\u00e7\u00f5es. O balan\u00e7o final foi divulgado neste s\u00e1bado (10), pelo Minist\u00e9rio da Gest\u00e3o.<\/p>\n\n\n\n<p>O processo seletivo vai preencher 6.640 vagas em 21 \u00f3rg\u00e3os do governo federal. As provas ser\u00e3o aplicadas em 220 cidades no dia 5 de maio.<\/p>\n\n\n\n<p>As inscri\u00e7\u00f5es terminaram nesta sexta-feira (9), \u00e0s 23h59, pelo hor\u00e1rio de Bras\u00edlia (DF). Ainda faltam 1,28 milh\u00e3o de inscritos pagarem a Guia de Recolhimento da Uni\u00e3o (GRU), que valida a inscri\u00e7\u00e3o no concurso. O prazo final \u00e9 o dia 16 de fevereiro.<\/p>\n\n\n\n<p>Com o &#8220;Enem dos concursos&#8221;, os candidatos pagam uma \u00fanica taxa de inscri\u00e7\u00e3o e podem concorrer a diversas vagas dispon\u00edveis, desde que dentro de uma mesma \u00e1rea de atua\u00e7\u00e3o.<\/p>\n\n\n\n<p>H\u00e1 oportunidades para profissionais graduados em diversas \u00e1reas de conhecimento e para pessoas que possuem ensino m\u00e9dio completo.<\/p>\n\n\n\n<p>O valor da taxa de inscri\u00e7\u00e3o \u00e9 de R$ 60 para vagas de n\u00edvel m\u00e9dio e de R$ 90 para n\u00edvel superior. Os sal\u00e1rios iniciais variam de R$ 3.741,84 a R$ 22.921,70.<\/p>\n\n\n\n<p>Das 6.640 vagas, 5% ser\u00e3o reservadas para pessoas com defici\u00eancia (PCDs) e 20% para pessoas negras. Nos cargos da Funai, 30% das oportunidades ser\u00e3o destinadas para ind\u00edgenas.<\/p>\n\n\n\n<h2 class=\"wp-block-heading\"><mark style=\"background-color:rgba(0, 0, 0, 0)\" class=\"has-inline-color has-black-color\">Cronograma<\/mark><\/h2>\n\n\n\n<ul class=\"wp-block-list\">\n<li>Inscri\u00e7\u00f5es: 19\/01 a 09\/02\/2024<\/li>\n\n\n\n<li>Divulga\u00e7\u00e3o dos dados finais de inscri\u00e7\u00f5es: 29\/02\/2024<\/li>\n\n\n\n<li>Divulga\u00e7\u00e3o dos cart\u00f5es de confirma\u00e7\u00e3o: 29\/04\/2024<\/li>\n\n\n\n<li>Aplica\u00e7\u00e3o das provas: 05\/05\/2024<\/li>\n\n\n\n<li>Divulga\u00e7\u00e3o dos resultados das provas objetivas e preliminares das provas discursivas e reda\u00e7\u00e3o: 03\/06\/2024<\/li>\n\n\n\n<li>Divulga\u00e7\u00e3o final dos resultados: 30\/07\/2024<\/li>\n\n\n\n<li>In\u00edcio da convoca\u00e7\u00e3o para posse e cursos de forma\u00e7\u00e3o: 05\/08\/2024<\/li>\n<\/ul>\n\n\n\n<p><\/p>\n\n\n\n<h2 class=\"wp-block-heading\"><mark style=\"background-color:rgba(0, 0, 0, 0)\" class=\"has-inline-color has-black-color\">Canal de d\u00favidas<\/mark><\/h2>\n\n\n\n<p>O Minist\u00e9rio da Gest\u00e3o possui um canal oficial de atendimento para d\u00favidas e den\u00fancias sobre o concurso: concursonacional@gestao.gov.br. O endere\u00e7o do site oficial \u00e9 <a href=\"https:\/\/www.gov.br\/gestao\/pt-br\/concursonacional\/\"><strong><mark style=\"background-color:rgba(0, 0, 0, 0)\" class=\"has-inline-color has-vivid-red-color\">gov.br\/gestao\/concursonacional<\/mark><\/strong><\/a>.<\/p>\n","protected":false},"excerpt":{"rendered":"<p>Ainda faltam 1,28 milh\u00e3o de inscritos pagarem a Guia de Recolhimento da Uni\u00e3o (GRU), que valida a inscri\u00e7\u00e3o no concurso. O prazo final \u00e9 o dia 16 de fevereiro. As provas ser\u00e3o em maio. Por g1 As inscri\u00e7\u00f5es para o Concurso P\u00fablico Nacional Unificado (CPNU), o &#8220;Enem dos Concursos&#8221;, alcan\u00e7aram 2,65 milh\u00f5es de inscri\u00e7\u00f5es. O [&hellip;]<\/p>\n","protected":false},"author":2,"featured_media":27615,"comment_status":"open","ping_status":"open","sticky":false,"template":"","format":"standard","meta":{"_acf_changed":false,"_monsterinsights_skip_tracking":false,"_monsterinsights_sitenote_active":false,"_monsterinsights_sitenote_note":"","_monsterinsights_sitenote_category":0,"_jetpack_memberships_contains_paid_content":false,"footnotes":"","jetpack_publicize_message":"","jetpack_publicize_feature_enabled":true,"jetpack_social_post_already_shared":true,"jetpack_social_options":{"image_generator_settings":{"template":"highway","default_image_id":0,"font":"","enabled":false},"version":2}},"categories":[32],"tags":[],"class_list":["post-79158","post","type-post","status-publish","format-standard","has-post-thumbnail","hentry","category-emprego"],"acf":[],"jetpack_publicize_connections":[],"jetpack_featured_media_url":"https:\/\/i0.wp.com\/blogdoeloiltoncajuhy.com.br\/site\/wp-content\/uploads\/2018\/09\/concursos_set2018.jpg?fit=984%2C656&ssl=1","jetpack_sharing_enabled":true,"publishpress_future_workflow_manual_trigger":{"enabledWorkflows":[]},"_links":{"self":[{"href":"https:\/\/blogdoeloiltoncajuhy.com.br\/site\/wp-json\/wp\/v2\/posts\/79158","targetHints":{"allow":["GET"]}}],"collection":[{"href":"https:\/\/blogdoeloiltoncajuhy.com.br\/site\/wp-json\/wp\/v2\/posts"}],"about":[{"href":"https:\/\/blogdoeloiltoncajuhy.com.br\/site\/wp-json\/wp\/v2\/types\/post"}],"author":[{"embeddable":true,"href":"https:\/\/blogdoeloiltoncajuhy.com.br\/site\/wp-json\/wp\/v2\/users\/2"}],"replies":[{"embeddable":true,"href":"https:\/\/blogdoeloiltoncajuhy.com.br\/site\/wp-json\/wp\/v2\/comments?post=79158"}],"version-history":[{"count":1,"href":"https:\/\/blogdoeloiltoncajuhy.com.br\/site\/wp-json\/wp\/v2\/posts\/79158\/revisions"}],"predecessor-version":[{"id":79159,"href":"https:\/\/blogdoeloiltoncajuhy.com.br\/site\/wp-json\/wp\/v2\/posts\/79158\/revisions\/79159"}],"wp:featuredmedia":[{"embeddable":true,"href":"https:\/\/blogdoeloiltoncajuhy.com.br\/site\/wp-json\/wp\/v2\/media\/27615"}],"wp:attachment":[{"href":"https:\/\/blogdoeloiltoncajuhy.com.br\/site\/wp-json\/wp\/v2\/media?parent=79158"}],"wp:term":[{"taxonomy":"category","embeddable":true,"href":"https:\/\/blogdoeloiltoncajuhy.com.br\/site\/wp-json\/wp\/v2\/categories?post=79158"},{"taxonomy":"post_tag","embeddable":true,"href":"https:\/\/blogdoeloiltoncajuhy.com.br\/site\/wp-json\/wp\/v2\/tags?post=79158"}],"curies":[{"name":"wp","href":"https:\/\/api.w.org\/{rel}","templated":true}]}}