{"id":79155,"date":"2024-02-10T11:13:36","date_gmt":"2024-02-10T14:13:36","guid":{"rendered":"https:\/\/blogdoeloiltoncajuhy.com.br\/site\/?p=79155"},"modified":"2024-02-10T11:13:38","modified_gmt":"2024-02-10T14:13:38","slug":"bahia-recebe-primeiras-doses-da-vacina-contra-dengue-publico-alvo-sera-composto-por-criancas-e-adolescentes","status":"publish","type":"post","link":"https:\/\/blogdoeloiltoncajuhy.com.br\/site\/bahia-recebe-primeiras-doses-da-vacina-contra-dengue-publico-alvo-sera-composto-por-criancas-e-adolescentes\/","title":{"rendered":"Bahia recebe primeiras doses da vacina contra dengue; p\u00fablico-alvo ser\u00e1 composto por crian\u00e7as e adolescentes"},"content":{"rendered":"\n<p><strong>Por g1 BA<\/strong><\/p>\n\n\n\n<figure class=\"wp-block-image aligncenter size-full\"><a href=\"https:\/\/i0.wp.com\/blogdoeloiltoncajuhy.com.br\/site\/wp-content\/uploads\/2024\/02\/Bahia-recebe-primeiras-doses-da-vacina-contra-dengue-%E2%80%94-Foto_Divulgacao-SAUDE-GOVBA.png?ssl=1\"><img data-recalc-dims=\"1\" fetchpriority=\"high\" decoding=\"async\" width=\"800\" height=\"602\" src=\"https:\/\/i0.wp.com\/blogdoeloiltoncajuhy.com.br\/site\/wp-content\/uploads\/2024\/02\/Bahia-recebe-primeiras-doses-da-vacina-contra-dengue-%E2%80%94-Foto_Divulgacao-SAUDE-GOVBA.png?resize=800%2C602&#038;ssl=1\" alt=\"\" class=\"wp-image-79156\" srcset=\"https:\/\/i0.wp.com\/blogdoeloiltoncajuhy.com.br\/site\/wp-content\/uploads\/2024\/02\/Bahia-recebe-primeiras-doses-da-vacina-contra-dengue-%E2%80%94-Foto_Divulgacao-SAUDE-GOVBA.png?w=819&amp;ssl=1 819w, https:\/\/i0.wp.com\/blogdoeloiltoncajuhy.com.br\/site\/wp-content\/uploads\/2024\/02\/Bahia-recebe-primeiras-doses-da-vacina-contra-dengue-%E2%80%94-Foto_Divulgacao-SAUDE-GOVBA.png?resize=300%2C226&amp;ssl=1 300w, https:\/\/i0.wp.com\/blogdoeloiltoncajuhy.com.br\/site\/wp-content\/uploads\/2024\/02\/Bahia-recebe-primeiras-doses-da-vacina-contra-dengue-%E2%80%94-Foto_Divulgacao-SAUDE-GOVBA.png?resize=768%2C578&amp;ssl=1 768w\" sizes=\"(max-width: 800px) 100vw, 800px\" \/><\/a><figcaption class=\"wp-element-caption\"><sub>Bahia recebe primeiras doses da vacina contra dengue \u2014 Foto: Divulga\u00e7\u00e3o\/SA\u00daDE GOVBA<\/sub><\/figcaption><\/figure>\n\n\n\n<p>A Bahia recebeu, nesta sexta-feira (9), a primeira remessa da vacina contra a dengue. As 70.368 mil doses ser\u00e3o destinadas aos munic\u00edpios de Salvador, Lauro de Freitas, Vera Cruz, Madre de Deus, S\u00e3o Francisco do Conde, Itaparica, Candeias, Santo Amaro, S\u00e3o Sebasti\u00e3o do Passe e Saubara.<\/p>\n\n\n\n<p>Segundo a Secretaria de Sa\u00fade (Sesab), Inicialmente, o p\u00fablico-alvo ser\u00e1 composto por crian\u00e7as e adolescentes de 10 a 14 anos, faixa et\u00e1ria que concentra o maior n\u00famero de hospitaliza\u00e7\u00f5es pela doen\u00e7a, ap\u00f3s os idosos, grupo para o qual a vacina n\u00e3o foi liberada pela Ag\u00eancia Nacional de Vigil\u00e2ncia Sanit\u00e1ria (Anvisa).<\/p>\n\n\n\n<p>De acordo com a Sesab, a previs\u00e3o \u00e9 que a Bahia receba mais 49.740 doses na pr\u00f3xima segunda-feira (12), sendo 32.290 doses para os munic\u00edpios da regi\u00e3o de Feira de Santana e 17.450 para os munic\u00edpios da regi\u00e3o de Cama\u00e7ari.<\/p>\n\n\n\n<p>Conforme o Minist\u00e9rio da Sa\u00fade, os munic\u00edpios atendem aos crit\u00e9rios epidemiol\u00f3gicos tendo como base os n\u00fameros de 2023.<\/p>\n\n\n\n<p>A Bahia est\u00e1 com 13 munic\u00edpios em epidemia de dengue. \u00c9 o que aponta o levantamento feito no Sistema de Notifica\u00e7\u00e3o de Agravos e Notifica\u00e7\u00f5es (Sinan). Outros oito est\u00e3o em alerta ou sob risco.<\/p>\n\n\n\n<p>Na \u00faltima quinta-feira (8), a secret\u00e1ria da Sa\u00fade do Estado, Roberta Santana, se reuniu com prefeitos e gestores municipais de sa\u00fade de cerca de 70 munic\u00edpios de localidades que encontram-se em aten\u00e7\u00e3o, seja por conta do hist\u00f3rico da doen\u00e7a, seja por ter sofrido com as fortes chuvas do in\u00edcio do ano.<\/p>\n\n\n\n<p>Em sua exposi\u00e7\u00e3o, Roberta Santana falou de temas como a mobiliza\u00e7\u00e3o da comunidade, a distribui\u00e7\u00e3o de materiais informativos e a intensifica\u00e7\u00e3o das campanhas de conscientiza\u00e7\u00e3o. De acordo com a titular da pasta, as a\u00e7\u00f5es de combate ao vetor da dengue iniciadas em 2023 contribu\u00edram para fazer com que a Bahia esteja, neste in\u00edcio de ano, com n\u00fameros menores que o mesmo per\u00edodo do ano passado.<\/p>\n","protected":false},"excerpt":{"rendered":"<p>Por g1 BA A Bahia recebeu, nesta sexta-feira (9), a primeira remessa da vacina contra a dengue. As 70.368 mil doses ser\u00e3o destinadas aos munic\u00edpios de Salvador, Lauro de Freitas, Vera Cruz, Madre de Deus, S\u00e3o Francisco do Conde, Itaparica, Candeias, Santo Amaro, S\u00e3o Sebasti\u00e3o do Passe e Saubara. Segundo a Secretaria de Sa\u00fade (Sesab), [&hellip;]<\/p>\n","protected":false},"author":2,"featured_media":79156,"comment_status":"open","ping_status":"open","sticky":false,"template":"","format":"standard","meta":{"_acf_changed":false,"_monsterinsights_skip_tracking":false,"_monsterinsights_sitenote_active":false,"_monsterinsights_sitenote_note":"","_monsterinsights_sitenote_category":0,"_jetpack_memberships_contains_paid_content":false,"footnotes":"","jetpack_publicize_message":"","jetpack_publicize_feature_enabled":true,"jetpack_social_post_already_shared":true,"jetpack_social_options":{"image_generator_settings":{"template":"highway","default_image_id":0,"font":"","enabled":false},"version":2}},"categories":[7],"tags":[],"class_list":["post-79155","post","type-post","status-publish","format-standard","has-post-thumbnail","hentry","category-saude"],"acf":[],"jetpack_publicize_connections":[],"jetpack_featured_media_url":"https:\/\/i0.wp.com\/blogdoeloiltoncajuhy.com.br\/site\/wp-content\/uploads\/2024\/02\/Bahia-recebe-primeiras-doses-da-vacina-contra-dengue-%E2%80%94-Foto_Divulgacao-SAUDE-GOVBA.png?fit=819%2C616&ssl=1","jetpack_sharing_enabled":true,"publishpress_future_workflow_manual_trigger":{"enabledWorkflows":[]},"_links":{"self":[{"href":"https:\/\/blogdoeloiltoncajuhy.com.br\/site\/wp-json\/wp\/v2\/posts\/79155","targetHints":{"allow":["GET"]}}],"collection":[{"href":"https:\/\/blogdoeloiltoncajuhy.com.br\/site\/wp-json\/wp\/v2\/posts"}],"about":[{"href":"https:\/\/blogdoeloiltoncajuhy.com.br\/site\/wp-json\/wp\/v2\/types\/post"}],"author":[{"embeddable":true,"href":"https:\/\/blogdoeloiltoncajuhy.com.br\/site\/wp-json\/wp\/v2\/users\/2"}],"replies":[{"embeddable":true,"href":"https:\/\/blogdoeloiltoncajuhy.com.br\/site\/wp-json\/wp\/v2\/comments?post=79155"}],"version-history":[{"count":1,"href":"https:\/\/blogdoeloiltoncajuhy.com.br\/site\/wp-json\/wp\/v2\/posts\/79155\/revisions"}],"predecessor-version":[{"id":79157,"href":"https:\/\/blogdoeloiltoncajuhy.com.br\/site\/wp-json\/wp\/v2\/posts\/79155\/revisions\/79157"}],"wp:featuredmedia":[{"embeddable":true,"href":"https:\/\/blogdoeloiltoncajuhy.com.br\/site\/wp-json\/wp\/v2\/media\/79156"}],"wp:attachment":[{"href":"https:\/\/blogdoeloiltoncajuhy.com.br\/site\/wp-json\/wp\/v2\/media?parent=79155"}],"wp:term":[{"taxonomy":"category","embeddable":true,"href":"https:\/\/blogdoeloiltoncajuhy.com.br\/site\/wp-json\/wp\/v2\/categories?post=79155"},{"taxonomy":"post_tag","embeddable":true,"href":"https:\/\/blogdoeloiltoncajuhy.com.br\/site\/wp-json\/wp\/v2\/tags?post=79155"}],"curies":[{"name":"wp","href":"https:\/\/api.w.org\/{rel}","templated":true}]}}