{"id":79152,"date":"2024-02-10T11:02:59","date_gmt":"2024-02-10T14:02:59","guid":{"rendered":"https:\/\/blogdoeloiltoncajuhy.com.br\/site\/?p=79152"},"modified":"2024-02-10T11:03:01","modified_gmt":"2024-02-10T14:03:01","slug":"olodum-completa-45-anos-e-vai-as-ruas-como-simbolo-da-luta-contra-o-racismo","status":"publish","type":"post","link":"https:\/\/blogdoeloiltoncajuhy.com.br\/site\/olodum-completa-45-anos-e-vai-as-ruas-como-simbolo-da-luta-contra-o-racismo\/","title":{"rendered":"Olodum completa 45 anos e vai \u00e0s ruas como s\u00edmbolo da luta contra o racismo"},"content":{"rendered":"\n<p class=\"has-medium-font-size\"><strong>Bloco afro fez seu primeiro desfile neste Carnaval nesta sexta (9) nas ruas do Pelourinho, em Salvador.<\/strong><\/p>\n\n\n\n<p><strong>Folha de S.Paulo<\/strong><\/p>\n\n\n\n<figure class=\"wp-block-image aligncenter size-full\"><a href=\"https:\/\/i0.wp.com\/blogdoeloiltoncajuhy.com.br\/site\/wp-content\/uploads\/2024\/02\/Olodum-45-anos_Foto_Joao-Pedro-Pitombo-Folhapress.jpg?ssl=1\"><img data-recalc-dims=\"1\" fetchpriority=\"high\" decoding=\"async\" width=\"800\" height=\"533\" src=\"https:\/\/i0.wp.com\/blogdoeloiltoncajuhy.com.br\/site\/wp-content\/uploads\/2024\/02\/Olodum-45-anos_Foto_Joao-Pedro-Pitombo-Folhapress.jpg?resize=800%2C533&#038;ssl=1\" alt=\"\" class=\"wp-image-79153\" srcset=\"https:\/\/i0.wp.com\/blogdoeloiltoncajuhy.com.br\/site\/wp-content\/uploads\/2024\/02\/Olodum-45-anos_Foto_Joao-Pedro-Pitombo-Folhapress.jpg?w=950&amp;ssl=1 950w, https:\/\/i0.wp.com\/blogdoeloiltoncajuhy.com.br\/site\/wp-content\/uploads\/2024\/02\/Olodum-45-anos_Foto_Joao-Pedro-Pitombo-Folhapress.jpg?resize=300%2C200&amp;ssl=1 300w, https:\/\/i0.wp.com\/blogdoeloiltoncajuhy.com.br\/site\/wp-content\/uploads\/2024\/02\/Olodum-45-anos_Foto_Joao-Pedro-Pitombo-Folhapress.jpg?resize=768%2C512&amp;ssl=1 768w\" sizes=\"(max-width: 800px) 100vw, 800px\" \/><\/a><figcaption class=\"wp-element-caption\"><sub>Desfile do bloco afro Olodum no Pelourinho, em Salvador &#8211; Jo\u00e3o Pedro Pitombo\/Folhapress<\/sub><\/figcaption><\/figure>\n\n\n\n<p>As cores verde, vermelho, amarelo e preto, que simbolizam o pan-africanismo, tomaram as ruas do Pelourinho na tarde desta sexta-feira (9). Um dos mais tradicionais blocos afro de Salvador, o Olodum, fez seu primeiro desfile neste Carnaval celebrando 45 anos de sua funda\u00e7\u00e3o.<\/p>\n\n\n\n<p>A concentra\u00e7\u00e3o para a sa\u00edda do Olodum come\u00e7ou por volta das 15h em frente \u00e0 sede do bloco, no Pelourinho. A apresenta\u00e7\u00e3o reuniu milhares de foli\u00f5es, incluindo turistas, que foram conferir a batida do samba-reggae, uma das c\u00e9lulas da m\u00fasica de Carnaval da Bahia.<\/p>\n\n\n\n<p>O Olodum desfila este ano com o tema &#8220;Wodaabe: O Povo do Sorriso \u2013 Uma Hist\u00f3ria de Beleza e Diversidade&#8221; falando de n\u00f4mades africanos que t\u00eam como tradi\u00e7\u00e3o o protagonismo feminino.<\/p>\n\n\n\n<p>Presidente da Funda\u00e7\u00e3o Palmares e um dos fundadores do Olodum, Jo\u00e3o Jorge Rodrigues celebrou o primeiro dia de Carnaval e lembrou o marco dos 50 anos dos blocos afro na Bahia, a partir da funda\u00e7\u00e3o do Il\u00ea Aiy\u00ea em 1974.<\/p>\n\n\n\n<p>&#8220;Estamos vivendo um momento especial pela comemora\u00e7\u00e3o de institui\u00e7\u00f5es que sobreviveram ao tempo. A luta contra o racismo na Bahia ganhou s\u00edmbolos poderosos da cultura da resist\u00eancia. Isso \u00e9 um exemplo para todo o Brasil&#8221;, afirmou Jo\u00e3o Jorge.<\/p>\n\n\n\n<p>Ele afirmou que ainda h\u00e1 muito a avan\u00e7ar no enfrentamento ao racismo estrutural e institucional, mas destacou conquistas deste \u00faltimo meio s\u00e9culo a partir da luta de homens e mulheres engajados na causa da igualdade racial: &#8220;N\u00e3o acabou com o racismo, mas j\u00e1 \u00e9 outro mundo&#8221;.<\/p>\n\n\n\n<p>Em 2024, pela primeira vez em muitos anos, o Olodum conseguiu um patroc\u00ednio privado em uma parceria com uma grande rede de supermercados. O bloco tamb\u00e9m recebe recursos da Prefeitura de Salvador e do governo do estado.<\/p>\n\n\n\n<p>Nesta sexta, nas ruas do Pelourinho, o Olodum cantou alguns de seus maiores sucessos, acompanhado por sua percuss\u00e3o. M\u00fasicos da banda faziam acrobacias com tambores e baquetas.<\/p>\n\n\n\n<p>A apresenta\u00e7\u00e3o foi acompanhada por artistas, representantes do setor cultural e autoridades, incluindo o governador Jer\u00f4nimo Rodrigues (PT).<\/p>\n\n\n\n<p>Ele celebrou os 45 anos do bloco e destacou a import\u00e2ncia de dinamizar a vida no Pelourinho, cujo conjunto arquitet\u00f4nico \u00e9 considerado patrim\u00f4nio Cultural da Humanidade pela Unesco. &#8220;Festa e cultura \u00e9 importante, mas precisamos olhar para as pessoas que moram aqui&#8221;, afirmou.<\/p>\n\n\n\n<p>O bloco volta \u00e0 avenida no domingo (11), no circuito Barra-Ondina, e faz novo desfile na ter\u00e7a-feira (13), no circuito do Campo Grande.<\/p>\n\n\n\n<p>Neste ano, a banda tem de volta o cantor Narcizinho, que retorna depois de tr\u00eas anos e se junta a Lucas di Fiori e Lazinho.<\/p>\n","protected":false},"excerpt":{"rendered":"<p>Bloco afro fez seu primeiro desfile neste Carnaval nesta sexta (9) nas ruas do Pelourinho, em Salvador. Folha de S.Paulo As cores verde, vermelho, amarelo e preto, que simbolizam o pan-africanismo, tomaram as ruas do Pelourinho na tarde desta sexta-feira (9). Um dos mais tradicionais blocos afro de Salvador, o Olodum, fez seu primeiro desfile [&hellip;]<\/p>\n","protected":false},"author":2,"featured_media":79153,"comment_status":"open","ping_status":"open","sticky":false,"template":"","format":"standard","meta":{"_acf_changed":false,"_monsterinsights_skip_tracking":false,"_monsterinsights_sitenote_active":false,"_monsterinsights_sitenote_note":"","_monsterinsights_sitenote_category":0,"_jetpack_memberships_contains_paid_content":false,"footnotes":"","jetpack_publicize_message":"","jetpack_publicize_feature_enabled":true,"jetpack_social_post_already_shared":true,"jetpack_social_options":{"image_generator_settings":{"template":"highway","default_image_id":0,"font":"","enabled":false},"version":2}},"categories":[8],"tags":[],"class_list":["post-79152","post","type-post","status-publish","format-standard","has-post-thumbnail","hentry","category-cultura"],"acf":[],"jetpack_publicize_connections":[],"jetpack_featured_media_url":"https:\/\/i0.wp.com\/blogdoeloiltoncajuhy.com.br\/site\/wp-content\/uploads\/2024\/02\/Olodum-45-anos_Foto_Joao-Pedro-Pitombo-Folhapress.jpg?fit=950%2C633&ssl=1","jetpack_sharing_enabled":true,"publishpress_future_workflow_manual_trigger":{"enabledWorkflows":[]},"_links":{"self":[{"href":"https:\/\/blogdoeloiltoncajuhy.com.br\/site\/wp-json\/wp\/v2\/posts\/79152","targetHints":{"allow":["GET"]}}],"collection":[{"href":"https:\/\/blogdoeloiltoncajuhy.com.br\/site\/wp-json\/wp\/v2\/posts"}],"about":[{"href":"https:\/\/blogdoeloiltoncajuhy.com.br\/site\/wp-json\/wp\/v2\/types\/post"}],"author":[{"embeddable":true,"href":"https:\/\/blogdoeloiltoncajuhy.com.br\/site\/wp-json\/wp\/v2\/users\/2"}],"replies":[{"embeddable":true,"href":"https:\/\/blogdoeloiltoncajuhy.com.br\/site\/wp-json\/wp\/v2\/comments?post=79152"}],"version-history":[{"count":1,"href":"https:\/\/blogdoeloiltoncajuhy.com.br\/site\/wp-json\/wp\/v2\/posts\/79152\/revisions"}],"predecessor-version":[{"id":79154,"href":"https:\/\/blogdoeloiltoncajuhy.com.br\/site\/wp-json\/wp\/v2\/posts\/79152\/revisions\/79154"}],"wp:featuredmedia":[{"embeddable":true,"href":"https:\/\/blogdoeloiltoncajuhy.com.br\/site\/wp-json\/wp\/v2\/media\/79153"}],"wp:attachment":[{"href":"https:\/\/blogdoeloiltoncajuhy.com.br\/site\/wp-json\/wp\/v2\/media?parent=79152"}],"wp:term":[{"taxonomy":"category","embeddable":true,"href":"https:\/\/blogdoeloiltoncajuhy.com.br\/site\/wp-json\/wp\/v2\/categories?post=79152"},{"taxonomy":"post_tag","embeddable":true,"href":"https:\/\/blogdoeloiltoncajuhy.com.br\/site\/wp-json\/wp\/v2\/tags?post=79152"}],"curies":[{"name":"wp","href":"https:\/\/api.w.org\/{rel}","templated":true}]}}