{"id":79143,"date":"2024-02-10T09:58:08","date_gmt":"2024-02-10T12:58:08","guid":{"rendered":"https:\/\/blogdoeloiltoncajuhy.com.br\/site\/?p=79143"},"modified":"2024-02-10T09:58:10","modified_gmt":"2024-02-10T12:58:10","slug":"numero-de-auxilio-doenca-por-alcoolismo-cresce-19-segundo-inss","status":"publish","type":"post","link":"https:\/\/blogdoeloiltoncajuhy.com.br\/site\/numero-de-auxilio-doenca-por-alcoolismo-cresce-19-segundo-inss\/","title":{"rendered":"N\u00famero de aux\u00edlio-doen\u00e7a por alcoolismo cresce 19%, segundo INSS"},"content":{"rendered":"\n<p class=\"has-medium-font-size\"><strong>Carla Benedetti, mestre e doutoranda em direito pela PUC-SP, comenta a alta e os direitos previdenci\u00e1rios de quem sofre com esse transtorno.<\/strong><\/p>\n\n\n\n<p><strong>Xanndi Poletto<\/strong><\/p>\n\n\n\n<figure class=\"wp-block-image aligncenter size-full is-resized\"><a href=\"https:\/\/i0.wp.com\/blogdoeloiltoncajuhy.com.br\/site\/wp-content\/uploads\/2024\/02\/Alcolismo_Reproducao-Freepik.jpg?ssl=1\"><img data-recalc-dims=\"1\" fetchpriority=\"high\" decoding=\"async\" width=\"800\" height=\"533\" src=\"https:\/\/i0.wp.com\/blogdoeloiltoncajuhy.com.br\/site\/wp-content\/uploads\/2024\/02\/Alcolismo_Reproducao-Freepik.jpg?resize=800%2C533&#038;ssl=1\" alt=\"\" class=\"wp-image-79144\" style=\"width:651px;height:auto\" srcset=\"https:\/\/i0.wp.com\/blogdoeloiltoncajuhy.com.br\/site\/wp-content\/uploads\/2024\/02\/Alcolismo_Reproducao-Freepik.jpg?w=900&amp;ssl=1 900w, https:\/\/i0.wp.com\/blogdoeloiltoncajuhy.com.br\/site\/wp-content\/uploads\/2024\/02\/Alcolismo_Reproducao-Freepik.jpg?resize=300%2C200&amp;ssl=1 300w, https:\/\/i0.wp.com\/blogdoeloiltoncajuhy.com.br\/site\/wp-content\/uploads\/2024\/02\/Alcolismo_Reproducao-Freepik.jpg?resize=768%2C512&amp;ssl=1 768w\" sizes=\"(max-width: 800px) 100vw, 800px\" \/><\/a><figcaption class=\"wp-element-caption\"><sub>Reprodu\u00e7\u00e3o\/Freepik<\/sub><\/figcaption><\/figure>\n\n\n\n<p>O n\u00famero de aux\u00edlio-doen\u00e7a por alcoolismo cresceu 19,5% no ano passado, de acordo com os dados do INSS. Pelo menos 4,3 mil benef\u00edcios foram concedidos a segurados que est\u00e3o impossibilitados de trabalhar por conta do v\u00edcio no \u00e1lcool.<\/p>\n\n\n\n<p>Segundo os dados do instituto, o n\u00famero de benef\u00edcios deste tipo vem aumentando gradativamente desde a pandemia. No ano de 2020, foram 3,1 mil pedidos concedidos. No ano seguinte, o registro foi de 3,3 mil. Em 2022, o n\u00famero cresceu para 3,6 mil concess\u00f5es realizadas.<\/p>\n\n\n\n<p>A mestre e doutoranda em direito pela PUC-SP Carla Benedetti explica que o aux\u00edlio-doen\u00e7a \u00e9 um direito de quem sofre com esse tipo de v\u00edcio, mas existem etapas de comprova\u00e7\u00e3o para que seja feita a concess\u00e3o do benef\u00edcio. \u201c\u00c9 importante entendermos que existem alguns requisitos para essa concess\u00e3o. \u00c9 preciso haver uma rotina desse v\u00edcio que impossibilite a pessoa de desenvolver suas atividades profissionais, o que claramente configura um preju\u00edzo\u201d, explica.<\/p>\n\n\n\n<p>Dependendo do caso, a advogada previdenciarista explica que h\u00e1 outros benef\u00edcios que se enquadram al\u00e9m do aux\u00edlio-doen\u00e7a. \u201cA pessoa que sofre desse transtorno pode, em alguns casos, solicitar BPC (Benef\u00edcio de Presta\u00e7\u00e3o Continuada), que atende idosos e pessoas com defici\u00eancia de baixa renda, e at\u00e9 a Aposentadoria por Invalidez, caso o transtorno se estenda, o que neste caso precisa passar necessariamente pelo aux\u00edlio-doen\u00e7a\u201d.<\/p>\n\n\n\n<p>Carla finaliza com um alerta importante sobre os dados. \u201cAs altas consecutivas levantam um debate para al\u00e9m da previd\u00eancia social e devem ser interpretadas por diferentes setores da sociedade. \u00c9 prov\u00e1vel que a necessidade desse tipo de benef\u00edcio continue crescendo\u201d.<\/p>\n","protected":false},"excerpt":{"rendered":"<p>Carla Benedetti, mestre e doutoranda em direito pela PUC-SP, comenta a alta e os direitos previdenci\u00e1rios de quem sofre com esse transtorno. Xanndi Poletto O n\u00famero de aux\u00edlio-doen\u00e7a por alcoolismo cresceu 19,5% no ano passado, de acordo com os dados do INSS. Pelo menos 4,3 mil benef\u00edcios foram concedidos a segurados que est\u00e3o impossibilitados de [&hellip;]<\/p>\n","protected":false},"author":2,"featured_media":79144,"comment_status":"open","ping_status":"open","sticky":false,"template":"","format":"standard","meta":{"_acf_changed":false,"_monsterinsights_skip_tracking":false,"_monsterinsights_sitenote_active":false,"_monsterinsights_sitenote_note":"","_monsterinsights_sitenote_category":0,"_jetpack_memberships_contains_paid_content":false,"footnotes":"","jetpack_publicize_message":"","jetpack_publicize_feature_enabled":true,"jetpack_social_post_already_shared":true,"jetpack_social_options":{"image_generator_settings":{"template":"highway","default_image_id":0,"font":"","enabled":false},"version":2}},"categories":[7],"tags":[],"class_list":["post-79143","post","type-post","status-publish","format-standard","has-post-thumbnail","hentry","category-saude"],"acf":[],"jetpack_publicize_connections":[],"jetpack_featured_media_url":"https:\/\/i0.wp.com\/blogdoeloiltoncajuhy.com.br\/site\/wp-content\/uploads\/2024\/02\/Alcolismo_Reproducao-Freepik.jpg?fit=900%2C600&ssl=1","jetpack_sharing_enabled":true,"publishpress_future_workflow_manual_trigger":{"enabledWorkflows":[]},"_links":{"self":[{"href":"https:\/\/blogdoeloiltoncajuhy.com.br\/site\/wp-json\/wp\/v2\/posts\/79143","targetHints":{"allow":["GET"]}}],"collection":[{"href":"https:\/\/blogdoeloiltoncajuhy.com.br\/site\/wp-json\/wp\/v2\/posts"}],"about":[{"href":"https:\/\/blogdoeloiltoncajuhy.com.br\/site\/wp-json\/wp\/v2\/types\/post"}],"author":[{"embeddable":true,"href":"https:\/\/blogdoeloiltoncajuhy.com.br\/site\/wp-json\/wp\/v2\/users\/2"}],"replies":[{"embeddable":true,"href":"https:\/\/blogdoeloiltoncajuhy.com.br\/site\/wp-json\/wp\/v2\/comments?post=79143"}],"version-history":[{"count":1,"href":"https:\/\/blogdoeloiltoncajuhy.com.br\/site\/wp-json\/wp\/v2\/posts\/79143\/revisions"}],"predecessor-version":[{"id":79145,"href":"https:\/\/blogdoeloiltoncajuhy.com.br\/site\/wp-json\/wp\/v2\/posts\/79143\/revisions\/79145"}],"wp:featuredmedia":[{"embeddable":true,"href":"https:\/\/blogdoeloiltoncajuhy.com.br\/site\/wp-json\/wp\/v2\/media\/79144"}],"wp:attachment":[{"href":"https:\/\/blogdoeloiltoncajuhy.com.br\/site\/wp-json\/wp\/v2\/media?parent=79143"}],"wp:term":[{"taxonomy":"category","embeddable":true,"href":"https:\/\/blogdoeloiltoncajuhy.com.br\/site\/wp-json\/wp\/v2\/categories?post=79143"},{"taxonomy":"post_tag","embeddable":true,"href":"https:\/\/blogdoeloiltoncajuhy.com.br\/site\/wp-json\/wp\/v2\/tags?post=79143"}],"curies":[{"name":"wp","href":"https:\/\/api.w.org\/{rel}","templated":true}]}}