{"id":79109,"date":"2024-02-07T17:16:48","date_gmt":"2024-02-07T20:16:48","guid":{"rendered":"https:\/\/blogdoeloiltoncajuhy.com.br\/site\/?p=79109"},"modified":"2024-02-07T17:16:50","modified_gmt":"2024-02-07T20:16:50","slug":"secretaria-da-saude-se-reunira-com-62-prefeitos-para-tratar-sobre-o-combate-a-dengue","status":"publish","type":"post","link":"https:\/\/blogdoeloiltoncajuhy.com.br\/site\/secretaria-da-saude-se-reunira-com-62-prefeitos-para-tratar-sobre-o-combate-a-dengue\/","title":{"rendered":"Secret\u00e1ria da Sa\u00fade se reunir\u00e1 com 62 prefeitos para tratar sobre o combate \u00e0 Dengue"},"content":{"rendered":"\n<p class=\"has-medium-font-size\"><strong>Encontro visa fortalecer coopera\u00e7\u00e3o entre as autoridades locais e a gest\u00e3o de sa\u00fade, para o combate efetivo ao mosquito Aedes aegypti.<\/strong><\/p>\n\n\n\n<p><strong>Ascom Sesab<\/strong><\/p>\n\n\n\n<figure class=\"wp-block-image aligncenter size-full is-resized\"><a href=\"https:\/\/i0.wp.com\/blogdoeloiltoncajuhy.com.br\/site\/wp-content\/uploads\/2024\/02\/GOVBA_Secretaria-Roberta-Santana_Foto_Leonardo-Rattes-SAUDE-GOVBA.jpg?ssl=1\"><img data-recalc-dims=\"1\" fetchpriority=\"high\" decoding=\"async\" width=\"800\" height=\"533\" src=\"https:\/\/i0.wp.com\/blogdoeloiltoncajuhy.com.br\/site\/wp-content\/uploads\/2024\/02\/GOVBA_Secretaria-Roberta-Santana_Foto_Leonardo-Rattes-SAUDE-GOVBA.jpg?resize=800%2C533&#038;ssl=1\" alt=\"\" class=\"wp-image-79110\" style=\"width:735px;height:auto\" srcset=\"https:\/\/i0.wp.com\/blogdoeloiltoncajuhy.com.br\/site\/wp-content\/uploads\/2024\/02\/GOVBA_Secretaria-Roberta-Santana_Foto_Leonardo-Rattes-SAUDE-GOVBA.jpg?w=900&amp;ssl=1 900w, https:\/\/i0.wp.com\/blogdoeloiltoncajuhy.com.br\/site\/wp-content\/uploads\/2024\/02\/GOVBA_Secretaria-Roberta-Santana_Foto_Leonardo-Rattes-SAUDE-GOVBA.jpg?resize=300%2C200&amp;ssl=1 300w, https:\/\/i0.wp.com\/blogdoeloiltoncajuhy.com.br\/site\/wp-content\/uploads\/2024\/02\/GOVBA_Secretaria-Roberta-Santana_Foto_Leonardo-Rattes-SAUDE-GOVBA.jpg?resize=768%2C512&amp;ssl=1 768w\" sizes=\"(max-width: 800px) 100vw, 800px\" \/><\/a><figcaption class=\"wp-element-caption\"><sub>Secret\u00e1ria Roberta Santana &#8211; Foto: Leonardo Rattes\/SA\u00daDE\/GOVBA<\/sub><\/figcaption><\/figure>\n\n\n\n<p>A Secret\u00e1ria da Sa\u00fade da Bahia, Roberta Santana, se reunir\u00e1 nesta quinta-feira (8), \u00e0s 9 horas, com 62 prefeitos para discutir estrat\u00e9gias eficazes no combate \u00e0 Dengue na Bahia. At\u00e9 31 de janeiro de 2024, o estado registrava uma redu\u00e7\u00e3o de 23,5% no n\u00famero de casos em rela\u00e7\u00e3o ao mesmo per\u00edodo de 2023, contudo, diversos estados brasileiros est\u00e3o em situa\u00e7\u00e3o epid\u00eamica.<\/p>\n\n\n\n<p>O encontro visa fortalecer a coopera\u00e7\u00e3o entre as autoridades locais e a gest\u00e3o de sa\u00fade, buscando solu\u00e7\u00f5es conjuntas para conter a prolifera\u00e7\u00e3o do mosquito Aedes aegypti, transmissor da Dengue, Zika e Chikungunya.<\/p>\n\n\n\n<p>A colabora\u00e7\u00e3o entre munic\u00edpios torna-se essencial para implementar medidas coordenadas e abrangentes, desde a\u00e7\u00f5es de preven\u00e7\u00e3o at\u00e9 o refor\u00e7o nos sistemas de monitoramento e tratamento.<\/p>\n\n\n\n<p>Durante a reuni\u00e3o, a Secret\u00e1ria abordar\u00e1 temas como a mobiliza\u00e7\u00e3o da comunidade, a distribui\u00e7\u00e3o de materiais informativos e a intensifica\u00e7\u00e3o das campanhas de conscientiza\u00e7\u00e3o.<\/p>\n\n\n\n<h2 class=\"wp-block-heading\">Vacina\u200b<\/h2>\n\n\n\n<p>O Governo Federal divulgou a lista de cidades que v\u00e3o receber a vacina contra a dengue. Ao todo, foram inclu\u00eddos 115 munic\u00edpios baianos que devem receber as primeiras remessas do imunizante nos pr\u00f3ximos dias, como explica a secret\u00e1ria Roberta Santana.<\/p>\n\n\n\n<p>&#8220;Conduzido pelo presidente Lula e pela ministra N\u00edsia, o Brasil \u00e9 o primeiro pa\u00eds a fazer a aquisi\u00e7\u00e3o dessa vacina. Hoje eu tenho uma reuni\u00e3o com o f\u00f3rum de governadores e com a ministra para falar sobre a Dengue. O cen\u00e1rio da Bahia est\u00e1 um pouco melhor do que o restante do pa\u00eds em virtude das a\u00e7\u00f5es de elimina\u00e7\u00e3o dos criadouros realizadas desde novembro do ano passado, bem como das formas aladas do mosquito. A vacina vai chegar, mas precisamos ter a consci\u00eancia de que ser\u00e1 uma solu\u00e7\u00e3o de m\u00e9dio a longo prazo. Atualmente 80% dos criadouros est\u00e3o nas resid\u00eancias, o que significa que cada um tem que fazer a sua parte&#8221;, alerta Santana.<\/p>\n\n\n\n<p>Inicialmente, o p\u00fablico-alvo ser\u00e1 composto por crian\u00e7as e adolescentes de 10 a 14 anos, faixa et\u00e1ria que concentra o maior n\u00famero de hospitaliza\u00e7\u00f5es por dengue, ap\u00f3s os idosos, grupo para o qual a vacina n\u00e3o foi liberada pela Ag\u00eancia Nacional de Vigil\u00e2ncia Sanit\u00e1ria (Anvisa).<\/p>\n","protected":false},"excerpt":{"rendered":"<p>Encontro visa fortalecer coopera\u00e7\u00e3o entre as autoridades locais e a gest\u00e3o de sa\u00fade, para o combate efetivo ao mosquito Aedes aegypti. Ascom Sesab A Secret\u00e1ria da Sa\u00fade da Bahia, Roberta Santana, se reunir\u00e1 nesta quinta-feira (8), \u00e0s 9 horas, com 62 prefeitos para discutir estrat\u00e9gias eficazes no combate \u00e0 Dengue na Bahia. At\u00e9 31 de [&hellip;]<\/p>\n","protected":false},"author":2,"featured_media":79110,"comment_status":"open","ping_status":"open","sticky":false,"template":"","format":"standard","meta":{"_acf_changed":false,"_monsterinsights_skip_tracking":false,"_monsterinsights_sitenote_active":false,"_monsterinsights_sitenote_note":"","_monsterinsights_sitenote_category":0,"_jetpack_memberships_contains_paid_content":false,"footnotes":"","jetpack_publicize_message":"","jetpack_publicize_feature_enabled":true,"jetpack_social_post_already_shared":true,"jetpack_social_options":{"image_generator_settings":{"template":"highway","default_image_id":0,"font":"","enabled":false},"version":2}},"categories":[7],"tags":[],"class_list":["post-79109","post","type-post","status-publish","format-standard","has-post-thumbnail","hentry","category-saude"],"acf":[],"jetpack_publicize_connections":[],"jetpack_featured_media_url":"https:\/\/i0.wp.com\/blogdoeloiltoncajuhy.com.br\/site\/wp-content\/uploads\/2024\/02\/GOVBA_Secretaria-Roberta-Santana_Foto_Leonardo-Rattes-SAUDE-GOVBA.jpg?fit=900%2C600&ssl=1","jetpack_sharing_enabled":true,"publishpress_future_workflow_manual_trigger":{"enabledWorkflows":[]},"_links":{"self":[{"href":"https:\/\/blogdoeloiltoncajuhy.com.br\/site\/wp-json\/wp\/v2\/posts\/79109","targetHints":{"allow":["GET"]}}],"collection":[{"href":"https:\/\/blogdoeloiltoncajuhy.com.br\/site\/wp-json\/wp\/v2\/posts"}],"about":[{"href":"https:\/\/blogdoeloiltoncajuhy.com.br\/site\/wp-json\/wp\/v2\/types\/post"}],"author":[{"embeddable":true,"href":"https:\/\/blogdoeloiltoncajuhy.com.br\/site\/wp-json\/wp\/v2\/users\/2"}],"replies":[{"embeddable":true,"href":"https:\/\/blogdoeloiltoncajuhy.com.br\/site\/wp-json\/wp\/v2\/comments?post=79109"}],"version-history":[{"count":1,"href":"https:\/\/blogdoeloiltoncajuhy.com.br\/site\/wp-json\/wp\/v2\/posts\/79109\/revisions"}],"predecessor-version":[{"id":79111,"href":"https:\/\/blogdoeloiltoncajuhy.com.br\/site\/wp-json\/wp\/v2\/posts\/79109\/revisions\/79111"}],"wp:featuredmedia":[{"embeddable":true,"href":"https:\/\/blogdoeloiltoncajuhy.com.br\/site\/wp-json\/wp\/v2\/media\/79110"}],"wp:attachment":[{"href":"https:\/\/blogdoeloiltoncajuhy.com.br\/site\/wp-json\/wp\/v2\/media?parent=79109"}],"wp:term":[{"taxonomy":"category","embeddable":true,"href":"https:\/\/blogdoeloiltoncajuhy.com.br\/site\/wp-json\/wp\/v2\/categories?post=79109"},{"taxonomy":"post_tag","embeddable":true,"href":"https:\/\/blogdoeloiltoncajuhy.com.br\/site\/wp-json\/wp\/v2\/tags?post=79109"}],"curies":[{"name":"wp","href":"https:\/\/api.w.org\/{rel}","templated":true}]}}