{"id":79048,"date":"2024-02-04T22:11:21","date_gmt":"2024-02-05T01:11:21","guid":{"rendered":"https:\/\/blogdoeloiltoncajuhy.com.br\/site\/?p=79048"},"modified":"2024-02-04T22:11:23","modified_gmt":"2024-02-05T01:11:23","slug":"por-meio-do-bahia-sem-fome-governo-do-estado-envia-2-700-cestas-alimentares-a-municipios-atingidos-pelas-enchentes","status":"publish","type":"post","link":"https:\/\/blogdoeloiltoncajuhy.com.br\/site\/por-meio-do-bahia-sem-fome-governo-do-estado-envia-2-700-cestas-alimentares-a-municipios-atingidos-pelas-enchentes\/","title":{"rendered":"Por meio do Bahia Sem Fome, Governo do Estado envia 2.700 cestas alimentares a munic\u00edpios atingidos pelas enchentes"},"content":{"rendered":"\n<p class=\"has-text-align-center has-medium-font-size\"><strong>S\u00e3o 526 desabrigados e 9.386 desalojados, em decorr\u00eancia dos efeitos diretos do desastre.<\/strong><\/p>\n\n\n\n<p><strong>Por Secom-BA<\/strong><\/p>\n\n\n\n<figure class=\"wp-block-image aligncenter size-full is-resized\"><a href=\"https:\/\/i0.wp.com\/blogdoeloiltoncajuhy.com.br\/site\/wp-content\/uploads\/2024\/02\/GOVBA_Emergencia_Foto-Divulgacao.png\"><img data-recalc-dims=\"1\" fetchpriority=\"high\" decoding=\"async\" width=\"800\" height=\"504\" src=\"https:\/\/i0.wp.com\/blogdoeloiltoncajuhy.com.br\/site\/wp-content\/uploads\/2024\/02\/GOVBA_Emergencia_Foto-Divulgacao.png?resize=800%2C504\" alt=\"\" class=\"wp-image-79049\" style=\"width:692px;height:auto\" srcset=\"https:\/\/i0.wp.com\/blogdoeloiltoncajuhy.com.br\/site\/wp-content\/uploads\/2024\/02\/GOVBA_Emergencia_Foto-Divulgacao.png?w=855&amp;ssl=1 855w, https:\/\/i0.wp.com\/blogdoeloiltoncajuhy.com.br\/site\/wp-content\/uploads\/2024\/02\/GOVBA_Emergencia_Foto-Divulgacao.png?resize=300%2C189&amp;ssl=1 300w, https:\/\/i0.wp.com\/blogdoeloiltoncajuhy.com.br\/site\/wp-content\/uploads\/2024\/02\/GOVBA_Emergencia_Foto-Divulgacao.png?resize=768%2C484&amp;ssl=1 768w\" sizes=\"(max-width: 800px) 100vw, 800px\" \/><\/a><figcaption class=\"wp-element-caption\"><sub>Divulga\u00e7\u00e3o<\/sub><\/figcaption><\/figure>\n\n\n\n<p>Em continuidade ao trabalho de monitoramento e apoio aos munic\u00edpios baianos afetados pelas chuvas e, com base nas informa\u00e7\u00f5es recebidas das prefeituras, O Governo do Estado, por meio da Superintend\u00eancia de Prote\u00e7\u00e3o e Defesa Civil da Bahia (Sudec), atualizou, na \u00faltima sexta-feira (2), os n\u00fameros referentes \u00e0 popula\u00e7\u00e3o atingida. S\u00e3o 526 desabrigados e 9.386 desalojados, em decorr\u00eancia dos efeitos diretos do desastre. O n\u00famero total de atingidos chega a aproximadamente 126 mil. At\u00e9 o momento, foram contabilizados cinco \u00f3bitos.<\/p>\n\n\n\n<p>Os n\u00fameros correspondem \u00e0s ocorr\u00eancias registradas em 33 munic\u00edpios afetados. \u00c9 importante destacar que, desse total, 24 est\u00e3o com decreto de Situa\u00e7\u00e3o de Emerg\u00eancia (SE), s\u00e3o eles: D\u00e1rio Meira, Cotegipe, Ilh\u00e9us, Medeiros Neto, Ibicu\u00ed, Anag\u00e9, Muqu\u00e9m do S\u00e3o Francisco, Quinjingue, Wanderley, Uba\u00edra, Nova Cana\u00e3, Saubara, Igua\u00ed, Lagoa Real, C\u00edcero Dantas, Cansan\u00e7\u00e3o, Cravol\u00e2ndia, S\u00e3o Miguel das Matas, Monte Santo, Contendas do Sincor\u00e1, Mutu\u00edpe, Barra, Itaju do Col\u00f4nia e Milagres.<\/p>\n\n\n\n<p>O Programa Bahia Sem Fome est\u00e1 com opera\u00e7\u00e3o especial para entregar cestas alimentares \u00e0 popula\u00e7\u00e3o desses munic\u00edpios. At\u00e9 o momento, j\u00e1 foram entregues 900 cestas para as cidades de Wanderley (100), D\u00e1rio Meira (300), Medeiros Neto (300) e Ibicu\u00ed (200). Est\u00e3o a caminho mais 1.800 cestas alimentares, para os munic\u00edpios de Wanderley (200), Quijingue (300), Cansan\u00e7\u00e3o (400), Monte Santo (500), Cotegipe (200) e Muqu\u00e9m do S\u00e3o Francisco (200).<\/p>\n","protected":false},"excerpt":{"rendered":"<p>S\u00e3o 526 desabrigados e 9.386 desalojados, em decorr\u00eancia dos efeitos diretos do desastre. Por Secom-BA Em continuidade ao trabalho de monitoramento e apoio aos munic\u00edpios baianos afetados pelas chuvas e, com base nas informa\u00e7\u00f5es recebidas das prefeituras, O Governo do Estado, por meio da Superintend\u00eancia de Prote\u00e7\u00e3o e Defesa Civil da Bahia (Sudec), atualizou, na [&hellip;]<\/p>\n","protected":false},"author":2,"featured_media":79049,"comment_status":"open","ping_status":"open","sticky":false,"template":"","format":"standard","meta":{"_acf_changed":false,"_monsterinsights_skip_tracking":false,"_monsterinsights_sitenote_active":false,"_monsterinsights_sitenote_note":"","_monsterinsights_sitenote_category":0,"_jetpack_memberships_contains_paid_content":false,"footnotes":"","jetpack_publicize_message":"","jetpack_publicize_feature_enabled":true,"jetpack_social_post_already_shared":true,"jetpack_social_options":{"image_generator_settings":{"template":"highway","default_image_id":0,"font":"","enabled":false},"version":2}},"categories":[5],"tags":[],"class_list":["post-79048","post","type-post","status-publish","format-standard","has-post-thumbnail","hentry","category-cotidiano"],"acf":[],"jetpack_publicize_connections":[],"jetpack_featured_media_url":"https:\/\/i0.wp.com\/blogdoeloiltoncajuhy.com.br\/site\/wp-content\/uploads\/2024\/02\/GOVBA_Emergencia_Foto-Divulgacao.png?fit=855%2C539&ssl=1","jetpack_sharing_enabled":true,"publishpress_future_workflow_manual_trigger":{"enabledWorkflows":[]},"_links":{"self":[{"href":"https:\/\/blogdoeloiltoncajuhy.com.br\/site\/wp-json\/wp\/v2\/posts\/79048","targetHints":{"allow":["GET"]}}],"collection":[{"href":"https:\/\/blogdoeloiltoncajuhy.com.br\/site\/wp-json\/wp\/v2\/posts"}],"about":[{"href":"https:\/\/blogdoeloiltoncajuhy.com.br\/site\/wp-json\/wp\/v2\/types\/post"}],"author":[{"embeddable":true,"href":"https:\/\/blogdoeloiltoncajuhy.com.br\/site\/wp-json\/wp\/v2\/users\/2"}],"replies":[{"embeddable":true,"href":"https:\/\/blogdoeloiltoncajuhy.com.br\/site\/wp-json\/wp\/v2\/comments?post=79048"}],"version-history":[{"count":1,"href":"https:\/\/blogdoeloiltoncajuhy.com.br\/site\/wp-json\/wp\/v2\/posts\/79048\/revisions"}],"predecessor-version":[{"id":79050,"href":"https:\/\/blogdoeloiltoncajuhy.com.br\/site\/wp-json\/wp\/v2\/posts\/79048\/revisions\/79050"}],"wp:featuredmedia":[{"embeddable":true,"href":"https:\/\/blogdoeloiltoncajuhy.com.br\/site\/wp-json\/wp\/v2\/media\/79049"}],"wp:attachment":[{"href":"https:\/\/blogdoeloiltoncajuhy.com.br\/site\/wp-json\/wp\/v2\/media?parent=79048"}],"wp:term":[{"taxonomy":"category","embeddable":true,"href":"https:\/\/blogdoeloiltoncajuhy.com.br\/site\/wp-json\/wp\/v2\/categories?post=79048"},{"taxonomy":"post_tag","embeddable":true,"href":"https:\/\/blogdoeloiltoncajuhy.com.br\/site\/wp-json\/wp\/v2\/tags?post=79048"}],"curies":[{"name":"wp","href":"https:\/\/api.w.org\/{rel}","templated":true}]}}