{"id":79044,"date":"2024-02-04T21:58:48","date_gmt":"2024-02-05T00:58:48","guid":{"rendered":"https:\/\/blogdoeloiltoncajuhy.com.br\/site\/?p=79044"},"modified":"2024-02-04T21:58:50","modified_gmt":"2024-02-05T00:58:50","slug":"caso-daniel-alves-julgamento-comeca-nesta-segunda-feira-em-barcelona","status":"publish","type":"post","link":"https:\/\/blogdoeloiltoncajuhy.com.br\/site\/caso-daniel-alves-julgamento-comeca-nesta-segunda-feira-em-barcelona\/","title":{"rendered":"Caso Daniel Alves: julgamento come\u00e7a nesta segunda-feira em Barcelona"},"content":{"rendered":"\n<p class=\"has-medium-font-size\"><strong>Jogador brasileiro \u00e9 julgado por estupro na Espanha e pode pegar nove anos de pris\u00e3o; defesa vai alegar embriaguez, em quinta vers\u00e3o sobre o que teria acontecido em boate.<\/strong><\/p>\n\n\n\n<p><strong>Por Reda\u00e7\u00e3o do ge<\/strong> \u2014 Barcelona, Espanha<\/p>\n\n\n\n<figure class=\"wp-block-image aligncenter size-full is-resized\"><a href=\"https:\/\/i0.wp.com\/blogdoeloiltoncajuhy.com.br\/site\/wp-content\/uploads\/2024\/02\/Daniel-Alves-vai-a-julgamento-na-Espanha-%E2%80%94-Foto-Getty-Images.png?ssl=1\"><img data-recalc-dims=\"1\" fetchpriority=\"high\" decoding=\"async\" width=\"800\" height=\"529\" src=\"https:\/\/i0.wp.com\/blogdoeloiltoncajuhy.com.br\/site\/wp-content\/uploads\/2024\/02\/Daniel-Alves-vai-a-julgamento-na-Espanha-%E2%80%94-Foto-Getty-Images.png?resize=800%2C529&#038;ssl=1\" alt=\"\" class=\"wp-image-79045\" style=\"width:660px;height:auto\" srcset=\"https:\/\/i0.wp.com\/blogdoeloiltoncajuhy.com.br\/site\/wp-content\/uploads\/2024\/02\/Daniel-Alves-vai-a-julgamento-na-Espanha-%E2%80%94-Foto-Getty-Images.png?w=802&amp;ssl=1 802w, https:\/\/i0.wp.com\/blogdoeloiltoncajuhy.com.br\/site\/wp-content\/uploads\/2024\/02\/Daniel-Alves-vai-a-julgamento-na-Espanha-%E2%80%94-Foto-Getty-Images.png?resize=300%2C198&amp;ssl=1 300w, https:\/\/i0.wp.com\/blogdoeloiltoncajuhy.com.br\/site\/wp-content\/uploads\/2024\/02\/Daniel-Alves-vai-a-julgamento-na-Espanha-%E2%80%94-Foto-Getty-Images.png?resize=768%2C508&amp;ssl=1 768w\" sizes=\"(max-width: 800px) 100vw, 800px\" \/><\/a><figcaption class=\"wp-element-caption\"><sub>Daniel Alves vai a julgamento na Espanha, acusado de estupro \u2014 Foto: Getty Images<\/sub><\/figcaption><\/figure>\n\n\n\n<p>Come\u00e7a nesta segunda-feira o julgamento de Daniel Alves, acusado de agress\u00e3o sexual contra uma mulher em Barcelona. A previs\u00e3o \u00e9 que as sess\u00f5es no Tribunal Provincial de Barcelona, na Espanha, durem at\u00e9 quarta-feira. O Minist\u00e9rio P\u00fablico pede nove anos de pris\u00e3o para o brasileiro. A defesa da suposta v\u00edtima quer 12 anos \u2014 pena m\u00e1xima para esse tipo de crime no pa\u00eds.<\/p>\n\n\n\n<p>Est\u00e3o previstos os depoimentos da suposta v\u00edtima do jogador, uma amiga e uma familiar da denunciante, nesse primeiro dia do julgamento. As tr\u00eas estavam na boa Sutton, na noite de 30 de dezembro de 2022, quando Daniel Alves teria cometido o estupro.<\/p>\n\n\n\n<p>Outras testemunhas tamb\u00e9m ser\u00e3o ouvidas neste primeiro dia, al\u00e9m de representantes do Minist\u00e9rio P\u00fablico, da acusa\u00e7\u00e3o e da defesa de Dani.<\/p>\n\n\n\n<figure class=\"wp-block-image aligncenter size-full is-resized\"><a href=\"https:\/\/i0.wp.com\/blogdoeloiltoncajuhy.com.br\/site\/wp-content\/uploads\/2024\/02\/Ester-Garcia-advogada-da-suposta-vitima-de-Daniel-Alves-%E2%80%94-Foto-Getty-Images.png?ssl=1\"><img data-recalc-dims=\"1\" decoding=\"async\" width=\"792\" height=\"523\" src=\"https:\/\/i0.wp.com\/blogdoeloiltoncajuhy.com.br\/site\/wp-content\/uploads\/2024\/02\/Ester-Garcia-advogada-da-suposta-vitima-de-Daniel-Alves-%E2%80%94-Foto-Getty-Images.png?resize=792%2C523&#038;ssl=1\" alt=\"\" class=\"wp-image-79046\" style=\"width:662px;height:auto\" srcset=\"https:\/\/i0.wp.com\/blogdoeloiltoncajuhy.com.br\/site\/wp-content\/uploads\/2024\/02\/Ester-Garcia-advogada-da-suposta-vitima-de-Daniel-Alves-%E2%80%94-Foto-Getty-Images.png?w=792&amp;ssl=1 792w, https:\/\/i0.wp.com\/blogdoeloiltoncajuhy.com.br\/site\/wp-content\/uploads\/2024\/02\/Ester-Garcia-advogada-da-suposta-vitima-de-Daniel-Alves-%E2%80%94-Foto-Getty-Images.png?resize=300%2C198&amp;ssl=1 300w, https:\/\/i0.wp.com\/blogdoeloiltoncajuhy.com.br\/site\/wp-content\/uploads\/2024\/02\/Ester-Garcia-advogada-da-suposta-vitima-de-Daniel-Alves-%E2%80%94-Foto-Getty-Images.png?resize=768%2C507&amp;ssl=1 768w\" sizes=\"(max-width: 792px) 100vw, 792px\" \/><\/a><figcaption class=\"wp-element-caption\"><sub>Ester Garcia, advogada da suposta v\u00edtima de Daniel Alves \u2014 Foto: Getty Images<\/sub><\/figcaption><\/figure>\n\n\n\n<p>Segundo o &#8220;UOL&#8221;, a sess\u00e3o de ter\u00e7a-feira ter\u00e1 depoimentos de mais testemunhas, entre elas a modelo Joana Sanz, esposa de Daniel Alves na \u00e9poca, mais quatro amigos do jogador, e policiais qua participaram da investiga\u00e7\u00e3o do caso.<\/p>\n\n\n\n<p>Daniel Alves foi preso preventivamente em 20 de janeiro de 2023. Ele teve quatro pedidos de liberdade provis\u00f3ria negados pela Justi\u00e7a da Espanha, que usou como argumento o risco de fuga para o Brasil.<\/p>\n\n\n\n<p>A defesa do jogador vai apresentar uma quinta vers\u00e3o do que teria acontecido naquela noite. Segundo os jornais La Vanguardia e El Peri\u00f3dico, o brasileiro vai declarar que estaria embriagado na madrugada em quest\u00e3o. A advogada In\u00e9s Guardiola sustentaria que o acusado &#8220;n\u00e3o tinha plena consci\u00eancia do que fez&#8221;.<\/p>\n","protected":false},"excerpt":{"rendered":"<p>Jogador brasileiro \u00e9 julgado por estupro na Espanha e pode pegar nove anos de pris\u00e3o; defesa vai alegar embriaguez, em quinta vers\u00e3o sobre o que teria acontecido em boate. Por Reda\u00e7\u00e3o do ge \u2014 Barcelona, Espanha Come\u00e7a nesta segunda-feira o julgamento de Daniel Alves, acusado de agress\u00e3o sexual contra uma mulher em Barcelona. A previs\u00e3o [&hellip;]<\/p>\n","protected":false},"author":2,"featured_media":79045,"comment_status":"open","ping_status":"open","sticky":false,"template":"","format":"standard","meta":{"_acf_changed":false,"_monsterinsights_skip_tracking":false,"_monsterinsights_sitenote_active":false,"_monsterinsights_sitenote_note":"","_monsterinsights_sitenote_category":0,"_jetpack_memberships_contains_paid_content":false,"footnotes":"","jetpack_publicize_message":"","jetpack_publicize_feature_enabled":true,"jetpack_social_post_already_shared":true,"jetpack_social_options":{"image_generator_settings":{"template":"highway","default_image_id":0,"font":"","enabled":false},"version":2}},"categories":[6],"tags":[],"class_list":["post-79044","post","type-post","status-publish","format-standard","has-post-thumbnail","hentry","category-esportes"],"acf":[],"jetpack_publicize_connections":[],"jetpack_featured_media_url":"https:\/\/i0.wp.com\/blogdoeloiltoncajuhy.com.br\/site\/wp-content\/uploads\/2024\/02\/Daniel-Alves-vai-a-julgamento-na-Espanha-%E2%80%94-Foto-Getty-Images.png?fit=802%2C530&ssl=1","jetpack_sharing_enabled":true,"publishpress_future_workflow_manual_trigger":{"enabledWorkflows":[]},"_links":{"self":[{"href":"https:\/\/blogdoeloiltoncajuhy.com.br\/site\/wp-json\/wp\/v2\/posts\/79044","targetHints":{"allow":["GET"]}}],"collection":[{"href":"https:\/\/blogdoeloiltoncajuhy.com.br\/site\/wp-json\/wp\/v2\/posts"}],"about":[{"href":"https:\/\/blogdoeloiltoncajuhy.com.br\/site\/wp-json\/wp\/v2\/types\/post"}],"author":[{"embeddable":true,"href":"https:\/\/blogdoeloiltoncajuhy.com.br\/site\/wp-json\/wp\/v2\/users\/2"}],"replies":[{"embeddable":true,"href":"https:\/\/blogdoeloiltoncajuhy.com.br\/site\/wp-json\/wp\/v2\/comments?post=79044"}],"version-history":[{"count":1,"href":"https:\/\/blogdoeloiltoncajuhy.com.br\/site\/wp-json\/wp\/v2\/posts\/79044\/revisions"}],"predecessor-version":[{"id":79047,"href":"https:\/\/blogdoeloiltoncajuhy.com.br\/site\/wp-json\/wp\/v2\/posts\/79044\/revisions\/79047"}],"wp:featuredmedia":[{"embeddable":true,"href":"https:\/\/blogdoeloiltoncajuhy.com.br\/site\/wp-json\/wp\/v2\/media\/79045"}],"wp:attachment":[{"href":"https:\/\/blogdoeloiltoncajuhy.com.br\/site\/wp-json\/wp\/v2\/media?parent=79044"}],"wp:term":[{"taxonomy":"category","embeddable":true,"href":"https:\/\/blogdoeloiltoncajuhy.com.br\/site\/wp-json\/wp\/v2\/categories?post=79044"},{"taxonomy":"post_tag","embeddable":true,"href":"https:\/\/blogdoeloiltoncajuhy.com.br\/site\/wp-json\/wp\/v2\/tags?post=79044"}],"curies":[{"name":"wp","href":"https:\/\/api.w.org\/{rel}","templated":true}]}}