{"id":79042,"date":"2024-02-04T21:34:38","date_gmt":"2024-02-05T00:34:38","guid":{"rendered":"https:\/\/blogdoeloiltoncajuhy.com.br\/site\/?p=79042"},"modified":"2024-02-04T21:34:40","modified_gmt":"2024-02-05T00:34:40","slug":"armado-com-um-facao-homem-fere-duas-pessoas-no-interior-de-senhor-do-bonfim","status":"publish","type":"post","link":"https:\/\/blogdoeloiltoncajuhy.com.br\/site\/armado-com-um-facao-homem-fere-duas-pessoas-no-interior-de-senhor-do-bonfim\/","title":{"rendered":"Armado com um fac\u00e3o, homem fere duas pessoas no interior de Senhor do Bonfim"},"content":{"rendered":"\n<p class=\"has-text-align-center has-medium-font-size\"><strong>Ataques aconteceram em duas localidades da zona rural.<\/strong><\/p>\n\n\n\n<p><strong>Blog do Eloilton Cajuhy<\/strong><\/p>\n\n\n\n<figure class=\"wp-block-image aligncenter size-full is-resized\"><a href=\"https:\/\/i0.wp.com\/blogdoeloiltoncajuhy.com.br\/site\/wp-content\/uploads\/2023\/04\/BA_Policia-Civil-da-Bahia-%E2%80%94-Foto-Haeckel-DiasAscom-PC.webp\"><img data-recalc-dims=\"1\" fetchpriority=\"high\" decoding=\"async\" width=\"800\" height=\"600\" src=\"https:\/\/i0.wp.com\/blogdoeloiltoncajuhy.com.br\/site\/wp-content\/uploads\/2023\/04\/BA_Policia-Civil-da-Bahia-%E2%80%94-Foto-Haeckel-DiasAscom-PC.webp?resize=800%2C600\" alt=\"\" class=\"wp-image-73523\" style=\"width:589px;height:auto\" srcset=\"https:\/\/i0.wp.com\/blogdoeloiltoncajuhy.com.br\/site\/wp-content\/uploads\/2023\/04\/BA_Policia-Civil-da-Bahia-%E2%80%94-Foto-Haeckel-DiasAscom-PC.webp?w=984&amp;ssl=1 984w, https:\/\/i0.wp.com\/blogdoeloiltoncajuhy.com.br\/site\/wp-content\/uploads\/2023\/04\/BA_Policia-Civil-da-Bahia-%E2%80%94-Foto-Haeckel-DiasAscom-PC.webp?resize=300%2C225&amp;ssl=1 300w, https:\/\/i0.wp.com\/blogdoeloiltoncajuhy.com.br\/site\/wp-content\/uploads\/2023\/04\/BA_Policia-Civil-da-Bahia-%E2%80%94-Foto-Haeckel-DiasAscom-PC.webp?resize=768%2C576&amp;ssl=1 768w\" sizes=\"(max-width: 800px) 100vw, 800px\" \/><\/a><figcaption class=\"wp-element-caption\"><sub>Foto ilustrativa \/ Reprodu\u00e7\u00e3o<\/sub><\/figcaption><\/figure>\n\n\n\n<p>Um homem identificado at\u00e9 o momento apenas como Edilson, morador da localidade de Pinica Pau, interior de Senhor do Bonfim, feriu duas pessoas a golpes de fac\u00e3o, fatos registrados na madrugada deste domingo (04), em Rancharia e S\u00edtio da Umburana, tamb\u00e9m na zona rural.<\/p>\n\n\n\n<p>As pessoas atingidas, que n\u00e3o tiveram seus nomes divulgados foram atendidas na UPA 24h de Senhor do Bonfim. O estado de sa\u00fade delas n\u00e3o foi divulgado.<\/p>\n\n\n\n<p>O primeiro ataque de Edilson ocorreu na Rancharia, que fica na regi\u00e3o de Igara. depois de fugir do local ele foi at\u00e9 o S\u00edtio da Umburana, onde atacou outra pessoa.<\/p>\n\n\n\n<p>A Pol\u00edcia Militar foi acionada, fez dilig\u00eancias, mas n\u00e3o conseguiu localizar o agressor.<\/p>\n","protected":false},"excerpt":{"rendered":"<p>Ataques aconteceram em duas localidades da zona rural. Blog do Eloilton Cajuhy Um homem identificado at\u00e9 o momento apenas como Edilson, morador da localidade de Pinica Pau, interior de Senhor do Bonfim, feriu duas pessoas a golpes de fac\u00e3o, fatos registrados na madrugada deste domingo (04), em Rancharia e S\u00edtio da Umburana, tamb\u00e9m na zona [&hellip;]<\/p>\n","protected":false},"author":2,"featured_media":68005,"comment_status":"open","ping_status":"open","sticky":false,"template":"","format":"standard","meta":{"_acf_changed":false,"_monsterinsights_skip_tracking":false,"_monsterinsights_sitenote_active":false,"_monsterinsights_sitenote_note":"","_monsterinsights_sitenote_category":0,"_jetpack_memberships_contains_paid_content":false,"footnotes":"","jetpack_publicize_message":"","jetpack_publicize_feature_enabled":true,"jetpack_social_post_already_shared":true,"jetpack_social_options":{"image_generator_settings":{"template":"highway","default_image_id":0,"font":"","enabled":false},"version":2}},"categories":[15],"tags":[],"class_list":["post-79042","post","type-post","status-publish","format-standard","has-post-thumbnail","hentry","category-policia"],"acf":[],"jetpack_publicize_connections":[],"jetpack_featured_media_url":"https:\/\/i0.wp.com\/blogdoeloiltoncajuhy.com.br\/site\/wp-content\/uploads\/2022\/08\/Giroflex-Policia.jpg?fit=800%2C500&ssl=1","jetpack_sharing_enabled":true,"publishpress_future_workflow_manual_trigger":{"enabledWorkflows":[]},"_links":{"self":[{"href":"https:\/\/blogdoeloiltoncajuhy.com.br\/site\/wp-json\/wp\/v2\/posts\/79042","targetHints":{"allow":["GET"]}}],"collection":[{"href":"https:\/\/blogdoeloiltoncajuhy.com.br\/site\/wp-json\/wp\/v2\/posts"}],"about":[{"href":"https:\/\/blogdoeloiltoncajuhy.com.br\/site\/wp-json\/wp\/v2\/types\/post"}],"author":[{"embeddable":true,"href":"https:\/\/blogdoeloiltoncajuhy.com.br\/site\/wp-json\/wp\/v2\/users\/2"}],"replies":[{"embeddable":true,"href":"https:\/\/blogdoeloiltoncajuhy.com.br\/site\/wp-json\/wp\/v2\/comments?post=79042"}],"version-history":[{"count":1,"href":"https:\/\/blogdoeloiltoncajuhy.com.br\/site\/wp-json\/wp\/v2\/posts\/79042\/revisions"}],"predecessor-version":[{"id":79043,"href":"https:\/\/blogdoeloiltoncajuhy.com.br\/site\/wp-json\/wp\/v2\/posts\/79042\/revisions\/79043"}],"wp:featuredmedia":[{"embeddable":true,"href":"https:\/\/blogdoeloiltoncajuhy.com.br\/site\/wp-json\/wp\/v2\/media\/68005"}],"wp:attachment":[{"href":"https:\/\/blogdoeloiltoncajuhy.com.br\/site\/wp-json\/wp\/v2\/media?parent=79042"}],"wp:term":[{"taxonomy":"category","embeddable":true,"href":"https:\/\/blogdoeloiltoncajuhy.com.br\/site\/wp-json\/wp\/v2\/categories?post=79042"},{"taxonomy":"post_tag","embeddable":true,"href":"https:\/\/blogdoeloiltoncajuhy.com.br\/site\/wp-json\/wp\/v2\/tags?post=79042"}],"curies":[{"name":"wp","href":"https:\/\/api.w.org\/{rel}","templated":true}]}}