{"id":79029,"date":"2024-02-02T09:00:00","date_gmt":"2024-02-02T12:00:00","guid":{"rendered":"https:\/\/blogdoeloiltoncajuhy.com.br\/site\/?p=79029"},"modified":"2024-02-01T21:52:54","modified_gmt":"2024-02-02T00:52:54","slug":"vamos-exigir-sinal-de-qualidade-para-internet-movel-em-todo-o-pais-afirma-ministro-juscelino-filho","status":"publish","type":"post","link":"https:\/\/blogdoeloiltoncajuhy.com.br\/site\/vamos-exigir-sinal-de-qualidade-para-internet-movel-em-todo-o-pais-afirma-ministro-juscelino-filho\/","title":{"rendered":"\u201cVamos exigir sinal de qualidade para internet m\u00f3vel em todo o pa\u00eds\u201d, afirma ministro Juscelino Filho"},"content":{"rendered":"\n<p class=\"has-medium-font-size\"><strong>Durante a terceira Blitz da Telefonia M\u00f3vel, em Jo\u00e3o Pessoa, titular das Comunica\u00e7\u00f5es afirma que operadoras ter\u00e3o seis meses para corrigir falhas.<\/strong><\/p>\n\n\n\n<p><strong>Ascom MCom<\/strong><\/p>\n\n\n\n<figure class=\"wp-block-image aligncenter size-full\"><a href=\"https:\/\/i0.wp.com\/blogdoeloiltoncajuhy.com.br\/site\/wp-content\/uploads\/2024\/02\/GOVFED_Seminario-MCom_010224-Foto_Kayo-Sousa-MCom.png?ssl=1\"><img data-recalc-dims=\"1\" fetchpriority=\"high\" decoding=\"async\" width=\"768\" height=\"398\" src=\"https:\/\/i0.wp.com\/blogdoeloiltoncajuhy.com.br\/site\/wp-content\/uploads\/2024\/02\/GOVFED_Seminario-MCom_010224-Foto_Kayo-Sousa-MCom.png?resize=768%2C398&#038;ssl=1\" alt=\"\" class=\"wp-image-79030\" srcset=\"https:\/\/i0.wp.com\/blogdoeloiltoncajuhy.com.br\/site\/wp-content\/uploads\/2024\/02\/GOVFED_Seminario-MCom_010224-Foto_Kayo-Sousa-MCom.png?w=768&amp;ssl=1 768w, https:\/\/i0.wp.com\/blogdoeloiltoncajuhy.com.br\/site\/wp-content\/uploads\/2024\/02\/GOVFED_Seminario-MCom_010224-Foto_Kayo-Sousa-MCom.png?resize=300%2C155&amp;ssl=1 300w\" sizes=\"(max-width: 768px) 100vw, 768px\" \/><\/a><figcaption class=\"wp-element-caption\"><sub>Foto: Kayo Sousa\/MCom<\/sub><\/figcaption><\/figure>\n\n\n\n<p>O Minist\u00e9rio das Comunica\u00e7\u00f5es (MCom) vai levar a Blitz da Telefonia M\u00f3vel para todo o pa\u00eds. O objetivo \u00e9 verificar a qualidade do sinal transmitido pelas operadoras e sanar as falhas. O an\u00fancio foi feito pelo ministro Juscelino Filho, durante a terceira edi\u00e7\u00e3o da Blitz, em Jo\u00e3o Pessoa, nesta quarta-feira (31\/1).<\/p>\n\n\n\n<p>\u201cEstabelecemos metas no que tange \u00e0 velocidade de 10 megabites\/segundo, para 4G, e 100 megabites\/segundo, no 5G. Ampliamos o grau de percentual de 80% para 95% e estabelecemos prazos concretos para que a Anatel notifique as operadoras e as operadoras se manifestem. Se dentro do prazo de seis meses n\u00e3o solucionarem os problemas, receber\u00e3o um selo de qualidade ruim. Se resolverem, ter\u00e3o selo de qualidade bom\u201d, anunciou o ministro.<\/p>\n\n\n\n<p>Al\u00e9m de verificar a qualidade do sinal transmitido pelas operadoras em todo o pa\u00eds ainda este ano, Juscelino Filho adiantou que haver\u00e1 nova rodada de blitz para verificar se os problemas notificados foram resolvidos.<\/p>\n\n\n\n<p>\u201cDentro do eixo de Inclus\u00e3o Digital do Novo PAC, o presidente Lula determinou a expans\u00e3o da rede 5G, que est\u00e1 em implanta\u00e7\u00e3o, e vamos levar o 4G para onde ainda n\u00e3o tem. N\u00f3s vamos levar conectividade para todas as escolas p\u00fablicas e para os servi\u00e7os de sa\u00fade. Vamos entregar um servi\u00e7o de qualidade para todos os brasileiros\u201d, pontuou o ministro.<\/p>\n\n\n\n<p>A Blitz em Jo\u00e3o Pessoa segue at\u00e9 sexta-feira (2\/1) e vai monitorar 20 locais da regi\u00e3o metropolitana. A primeira Blitz ocorreu em S\u00e3o Lu\u00eds (MA) em outubro de 2023, com medi\u00e7\u00f5es detalhadas em 60 pontos. Em Cuiab\u00e1 (MT), a segunda Blitz, realizada em dezembro, monitorou 19 regi\u00f5es, proporcionando uma vis\u00e3o abrangente dos desafios enfrentados pelos usu\u00e1rios locais.<\/p>\n\n\n\n<p class=\"has-black-color has-text-color has-link-color has-medium-font-size wp-elements-7d91fa8c0b8898a62d5b0f4beb055ad6\"><strong>Novo PAC<\/strong><\/p>\n\n\n\n<p>O eixo de inclus\u00e3o digital do Novo PAC, coordenado pelo MCom, vai levar \u00e0 popula\u00e7\u00e3o mais internet de alta velocidade, mais servi\u00e7os p\u00fablicos digitalizados e mais acesso \u00e0 TV com qualidade de imagem e som.<\/p>\n\n\n\n<p>O programa garante investimentos expressivos para levar conectividade nas escolas e nas unidades de sa\u00fade; expans\u00e3o do 4G e implanta\u00e7\u00e3o do 5G; infovias; TV Digital; e servi\u00e7os postais e log\u00edstica de entregas.<\/p>\n\n\n\n<p>Uma das principais iniciativas do programa \u00e9 a Estrat\u00e9gia Nacional de Escolas Conectadas (Enec). Coordenada pelo MCom, a Enec levar\u00e1 infraestrutura de rede de acesso \u00e0 internet em alta velocidade; disponibilizar acesso \u00e0 internet com velocidade adequada; e instalar redes Wi-Fi nas escolas.<\/p>\n\n\n\n<p>At\u00e9 2026, mais de 138 mil escolas ser\u00e3o atendidas em todo o pa\u00eds. Ser\u00e3o mais de R\uff04 6,5 bilh\u00f5es em investimentos. O eixo tamb\u00e9m vai conectar 24 mil unidades b\u00e1sicas de sa\u00fade (UBS) em todo o pa\u00eds.<\/p>\n","protected":false},"excerpt":{"rendered":"<p>Durante a terceira Blitz da Telefonia M\u00f3vel, em Jo\u00e3o Pessoa, titular das Comunica\u00e7\u00f5es afirma que operadoras ter\u00e3o seis meses para corrigir falhas. Ascom MCom O Minist\u00e9rio das Comunica\u00e7\u00f5es (MCom) vai levar a Blitz da Telefonia M\u00f3vel para todo o pa\u00eds. O objetivo \u00e9 verificar a qualidade do sinal transmitido pelas operadoras e sanar as falhas. [&hellip;]<\/p>\n","protected":false},"author":2,"featured_media":79030,"comment_status":"open","ping_status":"open","sticky":false,"template":"","format":"standard","meta":{"_acf_changed":false,"_monsterinsights_skip_tracking":false,"_monsterinsights_sitenote_active":false,"_monsterinsights_sitenote_note":"","_monsterinsights_sitenote_category":0,"_jetpack_memberships_contains_paid_content":false,"footnotes":"","jetpack_publicize_message":"","jetpack_publicize_feature_enabled":true,"jetpack_social_post_already_shared":true,"jetpack_social_options":{"image_generator_settings":{"template":"highway","default_image_id":0,"font":"","enabled":false},"version":2}},"categories":[3],"tags":[],"class_list":["post-79029","post","type-post","status-publish","format-standard","has-post-thumbnail","hentry","category-politica"],"acf":[],"jetpack_publicize_connections":[],"jetpack_featured_media_url":"https:\/\/i0.wp.com\/blogdoeloiltoncajuhy.com.br\/site\/wp-content\/uploads\/2024\/02\/GOVFED_Seminario-MCom_010224-Foto_Kayo-Sousa-MCom.png?fit=768%2C398&ssl=1","jetpack_sharing_enabled":true,"publishpress_future_workflow_manual_trigger":{"enabledWorkflows":[]},"_links":{"self":[{"href":"https:\/\/blogdoeloiltoncajuhy.com.br\/site\/wp-json\/wp\/v2\/posts\/79029","targetHints":{"allow":["GET"]}}],"collection":[{"href":"https:\/\/blogdoeloiltoncajuhy.com.br\/site\/wp-json\/wp\/v2\/posts"}],"about":[{"href":"https:\/\/blogdoeloiltoncajuhy.com.br\/site\/wp-json\/wp\/v2\/types\/post"}],"author":[{"embeddable":true,"href":"https:\/\/blogdoeloiltoncajuhy.com.br\/site\/wp-json\/wp\/v2\/users\/2"}],"replies":[{"embeddable":true,"href":"https:\/\/blogdoeloiltoncajuhy.com.br\/site\/wp-json\/wp\/v2\/comments?post=79029"}],"version-history":[{"count":1,"href":"https:\/\/blogdoeloiltoncajuhy.com.br\/site\/wp-json\/wp\/v2\/posts\/79029\/revisions"}],"predecessor-version":[{"id":79031,"href":"https:\/\/blogdoeloiltoncajuhy.com.br\/site\/wp-json\/wp\/v2\/posts\/79029\/revisions\/79031"}],"wp:featuredmedia":[{"embeddable":true,"href":"https:\/\/blogdoeloiltoncajuhy.com.br\/site\/wp-json\/wp\/v2\/media\/79030"}],"wp:attachment":[{"href":"https:\/\/blogdoeloiltoncajuhy.com.br\/site\/wp-json\/wp\/v2\/media?parent=79029"}],"wp:term":[{"taxonomy":"category","embeddable":true,"href":"https:\/\/blogdoeloiltoncajuhy.com.br\/site\/wp-json\/wp\/v2\/categories?post=79029"},{"taxonomy":"post_tag","embeddable":true,"href":"https:\/\/blogdoeloiltoncajuhy.com.br\/site\/wp-json\/wp\/v2\/tags?post=79029"}],"curies":[{"name":"wp","href":"https:\/\/api.w.org\/{rel}","templated":true}]}}