{"id":79026,"date":"2024-02-02T08:00:00","date_gmt":"2024-02-02T11:00:00","guid":{"rendered":"https:\/\/blogdoeloiltoncajuhy.com.br\/site\/?p=79026"},"modified":"2024-02-01T21:43:20","modified_gmt":"2024-02-02T00:43:20","slug":"novo-minha-casa-minha-vida-inicia-contratacoes-de-moradias-para-familias-de-baixa-renda","status":"publish","type":"post","link":"https:\/\/blogdoeloiltoncajuhy.com.br\/site\/novo-minha-casa-minha-vida-inicia-contratacoes-de-moradias-para-familias-de-baixa-renda\/","title":{"rendered":"Novo Minha Casa, Minha Vida inicia contrata\u00e7\u00f5es de moradias para fam\u00edlias de baixa renda"},"content":{"rendered":"\n<p class=\"has-medium-font-size\"><strong>Ap\u00f3s cinco anos sem novos contratos para a Faixa 1, Minist\u00e9rio das Cidades retoma contratos.<\/strong><\/p>\n\n\n\n<p><strong>Secretaria de Comunica\u00e7\u00e3o Social da Presid\u00eancia da Rep\u00fablica<\/strong><\/p>\n\n\n\n<figure class=\"wp-block-image aligncenter size-full\"><a href=\"https:\/\/i0.wp.com\/blogdoeloiltoncajuhy.com.br\/site\/wp-content\/uploads\/2024\/02\/GOVFED_Seminario-MCMV.jpg?ssl=1\"><img data-recalc-dims=\"1\" fetchpriority=\"high\" decoding=\"async\" width=\"768\" height=\"444\" src=\"https:\/\/i0.wp.com\/blogdoeloiltoncajuhy.com.br\/site\/wp-content\/uploads\/2024\/02\/GOVFED_Seminario-MCMV.jpg?resize=768%2C444&#038;ssl=1\" alt=\"\" class=\"wp-image-79027\" srcset=\"https:\/\/i0.wp.com\/blogdoeloiltoncajuhy.com.br\/site\/wp-content\/uploads\/2024\/02\/GOVFED_Seminario-MCMV.jpg?w=768&amp;ssl=1 768w, https:\/\/i0.wp.com\/blogdoeloiltoncajuhy.com.br\/site\/wp-content\/uploads\/2024\/02\/GOVFED_Seminario-MCMV.jpg?resize=300%2C173&amp;ssl=1 300w\" sizes=\"(max-width: 768px) 100vw, 768px\" \/><\/a><figcaption class=\"wp-element-caption\"><sub>Inten\u00e7\u00e3o do programa \u00e9 contratar 2 milh\u00f5es de novas moradias at\u00e9 o fim de 2026<\/sub><\/figcaption><\/figure>\n\n\n\n<p>O Governo Federal realizou nesta quinta-feira (1\u00ba de fevereiro) os primeiros contratos do novo Minha Casa, Minha Vida (MCMV), ap\u00f3s a retomada do programa em fevereiro de 2023. A primeira contrata\u00e7\u00e3o ocorreu no residencial P\u00f4r do Sol, no munic\u00edpio de Jaguari\u00fana (SP). Mais de 460 pessoas ser\u00e3o beneficiadas com a constru\u00e7\u00e3o de 115 casas com 47m\u00b2. As moradias s\u00e3o destinadas \u00e0 Faixa 1, voltada para fam\u00edlias com renda mensal de at\u00e9 R\uff04 2.640.<\/p>\n\n\n\n<p>O projeto j\u00e1 foi adaptado \u00e0s novas exig\u00eancias e melhorias do Novo MCMV, como: casas maiores do que 40m\u00b2, duas placas fotovoltaicas por unidade habitacional, \u00e1reas de conviv\u00eancia coletiva e Caixa Selo Azul de Sustentabilidade.<\/p>\n\n\n\n<p>O ministro das Cidades, Jader Filho, demonstrou entusiasmo com a retomada do programa em um formato que agrega mais preocupa\u00e7\u00e3o com sustentabilidade e uso de energia renov\u00e1vel.<\/p>\n\n\n\n<p>\u201cHoje \u00e9 um dia importante pois, depois de cinco anos, o Minha Casa Minha Vida tem um novo contrato e, com isso, estamos iniciando as obras pelo pa\u00eds. Iniciamos com o p\u00e9 direito essa contrata\u00e7\u00e3o. \u00c9 um bom projeto para se iniciar o Novo Minha Casa Minha Vida\u201d, declarou.<\/p>\n\n\n\n<p>Com investimento de R\uff04 21,4 milh\u00f5es, sendo R\uff0414,9 milh\u00f5es do Fundo de Arrendamento Residencial (FAR) e R\uff04 6,5 de contrapartida municipal. A previs\u00e3o de entrega \u00e9 de 18 meses ap\u00f3s a data de contrata\u00e7\u00e3o.<\/p>\n\n\n\n<p>O in\u00edcio das contrata\u00e7\u00f5es para fam\u00edlias que recebem at\u00e9 um sal\u00e1rio m\u00ednimo ap\u00f3s cinco anos marca a retomada do MCMV ap\u00f3s a recria\u00e7\u00e3o do Minist\u00e9rio das Cidades. A meta para 2024 \u00e9 contratar 187,5 mil novas moradias com investimentos do FAR. Para os primeiros quatro meses deste ano, est\u00e1 prevista a entrega de aproximadamente 7.350 unidades habitacionais.<\/p>\n\n\n\n<p><strong><mark style=\"background-color:rgba(0, 0, 0, 0)\" class=\"has-inline-color has-black-color\">RETOMADA<\/mark><\/strong> \u2013 Desde a cria\u00e7\u00e3o, em 2009, o Minha Casa, Minha Vida j\u00e1 entregou cerca de 7 milh\u00f5es de novas unidades habitacionais espalhadas pelo Brasil. Na Faixa 1, j\u00e1 foram mais de 1,6 milh\u00e3o de moradias entregues. O novo Minha Casa, Minha Vida est\u00e1 com melhores taxas e condi\u00e7\u00f5es e pretende contratar 2 milh\u00f5es de unidades at\u00e9 2026. Em 2023, foram contratadas mais de 460 mil unidades, superando a previs\u00e3o inicial de 375 mil.<\/p>\n\n\n\n<p>Em 2023, foram selecionadas 187,5 mil unidades habitacionais com recursos do FAR, em mais de 1,2 mil empreendimentos que beneficiar\u00e3o 559 munic\u00edpios em todo o Brasil. Com a retomada do programa, at\u00e9 o fim de 2024, ser\u00e3o entregues mais cerca de 12 mil unidades habitacionais, beneficiando 49 mil pessoas em todo Brasil \u2013 nas modalidades FAR e Entidades \u2013 e outras 21,7 mil foram autorizadas para retomada.<\/p>\n\n\n\n<p><strong><mark style=\"background-color:rgba(0, 0, 0, 0)\" class=\"has-inline-color has-black-color\">MAIOR PROGRAMA<\/mark><\/strong> \u2013 O MCMV foi retomado pelo Governo Federal no dia 14 de fevereiro de 2023 e aprovado pelo Congresso Nacional em 13 de junho. O maior programa de habita\u00e7\u00e3o do Brasil tem como meta contratar dois milh\u00f5es de novas unidades at\u00e9 2026. O Minist\u00e9rio das Cidades j\u00e1 retomou mais de 13 mil moradias em 38 empreendimentos de todo Brasil. O programa tem por finalidade promover o direito \u00e0 moradia a fam\u00edlias residentes em \u00e1reas urbanas e rurais, sobretudo da popula\u00e7\u00e3o mais carente, associado ao desenvolvimento urbano e econ\u00f4mico, \u00e0 gera\u00e7\u00e3o de trabalho e de renda e \u00e0 eleva\u00e7\u00e3o da qualidade de vida da popula\u00e7\u00e3o.<\/p>\n","protected":false},"excerpt":{"rendered":"<p>Ap\u00f3s cinco anos sem novos contratos para a Faixa 1, Minist\u00e9rio das Cidades retoma contratos. Secretaria de Comunica\u00e7\u00e3o Social da Presid\u00eancia da Rep\u00fablica O Governo Federal realizou nesta quinta-feira (1\u00ba de fevereiro) os primeiros contratos do novo Minha Casa, Minha Vida (MCMV), ap\u00f3s a retomada do programa em fevereiro de 2023. A primeira contrata\u00e7\u00e3o ocorreu [&hellip;]<\/p>\n","protected":false},"author":2,"featured_media":79027,"comment_status":"open","ping_status":"open","sticky":false,"template":"","format":"standard","meta":{"_acf_changed":false,"_monsterinsights_skip_tracking":false,"_monsterinsights_sitenote_active":false,"_monsterinsights_sitenote_note":"","_monsterinsights_sitenote_category":0,"_jetpack_memberships_contains_paid_content":false,"footnotes":"","jetpack_publicize_message":"","jetpack_publicize_feature_enabled":true,"jetpack_social_post_already_shared":true,"jetpack_social_options":{"image_generator_settings":{"template":"highway","default_image_id":0,"font":"","enabled":false},"version":2}},"categories":[5],"tags":[],"class_list":["post-79026","post","type-post","status-publish","format-standard","has-post-thumbnail","hentry","category-cotidiano"],"acf":[],"jetpack_publicize_connections":[],"jetpack_featured_media_url":"https:\/\/i0.wp.com\/blogdoeloiltoncajuhy.com.br\/site\/wp-content\/uploads\/2024\/02\/GOVFED_Seminario-MCMV.jpg?fit=768%2C444&ssl=1","jetpack_sharing_enabled":true,"publishpress_future_workflow_manual_trigger":{"enabledWorkflows":[]},"_links":{"self":[{"href":"https:\/\/blogdoeloiltoncajuhy.com.br\/site\/wp-json\/wp\/v2\/posts\/79026","targetHints":{"allow":["GET"]}}],"collection":[{"href":"https:\/\/blogdoeloiltoncajuhy.com.br\/site\/wp-json\/wp\/v2\/posts"}],"about":[{"href":"https:\/\/blogdoeloiltoncajuhy.com.br\/site\/wp-json\/wp\/v2\/types\/post"}],"author":[{"embeddable":true,"href":"https:\/\/blogdoeloiltoncajuhy.com.br\/site\/wp-json\/wp\/v2\/users\/2"}],"replies":[{"embeddable":true,"href":"https:\/\/blogdoeloiltoncajuhy.com.br\/site\/wp-json\/wp\/v2\/comments?post=79026"}],"version-history":[{"count":1,"href":"https:\/\/blogdoeloiltoncajuhy.com.br\/site\/wp-json\/wp\/v2\/posts\/79026\/revisions"}],"predecessor-version":[{"id":79028,"href":"https:\/\/blogdoeloiltoncajuhy.com.br\/site\/wp-json\/wp\/v2\/posts\/79026\/revisions\/79028"}],"wp:featuredmedia":[{"embeddable":true,"href":"https:\/\/blogdoeloiltoncajuhy.com.br\/site\/wp-json\/wp\/v2\/media\/79027"}],"wp:attachment":[{"href":"https:\/\/blogdoeloiltoncajuhy.com.br\/site\/wp-json\/wp\/v2\/media?parent=79026"}],"wp:term":[{"taxonomy":"category","embeddable":true,"href":"https:\/\/blogdoeloiltoncajuhy.com.br\/site\/wp-json\/wp\/v2\/categories?post=79026"},{"taxonomy":"post_tag","embeddable":true,"href":"https:\/\/blogdoeloiltoncajuhy.com.br\/site\/wp-json\/wp\/v2\/tags?post=79026"}],"curies":[{"name":"wp","href":"https:\/\/api.w.org\/{rel}","templated":true}]}}