{"id":78977,"date":"2024-01-30T21:46:56","date_gmt":"2024-01-31T00:46:56","guid":{"rendered":"https:\/\/blogdoeloiltoncajuhy.com.br\/site\/?p=78977"},"modified":"2024-01-30T21:46:58","modified_gmt":"2024-01-31T00:46:58","slug":"edital-do-programa-cisternas-segue-com-inscricoes-abertas-ate-19-02","status":"publish","type":"post","link":"https:\/\/blogdoeloiltoncajuhy.com.br\/site\/edital-do-programa-cisternas-segue-com-inscricoes-abertas-ate-19-02\/","title":{"rendered":"Edital do Programa Cisternas segue com inscri\u00e7\u00f5es abertas at\u00e9 19\/02"},"content":{"rendered":"\n<p class=\"has-text-align-center has-medium-font-size\"><strong>A a\u00e7\u00e3o conta com parceria do Governo Federal e ser\u00e3o investidos mais de 40 milh\u00f5es.<\/strong><\/p>\n\n\n\n<p><strong>Ascom\/Seades<\/strong><\/p>\n\n\n\n<figure class=\"wp-block-image aligncenter size-full is-resized\"><a href=\"https:\/\/i0.wp.com\/blogdoeloiltoncajuhy.com.br\/site\/wp-content\/uploads\/2024\/01\/GOVBA_Programa-Cisternas-Foto-Divulgacao.webp?ssl=1\"><img data-recalc-dims=\"1\" fetchpriority=\"high\" decoding=\"async\" width=\"800\" height=\"533\" src=\"https:\/\/i0.wp.com\/blogdoeloiltoncajuhy.com.br\/site\/wp-content\/uploads\/2024\/01\/GOVBA_Programa-Cisternas-Foto-Divulgacao.webp?resize=800%2C533&#038;ssl=1\" alt=\"\" class=\"wp-image-78978\" style=\"width:717px;height:auto\" srcset=\"https:\/\/i0.wp.com\/blogdoeloiltoncajuhy.com.br\/site\/wp-content\/uploads\/2024\/01\/GOVBA_Programa-Cisternas-Foto-Divulgacao.webp?w=900&amp;ssl=1 900w, https:\/\/i0.wp.com\/blogdoeloiltoncajuhy.com.br\/site\/wp-content\/uploads\/2024\/01\/GOVBA_Programa-Cisternas-Foto-Divulgacao.webp?resize=300%2C200&amp;ssl=1 300w, https:\/\/i0.wp.com\/blogdoeloiltoncajuhy.com.br\/site\/wp-content\/uploads\/2024\/01\/GOVBA_Programa-Cisternas-Foto-Divulgacao.webp?resize=768%2C512&amp;ssl=1 768w\" sizes=\"(max-width: 800px) 100vw, 800px\" \/><\/a><figcaption class=\"wp-element-caption\"><sub>Foto: Divulga\u00e7\u00e3o<\/sub><\/figcaption><\/figure>\n\n\n\n<p>O Governo do Estado, atrav\u00e9s da Secretaria de Assist\u00eancia e Desenvolvimento Social (Seades), publicou no Di\u00e1rio Oficial do dia 20 de janeiro, edital de chamamento p\u00fablico com a finalidade de contrata\u00e7\u00e3o de entidades para presta\u00e7\u00e3o de servi\u00e7os de implementa\u00e7\u00e3o de tecnologias sociais de acesso \u00e0 \u00e1gua para consumo humano no \u00e2mbito do Programa Cisternas.<\/p>\n\n\n\n<p>A a\u00e7\u00e3o, que conta com investimento de R$ 40,8 milh\u00f5es oriundo de parceria com o Governo Federal, possibilitar\u00e1 a instala\u00e7\u00e3o de 3,7 mil cisternas em 176 munic\u00edpios do semi\u00e1rido da Bahia beneficiando, inclusive, cerca de 1 mil unidades escolares das redes municipais e estadual. A iniciativa integra o programa Bahia Sem Fome, visando fortalecer as pol\u00edticas de seguran\u00e7a alimentar e nutricional nos territ\u00f3rios baianos, e as a\u00e7\u00f5es de enfrentamento \u00e0 seca.<\/p>\n\n\n\n<p class=\"has-black-color has-text-color has-link-color wp-elements-e4a864b294f811117f367125d24ab1dc\"><strong>VEJA TAMB\u00c9M<\/strong><\/p>\n\n\n\n<ul class=\"wp-block-list\">\n<li><a href=\"https:\/\/blogdoeloiltoncajuhy.com.br\/site\/governo-do-estado-vai-investir-mais-de-1-milhao-na-construcao-de-cisternas-em-escolas-de-bonfim\/\" data-type=\"link\" data-id=\"https:\/\/blogdoeloiltoncajuhy.com.br\/site\/governo-do-estado-vai-investir-mais-de-1-milhao-na-construcao-de-cisternas-em-escolas-de-bonfim\/\"><strong><mark style=\"background-color:rgba(0, 0, 0, 0)\" class=\"has-inline-color has-vivid-cyan-blue-color\">Governo do Estado vai investir mais de 1 milh\u00e3o na constru\u00e7\u00e3o de cisternas em escolas de Bonfim<\/mark><\/strong><\/a><\/li>\n<\/ul>\n\n\n\n<p><\/p>\n\n\n\n<p>As inscri\u00e7\u00f5es seguem at\u00e9 o dia 19 de fevereiro, sendo necess\u00e1rio efetivar a entrega presencial de documentos na Seades ou atrav\u00e9s de Sedex ou Carta Registada (AR) no seguinte endere\u00e7o: Centro Administrativo da Bahia \u2013 CAB, n\u00ba 390, 3\u00aa Avenida, Governadoria, 1\u00aa portaria \u2013 Salvador\/BA. O edital e seus podem ser acessados no <a href=\"http:\/\/seades.ba.gov.br\/\" data-type=\"link\" data-id=\"http:\/\/seades.ba.gov.br\/\"><strong><mark style=\"background-color:rgba(0, 0, 0, 0)\" class=\"has-inline-color has-vivid-cyan-blue-color\">site da Seades<\/mark><\/strong><\/a>.<\/p>\n\n\n\n<p>O Programa Cisternas, financiado pelo Minist\u00e9rio de Desenvolvimento Social (MDS) desde 2003, tem como objetivo a promo\u00e7\u00e3o do acesso \u00e0 \u00e1gua para o consumo humano e para a produ\u00e7\u00e3o de alimentos, por meio da implementa\u00e7\u00e3o de tecnologias sociais simples e de baixo custo. Dentre os p\u00fablicos priorit\u00e1rios da chamada p\u00fablica est\u00e3o fam\u00edlias quilombolas e em situa\u00e7\u00e3o de extrema pobreza, chefiadas por mulheres e pessoas com defici\u00eancias.<\/p>\n","protected":false},"excerpt":{"rendered":"<p>A a\u00e7\u00e3o conta com parceria do Governo Federal e ser\u00e3o investidos mais de 40 milh\u00f5es. Ascom\/Seades O Governo do Estado, atrav\u00e9s da Secretaria de Assist\u00eancia e Desenvolvimento Social (Seades), publicou no Di\u00e1rio Oficial do dia 20 de janeiro, edital de chamamento p\u00fablico com a finalidade de contrata\u00e7\u00e3o de entidades para presta\u00e7\u00e3o de servi\u00e7os de implementa\u00e7\u00e3o [&hellip;]<\/p>\n","protected":false},"author":2,"featured_media":78978,"comment_status":"open","ping_status":"open","sticky":false,"template":"","format":"standard","meta":{"_acf_changed":false,"_monsterinsights_skip_tracking":false,"_monsterinsights_sitenote_active":false,"_monsterinsights_sitenote_note":"","_monsterinsights_sitenote_category":0,"_jetpack_memberships_contains_paid_content":false,"footnotes":"","jetpack_publicize_message":"","jetpack_publicize_feature_enabled":true,"jetpack_social_post_already_shared":true,"jetpack_social_options":{"image_generator_settings":{"template":"highway","default_image_id":0,"font":"","enabled":false},"version":2}},"categories":[3],"tags":[],"class_list":["post-78977","post","type-post","status-publish","format-standard","has-post-thumbnail","hentry","category-politica"],"acf":[],"jetpack_publicize_connections":[],"jetpack_featured_media_url":"https:\/\/i0.wp.com\/blogdoeloiltoncajuhy.com.br\/site\/wp-content\/uploads\/2024\/01\/GOVBA_Programa-Cisternas-Foto-Divulgacao.webp?fit=900%2C600&ssl=1","jetpack_sharing_enabled":true,"publishpress_future_workflow_manual_trigger":{"enabledWorkflows":[]},"_links":{"self":[{"href":"https:\/\/blogdoeloiltoncajuhy.com.br\/site\/wp-json\/wp\/v2\/posts\/78977","targetHints":{"allow":["GET"]}}],"collection":[{"href":"https:\/\/blogdoeloiltoncajuhy.com.br\/site\/wp-json\/wp\/v2\/posts"}],"about":[{"href":"https:\/\/blogdoeloiltoncajuhy.com.br\/site\/wp-json\/wp\/v2\/types\/post"}],"author":[{"embeddable":true,"href":"https:\/\/blogdoeloiltoncajuhy.com.br\/site\/wp-json\/wp\/v2\/users\/2"}],"replies":[{"embeddable":true,"href":"https:\/\/blogdoeloiltoncajuhy.com.br\/site\/wp-json\/wp\/v2\/comments?post=78977"}],"version-history":[{"count":1,"href":"https:\/\/blogdoeloiltoncajuhy.com.br\/site\/wp-json\/wp\/v2\/posts\/78977\/revisions"}],"predecessor-version":[{"id":78979,"href":"https:\/\/blogdoeloiltoncajuhy.com.br\/site\/wp-json\/wp\/v2\/posts\/78977\/revisions\/78979"}],"wp:featuredmedia":[{"embeddable":true,"href":"https:\/\/blogdoeloiltoncajuhy.com.br\/site\/wp-json\/wp\/v2\/media\/78978"}],"wp:attachment":[{"href":"https:\/\/blogdoeloiltoncajuhy.com.br\/site\/wp-json\/wp\/v2\/media?parent=78977"}],"wp:term":[{"taxonomy":"category","embeddable":true,"href":"https:\/\/blogdoeloiltoncajuhy.com.br\/site\/wp-json\/wp\/v2\/categories?post=78977"},{"taxonomy":"post_tag","embeddable":true,"href":"https:\/\/blogdoeloiltoncajuhy.com.br\/site\/wp-json\/wp\/v2\/tags?post=78977"}],"curies":[{"name":"wp","href":"https:\/\/api.w.org\/{rel}","templated":true}]}}