{"id":78961,"date":"2024-01-30T09:57:39","date_gmt":"2024-01-30T12:57:39","guid":{"rendered":"https:\/\/blogdoeloiltoncajuhy.com.br\/site\/?p=78961"},"modified":"2024-01-30T09:57:42","modified_gmt":"2024-01-30T12:57:42","slug":"saude-publica-casos-de-dengue-explodem-em-2024-e-passam-de-200-mil","status":"publish","type":"post","link":"https:\/\/blogdoeloiltoncajuhy.com.br\/site\/saude-publica-casos-de-dengue-explodem-em-2024-e-passam-de-200-mil\/","title":{"rendered":"Sa\u00fade p\u00fablica: Casos de dengue explodem em 2024 e passam de 200 mil"},"content":{"rendered":"\n<p class=\"has-medium-font-size\"><strong>Vacina\u00e7\u00e3o contra a dengue deve come\u00e7ar em fevereiro. Ao todo, foram inclu\u00eddos cerca de 500 munic\u00edpios em 16 estados na campanha, que ter\u00e1 como p\u00fablico-alvo crian\u00e7as e adolescentes de 10 a 14 anos.<\/strong><\/p>\n\n\n\n<p><strong>Por g1<\/strong><\/p>\n\n\n\n<figure class=\"wp-block-image aligncenter size-full is-resized\"><a href=\"https:\/\/i0.wp.com\/blogdoeloiltoncajuhy.com.br\/site\/wp-content\/uploads\/2015\/12\/mosquito-da-dengue.jpg\"><img data-recalc-dims=\"1\" fetchpriority=\"high\" decoding=\"async\" width=\"609\" height=\"340\" src=\"https:\/\/i0.wp.com\/blogdoeloiltoncajuhy.com.br\/site\/wp-content\/uploads\/2015\/12\/mosquito-da-dengue.jpg?resize=609%2C340\" alt=\"\" class=\"wp-image-6675\" style=\"width:749px;height:auto\" srcset=\"https:\/\/i0.wp.com\/blogdoeloiltoncajuhy.com.br\/site\/wp-content\/uploads\/2015\/12\/mosquito-da-dengue.jpg?w=609&amp;ssl=1 609w, https:\/\/i0.wp.com\/blogdoeloiltoncajuhy.com.br\/site\/wp-content\/uploads\/2015\/12\/mosquito-da-dengue.jpg?resize=300%2C167&amp;ssl=1 300w, https:\/\/i0.wp.com\/blogdoeloiltoncajuhy.com.br\/site\/wp-content\/uploads\/2015\/12\/mosquito-da-dengue.jpg?resize=250%2C140&amp;ssl=1 250w\" sizes=\"(max-width: 609px) 100vw, 609px\" \/><\/a><\/figure>\n\n\n\n<p>O Brasil registrou nas quatro primeiras semanas de 2024 mais de 217 mil casos de dengue, segundo dados atualizados pelo Minist\u00e9rio da Sa\u00fade nesta ter\u00e7a-feira (30). O n\u00famero \u00e9 quase o qu\u00edntuplo de notifica\u00e7\u00f5es do mesmo per\u00edodo em 2023: 44.752. O painel de monitoramento de arboviroses contabilizou 15 mortes pela doen\u00e7a neste ano e 149 \u00f3bitos seguem em investiga\u00e7\u00e3o.<\/p>\n\n\n\n<p>A vacina\u00e7\u00e3o contra a dengue no Brasil come\u00e7a em fevereiro, mas n\u00e3o ser\u00e1 de maneira uniforme, porque depender\u00e1 da disponibiliza\u00e7\u00e3o de doses. O pa\u00eds recebeu 750 mil doses em 20 de janeiro e outras 570 mil devem ser entregues no pr\u00f3ximo m\u00eas.<\/p>\n\n\n\n<p>Ao todo, foram inclu\u00eddos cerca de 500 munic\u00edpios em 16 estados na campanha, que ter\u00e1 como p\u00fablico-alvo as crian\u00e7as e os adolescentes de 10 a 14 anos.<\/p>\n\n\n\n<p class=\"has-black-color has-text-color has-link-color has-medium-font-size wp-elements-15de05c08a315e0a3a0fbf2e67ced7ad\"><strong>O que \u00e9 a Qdenga e como ela age?<\/strong><\/p>\n\n\n\n<p>A Qdenga (TAK-003) \u00e9 um imunizante contra a dengue desenvolvido pelo laborat\u00f3rio japon\u00eas Takeda Pharma. O registro do imunizante foi aprovado pela Ag\u00eancia Nacional de Vigil\u00e2ncia Sanit\u00e1ria (Anvisa) em mar\u00e7o de 2023.<\/p>\n\n\n\n<p>A vacina cont\u00e9m v\u00edrus vivos atenuados da dengue. Por isso, ela induz respostas imunol\u00f3gicas contra os quatro sorotipos do v\u00edrus da dengue. O imunizante \u00e9 aplicado em um esquema de duas doses, com intervalo de tr\u00eas meses entre as aplica\u00e7\u00f5es.<\/p>\n","protected":false},"excerpt":{"rendered":"<p>Vacina\u00e7\u00e3o contra a dengue deve come\u00e7ar em fevereiro. Ao todo, foram inclu\u00eddos cerca de 500 munic\u00edpios em 16 estados na campanha, que ter\u00e1 como p\u00fablico-alvo crian\u00e7as e adolescentes de 10 a 14 anos. Por g1 O Brasil registrou nas quatro primeiras semanas de 2024 mais de 217 mil casos de dengue, segundo dados atualizados pelo [&hellip;]<\/p>\n","protected":false},"author":2,"featured_media":10795,"comment_status":"open","ping_status":"open","sticky":false,"template":"","format":"standard","meta":{"_acf_changed":false,"_monsterinsights_skip_tracking":false,"_monsterinsights_sitenote_active":false,"_monsterinsights_sitenote_note":"","_monsterinsights_sitenote_category":0,"_jetpack_memberships_contains_paid_content":false,"footnotes":"","jetpack_publicize_message":"","jetpack_publicize_feature_enabled":true,"jetpack_social_post_already_shared":true,"jetpack_social_options":{"image_generator_settings":{"template":"highway","default_image_id":0,"font":"","enabled":false},"version":2}},"categories":[7],"tags":[],"class_list":["post-78961","post","type-post","status-publish","format-standard","has-post-thumbnail","hentry","category-saude"],"acf":[],"jetpack_publicize_connections":[],"jetpack_featured_media_url":"https:\/\/i0.wp.com\/blogdoeloiltoncajuhy.com.br\/site\/wp-content\/uploads\/2016\/07\/aedes_dengue_zika1.jpg?fit=500%2C300&ssl=1","jetpack_sharing_enabled":true,"publishpress_future_workflow_manual_trigger":{"enabledWorkflows":[]},"_links":{"self":[{"href":"https:\/\/blogdoeloiltoncajuhy.com.br\/site\/wp-json\/wp\/v2\/posts\/78961","targetHints":{"allow":["GET"]}}],"collection":[{"href":"https:\/\/blogdoeloiltoncajuhy.com.br\/site\/wp-json\/wp\/v2\/posts"}],"about":[{"href":"https:\/\/blogdoeloiltoncajuhy.com.br\/site\/wp-json\/wp\/v2\/types\/post"}],"author":[{"embeddable":true,"href":"https:\/\/blogdoeloiltoncajuhy.com.br\/site\/wp-json\/wp\/v2\/users\/2"}],"replies":[{"embeddable":true,"href":"https:\/\/blogdoeloiltoncajuhy.com.br\/site\/wp-json\/wp\/v2\/comments?post=78961"}],"version-history":[{"count":1,"href":"https:\/\/blogdoeloiltoncajuhy.com.br\/site\/wp-json\/wp\/v2\/posts\/78961\/revisions"}],"predecessor-version":[{"id":78962,"href":"https:\/\/blogdoeloiltoncajuhy.com.br\/site\/wp-json\/wp\/v2\/posts\/78961\/revisions\/78962"}],"wp:featuredmedia":[{"embeddable":true,"href":"https:\/\/blogdoeloiltoncajuhy.com.br\/site\/wp-json\/wp\/v2\/media\/10795"}],"wp:attachment":[{"href":"https:\/\/blogdoeloiltoncajuhy.com.br\/site\/wp-json\/wp\/v2\/media?parent=78961"}],"wp:term":[{"taxonomy":"category","embeddable":true,"href":"https:\/\/blogdoeloiltoncajuhy.com.br\/site\/wp-json\/wp\/v2\/categories?post=78961"},{"taxonomy":"post_tag","embeddable":true,"href":"https:\/\/blogdoeloiltoncajuhy.com.br\/site\/wp-json\/wp\/v2\/tags?post=78961"}],"curies":[{"name":"wp","href":"https:\/\/api.w.org\/{rel}","templated":true}]}}