{"id":78929,"date":"2024-01-29T08:55:06","date_gmt":"2024-01-29T11:55:06","guid":{"rendered":"https:\/\/blogdoeloiltoncajuhy.com.br\/site\/?p=78929"},"modified":"2024-01-30T10:12:41","modified_gmt":"2024-01-30T13:12:41","slug":"filho-de-jose-rosa-lima-morre-vitima-de-bala-perdida-em-juazeiro","status":"publish","type":"post","link":"https:\/\/blogdoeloiltoncajuhy.com.br\/site\/filho-de-jose-rosa-lima-morre-vitima-de-bala-perdida-em-juazeiro\/","title":{"rendered":"Filho de Jos\u00e9 Rosa Lima morre v\u00edtima de bala perdida em Juazeiro"},"content":{"rendered":"\n<p class=\"has-medium-font-size\"><strong>Tiroteio no \u00faltimo dia do Carnaval antecipado da cidade deixou quatro pessoas feridas.<\/strong><\/p>\n\n\n\n<p><strong>Blog do Eloilton Cajuhy<\/strong><br><em>Atualizado em 29 de janeiro de 2024 \u00e0s 10h28 e \u00e0s 15h12<\/em><\/p>\n\n\n\n<figure class=\"wp-block-image aligncenter size-full is-resized\"><a href=\"https:\/\/i0.wp.com\/blogdoeloiltoncajuhy.com.br\/site\/wp-content\/uploads\/2024\/01\/Rafael-Lima_290124.png?ssl=1\"><img data-recalc-dims=\"1\" fetchpriority=\"high\" decoding=\"async\" width=\"800\" height=\"744\" src=\"https:\/\/i0.wp.com\/blogdoeloiltoncajuhy.com.br\/site\/wp-content\/uploads\/2024\/01\/Rafael-Lima_290124.png?resize=800%2C744&#038;ssl=1\" alt=\"\" class=\"wp-image-78930\" style=\"width:687px;height:auto\" srcset=\"https:\/\/i0.wp.com\/blogdoeloiltoncajuhy.com.br\/site\/wp-content\/uploads\/2024\/01\/Rafael-Lima_290124.png?w=885&amp;ssl=1 885w, https:\/\/i0.wp.com\/blogdoeloiltoncajuhy.com.br\/site\/wp-content\/uploads\/2024\/01\/Rafael-Lima_290124.png?resize=300%2C279&amp;ssl=1 300w, https:\/\/i0.wp.com\/blogdoeloiltoncajuhy.com.br\/site\/wp-content\/uploads\/2024\/01\/Rafael-Lima_290124.png?resize=768%2C714&amp;ssl=1 768w\" sizes=\"(max-width: 800px) 100vw, 800px\" \/><\/a><figcaption class=\"wp-element-caption\"><sub>Foto: Reprodu\u00e7\u00e3o \/ Facebook<\/sub><\/figcaption><\/figure>\n\n\n\n<p>Um tiroteio ocorrido em Juazeiro, neste domingo (28), \u00faltimo dia do Carnaval antecipado daquela cidade, deixou o saldo de 4 pessoas feridas a bala. Entre elas, Rafael de Souza Lima, de 37 anos, filho do jornalista e empres\u00e1rio do ramo gr\u00e1fico de Senhor do Bonfim, Jos\u00e9 Rosa Lima.<\/p>\n\n\n\n<p>Segundo informa\u00e7\u00f5es do Portal Preto no Branco (PNB), da jornalista Sibelle Fonseca, o tiroteio aconteceu na Avenida Adolfo Viana. Rafael chegou a ser socorrido para um hospital da regi\u00e3o, mas n\u00e3o resistiu.<\/p>\n\n\n\n<p>Ainda de acordo com o PNB, Rafael Lima estaria na festa com a esposa e o filho, e ao sair para comprar uma bebida, foi atingido pelos disparos.<\/p>\n\n\n\n<p>Rafael morava em Juazeiro, onde trabalhava na empresa Pau Brasil Motos. Seu sepultamento foi realizado em nossa cidade na ter\u00e7a-feira, dia 30.<\/p>\n\n\n\n<p>Jos\u00e9 Rosa Lima, durante muitos anos atuou como propriet\u00e1rio da Gr\u00e1fica Vila Nova em nossa cidade, al\u00e9m de ser o respons\u00e1vel por jornais de grande circula\u00e7\u00e3o em Bonfim e regi\u00e3o, a exemplo do Jornal Nossa Gente. Aposentado, h\u00e1 v\u00e1rios anos, ele mora em Subauma.<\/p>\n\n\n\n<p class=\"has-medium-font-size\"><strong><mark style=\"background-color:rgba(0, 0, 0, 0)\" class=\"has-inline-color has-black-color\">Pol\u00edcia de Juazeiro divulga nomes das v\u00edtimas<\/mark><\/strong><\/p>\n\n\n\n<p>A Cipe-Caatinga\/Juazeiro divulgou nesta segunda-feira (29) uma nota com os detalhes do tiroteio ocorrido naquela cidade que vitimou Rafael Lima. De acordo com a nota, os tiros foram disparados por dois elementos desconhecidos que ocupavam uma moto Yamaha XTZ, de cor azul e placa n\u00e3o identificada.<\/p>\n\n\n\n<p>Segundo a Cipe-Caatinga, as outras v\u00edtimas do atentado foram identificadas como J\u00falio C\u00e9sar do Nascimento Aguiar, 16 anos, que mora em Remanso; e os irm\u00e3os Di\u00f3genes Alberto Carvalho Medrado, de 27 anos e Herbert Augusto Carvalho Medrado, 26 anos, ambos residentes no Bairro Piranga em Juazeiro.<\/p>\n\n\n\n<p>Ainda segundo a PM, J\u00falio C\u00e9sar foi ferido no ombro esquerdo; Di\u00f3genes teve ferimentos no abd\u00f4men esquerdo e coxa esquerda, enquanto o irm\u00e3o dele Herbert Augusto foi atingido na axila esquerda. Os tr\u00eas foram socorridos pelo Samu para o Hospital Universit\u00e1rio de Traumas de Petrolina-PE, a princ\u00edpio sem risco de morte.<\/p>\n","protected":false},"excerpt":{"rendered":"<p>Tiroteio no \u00faltimo dia do Carnaval antecipado da cidade deixou quatro pessoas feridas. Blog do Eloilton CajuhyAtualizado em 29 de janeiro de 2024 \u00e0s 10h28 e \u00e0s 15h12 Um tiroteio ocorrido em Juazeiro, neste domingo (28), \u00faltimo dia do Carnaval antecipado daquela cidade, deixou o saldo de 4 pessoas feridas a bala. Entre elas, Rafael [&hellip;]<\/p>\n","protected":false},"author":2,"featured_media":78930,"comment_status":"open","ping_status":"open","sticky":false,"template":"","format":"standard","meta":{"_acf_changed":false,"_monsterinsights_skip_tracking":false,"_monsterinsights_sitenote_active":false,"_monsterinsights_sitenote_note":"","_monsterinsights_sitenote_category":0,"_jetpack_memberships_contains_paid_content":false,"footnotes":"","jetpack_publicize_message":"","jetpack_publicize_feature_enabled":true,"jetpack_social_post_already_shared":true,"jetpack_social_options":{"image_generator_settings":{"template":"highway","default_image_id":0,"font":"","enabled":false},"version":2}},"categories":[15],"tags":[],"class_list":["post-78929","post","type-post","status-publish","format-standard","has-post-thumbnail","hentry","category-policia"],"acf":[],"jetpack_publicize_connections":[],"jetpack_featured_media_url":"https:\/\/i0.wp.com\/blogdoeloiltoncajuhy.com.br\/site\/wp-content\/uploads\/2024\/01\/Rafael-Lima_290124.png?fit=885%2C823&ssl=1","jetpack_sharing_enabled":true,"publishpress_future_workflow_manual_trigger":{"enabledWorkflows":[]},"_links":{"self":[{"href":"https:\/\/blogdoeloiltoncajuhy.com.br\/site\/wp-json\/wp\/v2\/posts\/78929","targetHints":{"allow":["GET"]}}],"collection":[{"href":"https:\/\/blogdoeloiltoncajuhy.com.br\/site\/wp-json\/wp\/v2\/posts"}],"about":[{"href":"https:\/\/blogdoeloiltoncajuhy.com.br\/site\/wp-json\/wp\/v2\/types\/post"}],"author":[{"embeddable":true,"href":"https:\/\/blogdoeloiltoncajuhy.com.br\/site\/wp-json\/wp\/v2\/users\/2"}],"replies":[{"embeddable":true,"href":"https:\/\/blogdoeloiltoncajuhy.com.br\/site\/wp-json\/wp\/v2\/comments?post=78929"}],"version-history":[{"count":6,"href":"https:\/\/blogdoeloiltoncajuhy.com.br\/site\/wp-json\/wp\/v2\/posts\/78929\/revisions"}],"predecessor-version":[{"id":78964,"href":"https:\/\/blogdoeloiltoncajuhy.com.br\/site\/wp-json\/wp\/v2\/posts\/78929\/revisions\/78964"}],"wp:featuredmedia":[{"embeddable":true,"href":"https:\/\/blogdoeloiltoncajuhy.com.br\/site\/wp-json\/wp\/v2\/media\/78930"}],"wp:attachment":[{"href":"https:\/\/blogdoeloiltoncajuhy.com.br\/site\/wp-json\/wp\/v2\/media?parent=78929"}],"wp:term":[{"taxonomy":"category","embeddable":true,"href":"https:\/\/blogdoeloiltoncajuhy.com.br\/site\/wp-json\/wp\/v2\/categories?post=78929"},{"taxonomy":"post_tag","embeddable":true,"href":"https:\/\/blogdoeloiltoncajuhy.com.br\/site\/wp-json\/wp\/v2\/tags?post=78929"}],"curies":[{"name":"wp","href":"https:\/\/api.w.org\/{rel}","templated":true}]}}