{"id":78926,"date":"2024-01-29T08:14:17","date_gmt":"2024-01-29T11:14:17","guid":{"rendered":"https:\/\/blogdoeloiltoncajuhy.com.br\/site\/?p=78926"},"modified":"2024-01-29T08:14:19","modified_gmt":"2024-01-29T11:14:19","slug":"ambulancia-do-samu-de-bonfim-capota-na-br-407-no-municipio-de-juazeiro","status":"publish","type":"post","link":"https:\/\/blogdoeloiltoncajuhy.com.br\/site\/ambulancia-do-samu-de-bonfim-capota-na-br-407-no-municipio-de-juazeiro\/","title":{"rendered":"Ambul\u00e2ncia do Samu de Bonfim capota na BR-407, no munic\u00edpio de Juazeiro"},"content":{"rendered":"\n<p class=\"has-text-align-center has-medium-font-size\"><strong>Gestante estava sendo transferida quando ocorreu o acidente.<\/strong><\/p>\n\n\n\n<p><strong>Blog do Eloilton Cajuhy<\/strong><\/p>\n\n\n\n<figure class=\"wp-block-image aligncenter size-full is-resized\"><a href=\"https:\/\/i0.wp.com\/blogdoeloiltoncajuhy.com.br\/site\/wp-content\/uploads\/2024\/01\/Ambulancia-Samu-Bonfim_reproducao.webp?ssl=1\"><img data-recalc-dims=\"1\" fetchpriority=\"high\" decoding=\"async\" width=\"640\" height=\"370\" src=\"https:\/\/i0.wp.com\/blogdoeloiltoncajuhy.com.br\/site\/wp-content\/uploads\/2024\/01\/Ambulancia-Samu-Bonfim_reproducao.webp?resize=640%2C370&#038;ssl=1\" alt=\"\" class=\"wp-image-78927\" style=\"width:706px;height:auto\" srcset=\"https:\/\/i0.wp.com\/blogdoeloiltoncajuhy.com.br\/site\/wp-content\/uploads\/2024\/01\/Ambulancia-Samu-Bonfim_reproducao.webp?w=640&amp;ssl=1 640w, https:\/\/i0.wp.com\/blogdoeloiltoncajuhy.com.br\/site\/wp-content\/uploads\/2024\/01\/Ambulancia-Samu-Bonfim_reproducao.webp?resize=300%2C173&amp;ssl=1 300w\" sizes=\"(max-width: 640px) 100vw, 640px\" \/><\/a><figcaption class=\"wp-element-caption\"><sub>Reprodu\u00e7\u00e3o \/ Redes sociais<\/sub><\/figcaption><\/figure>\n\n\n\n<p>Um grave acidente com uma ambul\u00e2ncia do Servi\u00e7o de Atendimento M\u00f3vel de Urg\u00eancia (Samu) de Senhor do Bonfim foi registrado na tarde deste domingo (28) na BR-407, trecho da localidade de Juremal, no munic\u00edpio de Juazeiro.<\/p>\n\n\n\n<p>De acordo com informa\u00e7\u00f5es da pol\u00edcia, o ve\u00edculo seguia para a regi\u00e3o do Vale do S\u00e3o Francisco conduzindo uma gestante que estava sendo transferida de nossa cidade. Outras pessoas estavam na ambul\u00e2ncia, mas se feriram gravemente somente a gestante e o motorista. Os demais ocupantes nada sofreram.<\/p>\n\n\n\n<p>Ambul\u00e2ncias do Samu de Juazeiro foram ao local prestar socorro \u00e0s v\u00edtimas. A gestante e o condutor da ambul\u00e2ncia acidentada foram conduzidos para hospitais da regi\u00e3o. N\u00e3o h\u00e1 informa\u00e7\u00f5es sobre o estado de sa\u00fade dos dois.<\/p>\n\n\n\n<p>A Prefeitura de Senhor do Bonfim emitiu nota confirmando o acidente e informando que assegurou todo o apoio necess\u00e1rio aos ocupantes do ve\u00edculo e \u00e0s suas fam\u00edlias.<\/p>\n","protected":false},"excerpt":{"rendered":"<p>Gestante estava sendo transferida quando ocorreu o acidente. Blog do Eloilton Cajuhy Um grave acidente com uma ambul\u00e2ncia do Servi\u00e7o de Atendimento M\u00f3vel de Urg\u00eancia (Samu) de Senhor do Bonfim foi registrado na tarde deste domingo (28) na BR-407, trecho da localidade de Juremal, no munic\u00edpio de Juazeiro. De acordo com informa\u00e7\u00f5es da pol\u00edcia, o [&hellip;]<\/p>\n","protected":false},"author":2,"featured_media":78927,"comment_status":"open","ping_status":"open","sticky":false,"template":"","format":"standard","meta":{"_acf_changed":false,"_monsterinsights_skip_tracking":false,"_monsterinsights_sitenote_active":false,"_monsterinsights_sitenote_note":"","_monsterinsights_sitenote_category":0,"_jetpack_memberships_contains_paid_content":false,"footnotes":"","jetpack_publicize_message":"","jetpack_publicize_feature_enabled":true,"jetpack_social_post_already_shared":true,"jetpack_social_options":{"image_generator_settings":{"template":"highway","default_image_id":0,"font":"","enabled":false},"version":2}},"categories":[11],"tags":[],"class_list":["post-78926","post","type-post","status-publish","format-standard","has-post-thumbnail","hentry","category-regional"],"acf":[],"jetpack_publicize_connections":[],"jetpack_featured_media_url":"https:\/\/i0.wp.com\/blogdoeloiltoncajuhy.com.br\/site\/wp-content\/uploads\/2024\/01\/Ambulancia-Samu-Bonfim_reproducao.webp?fit=640%2C370&ssl=1","jetpack_sharing_enabled":true,"publishpress_future_workflow_manual_trigger":{"enabledWorkflows":[]},"_links":{"self":[{"href":"https:\/\/blogdoeloiltoncajuhy.com.br\/site\/wp-json\/wp\/v2\/posts\/78926","targetHints":{"allow":["GET"]}}],"collection":[{"href":"https:\/\/blogdoeloiltoncajuhy.com.br\/site\/wp-json\/wp\/v2\/posts"}],"about":[{"href":"https:\/\/blogdoeloiltoncajuhy.com.br\/site\/wp-json\/wp\/v2\/types\/post"}],"author":[{"embeddable":true,"href":"https:\/\/blogdoeloiltoncajuhy.com.br\/site\/wp-json\/wp\/v2\/users\/2"}],"replies":[{"embeddable":true,"href":"https:\/\/blogdoeloiltoncajuhy.com.br\/site\/wp-json\/wp\/v2\/comments?post=78926"}],"version-history":[{"count":1,"href":"https:\/\/blogdoeloiltoncajuhy.com.br\/site\/wp-json\/wp\/v2\/posts\/78926\/revisions"}],"predecessor-version":[{"id":78928,"href":"https:\/\/blogdoeloiltoncajuhy.com.br\/site\/wp-json\/wp\/v2\/posts\/78926\/revisions\/78928"}],"wp:featuredmedia":[{"embeddable":true,"href":"https:\/\/blogdoeloiltoncajuhy.com.br\/site\/wp-json\/wp\/v2\/media\/78927"}],"wp:attachment":[{"href":"https:\/\/blogdoeloiltoncajuhy.com.br\/site\/wp-json\/wp\/v2\/media?parent=78926"}],"wp:term":[{"taxonomy":"category","embeddable":true,"href":"https:\/\/blogdoeloiltoncajuhy.com.br\/site\/wp-json\/wp\/v2\/categories?post=78926"},{"taxonomy":"post_tag","embeddable":true,"href":"https:\/\/blogdoeloiltoncajuhy.com.br\/site\/wp-json\/wp\/v2\/tags?post=78926"}],"curies":[{"name":"wp","href":"https:\/\/api.w.org\/{rel}","templated":true}]}}