{"id":78840,"date":"2024-01-23T10:38:54","date_gmt":"2024-01-23T13:38:54","guid":{"rendered":"https:\/\/blogdoeloiltoncajuhy.com.br\/site\/?p=78840"},"modified":"2024-01-23T10:38:56","modified_gmt":"2024-01-23T13:38:56","slug":"sem-saida-trabalhadores-da-caraiba-metais-pedem-socorro-estatal","status":"publish","type":"post","link":"https:\/\/blogdoeloiltoncajuhy.com.br\/site\/sem-saida-trabalhadores-da-caraiba-metais-pedem-socorro-estatal\/","title":{"rendered":"Sem sa\u00edda: Trabalhadores da Cara\u00edba Metais pedem socorro estatal"},"content":{"rendered":"\n<p class=\"has-medium-font-size\"><strong>Principal produtora de cobre do Brasil suspendeu opera\u00e7\u00f5es h\u00e1 tr\u00eas meses e n\u00e3o paga sal\u00e1rios desde novembro.<\/strong><\/p>\n\n\n\n<p><strong>A Tarde<\/strong><\/p>\n\n\n\n<figure class=\"wp-block-image aligncenter size-full\"><a href=\"https:\/\/i0.wp.com\/blogdoeloiltoncajuhy.com.br\/site\/wp-content\/uploads\/2024\/01\/Pouco-mais-de-100-trabalhadores-mantem-o-forno-funcionando-na-Caraiba-Foto-Reproducao.jpg?ssl=1\"><img data-recalc-dims=\"1\" fetchpriority=\"high\" decoding=\"async\" width=\"800\" height=\"452\" src=\"https:\/\/i0.wp.com\/blogdoeloiltoncajuhy.com.br\/site\/wp-content\/uploads\/2024\/01\/Pouco-mais-de-100-trabalhadores-mantem-o-forno-funcionando-na-Caraiba-Foto-Reproducao.jpg?resize=800%2C452&#038;ssl=1\" alt=\"\" class=\"wp-image-78841\" srcset=\"https:\/\/i0.wp.com\/blogdoeloiltoncajuhy.com.br\/site\/wp-content\/uploads\/2024\/01\/Pouco-mais-de-100-trabalhadores-mantem-o-forno-funcionando-na-Caraiba-Foto-Reproducao.jpg?w=900&amp;ssl=1 900w, https:\/\/i0.wp.com\/blogdoeloiltoncajuhy.com.br\/site\/wp-content\/uploads\/2024\/01\/Pouco-mais-de-100-trabalhadores-mantem-o-forno-funcionando-na-Caraiba-Foto-Reproducao.jpg?resize=300%2C169&amp;ssl=1 300w, https:\/\/i0.wp.com\/blogdoeloiltoncajuhy.com.br\/site\/wp-content\/uploads\/2024\/01\/Pouco-mais-de-100-trabalhadores-mantem-o-forno-funcionando-na-Caraiba-Foto-Reproducao.jpg?resize=768%2C433&amp;ssl=1 768w\" sizes=\"(max-width: 800px) 100vw, 800px\" \/><\/a><figcaption class=\"wp-element-caption\"><sub>Pouco mais de 100 trabalhadores mant\u00eam o forno funcionando na Cara\u00edba &#8211; Foto: Reprodu\u00e7\u00e3o<\/sub><\/figcaption><\/figure>\n\n\n\n<p>Trabalhadores sem receber h\u00e1 quase dois meses, produ\u00e7\u00e3o paralisada e uma d\u00edvida bilion\u00e1ria. Cercada de incertezas, a metal\u00fargica Cara\u00edba Metais &#8211; Paranapanema, localizada em Dias d\u00b4\u00c1vila, na Regi\u00e3o Metropolitana de Salvador, n\u00e3o aparenta ter for\u00e7as para se reerguer.<\/p>\n\n\n\n<p>Preocupados e sem nenhuma garantia de curto prazo, os funcion\u00e1rios acamparam na \u00faltima semana em frente \u00e0 empresa e, ap\u00f3s uma intermedia\u00e7\u00e3o da secretaria de Rela\u00e7\u00f5es Institucionais (Serin), o sindicato da categoria conseguiu entregar ao governador Jer\u00f4nimo Rodrigues e ao presidente Lula, uma carta. Um pedido de socorro.<\/p>\n\n\n\n<p>A entrega foi feita durante agenda de Lula no Senai Cimatec, em Cama\u00e7ari, para o lan\u00e7amento do parque aeroespacial. No documento, ao qual <strong>A TARDE<\/strong> teve acesso, al\u00e9m de um breve hist\u00f3rico da empresa, a categoria pede uma interven\u00e7\u00e3o estatal.<\/p>\n\n\n\n<p class=\"has-black-color has-text-color has-link-color has-medium-font-size wp-elements-fa2c3a7f309586e8d9542d27e8db201e\"><strong>Cronologia<\/strong><\/p>\n\n\n\n<figure class=\"wp-block-image aligncenter size-full is-resized\"><a href=\"https:\/\/i0.wp.com\/blogdoeloiltoncajuhy.com.br\/site\/wp-content\/uploads\/2024\/01\/Presidente-Lula-recebe-carta-do-sindicato-dos-metalurgicos-relatando-situacao-da-Caraiba-reproducao.png?ssl=1\"><img data-recalc-dims=\"1\" decoding=\"async\" width=\"800\" height=\"601\" src=\"https:\/\/i0.wp.com\/blogdoeloiltoncajuhy.com.br\/site\/wp-content\/uploads\/2024\/01\/Presidente-Lula-recebe-carta-do-sindicato-dos-metalurgicos-relatando-situacao-da-Caraiba-reproducao.png?resize=800%2C601&#038;ssl=1\" alt=\"\" class=\"wp-image-78842\" style=\"width:726px;height:auto\" srcset=\"https:\/\/i0.wp.com\/blogdoeloiltoncajuhy.com.br\/site\/wp-content\/uploads\/2024\/01\/Presidente-Lula-recebe-carta-do-sindicato-dos-metalurgicos-relatando-situacao-da-Caraiba-reproducao.png?w=995&amp;ssl=1 995w, https:\/\/i0.wp.com\/blogdoeloiltoncajuhy.com.br\/site\/wp-content\/uploads\/2024\/01\/Presidente-Lula-recebe-carta-do-sindicato-dos-metalurgicos-relatando-situacao-da-Caraiba-reproducao.png?resize=300%2C225&amp;ssl=1 300w, https:\/\/i0.wp.com\/blogdoeloiltoncajuhy.com.br\/site\/wp-content\/uploads\/2024\/01\/Presidente-Lula-recebe-carta-do-sindicato-dos-metalurgicos-relatando-situacao-da-Caraiba-reproducao.png?resize=768%2C577&amp;ssl=1 768w\" sizes=\"(max-width: 800px) 100vw, 800px\" \/><\/a><figcaption class=\"wp-element-caption\"><sub>Presidente Lula recebe carta do sindicato dos metal\u00fargicos relatando situa\u00e7\u00e3o da Cara\u00edba | Foto: Divulga\u00e7\u00e3o<\/sub><\/figcaption><\/figure>\n\n\n\n<p>A paralisa\u00e7\u00e3o das atividades da Cara\u00edba Metais &#8211; Paranapanema ocorreu em outubro de 2023, quando a empresa anunciou uma parada de manuten\u00e7\u00e3o devido a problemas no precipitador, equipamento essencial para sua opera\u00e7\u00e3o.<\/p>\n\n\n\n<p>Cerca de 500 trabalhadores foram orientados a ficar em casa e o restante, pouco mais de 100 oper\u00e1rios, mantiveram sua rotina, apenas o m\u00ednimo necess\u00e1rio para garantir a opera\u00e7\u00e3o do forno, que n\u00e3o pode ser resfriado.<\/p>\n\n\n\n<p>Segundo o sindicato dos metal\u00fargicos de Dias d\u00b4\u00c1vila e regi\u00e3o, desde ent\u00e3o o pagamento do aux\u00edlio-alimenta\u00e7\u00e3o foi suspenso. Em novembro, a justi\u00e7a de S\u00e3o Paulo homologou o pedido de recupera\u00e7\u00e3o judicial. Foi o \u00faltimo m\u00eas em que os trabalhadores receberam seus sal\u00e1rios.<\/p>\n\n\n\n<p>De l\u00e1 para c\u00e1, as duas parcelas salariais do m\u00eas de dezembro, f\u00e9rias, 13\u00ba sal\u00e1rio e a primeira quinzena de janeiro n\u00e3o foram depositados. Na \u00faltima semana do ano, a Parapanema anunciou um \u2018lay off\u2019 ( suspens\u00e3o das atividades) de cinco meses.<\/p>\n\n\n\n<p>Segundo a empresa, &#8220;a parada industrial n\u00e3o programada para reparos em sua linha de produ\u00e7\u00e3o, afetou severamente o fluxo de caixa e a obrigou a adotar o lay-off para parte dos trabalhadores, aprovado em assembleia realizada pelo sindicato da categoria\u201d.<\/p>\n\n\n\n<p>A Integra, empresa respons\u00e1vel pela recupera\u00e7\u00e3o judicial, alega que vem atuando junto ao juiz da Recupera\u00e7\u00e3o Judicial para libera\u00e7\u00e3o de recursos relativos a dep\u00f3sitos judiciais recursais de processos da Justi\u00e7a do Trabalho, a fim de sanar as verbas atrasadas de dezembro.<\/p>\n\n\n\n<p>\u201cA Paranapanema trabalha tamb\u00e9m para vender cr\u00e9ditos de ICMS da Bahia para colocar em andamento o plano de pagamento das verbas em atraso\u201d, diz ainda a nota.<\/p>\n\n\n\n<p>Segundo a empresa, \u201ca partir deste m\u00eas de janeiro, os trabalhadores em lay-off ter\u00e3o recebimentos por meio da Bolsa Qualifica\u00e7\u00e3o do Governo e ajuda compensat\u00f3ria da companhia, como estabelece a legisla\u00e7\u00e3o\u201d.<\/p>\n\n\n\n<p class=\"has-black-color has-text-color has-link-color has-medium-font-size wp-elements-6bce62d681b9208a23888585418e692b\"><strong>Press\u00e3o<\/strong><\/p>\n\n\n\n<figure class=\"wp-block-image aligncenter size-full is-resized\"><a href=\"https:\/\/i0.wp.com\/blogdoeloiltoncajuhy.com.br\/site\/wp-content\/uploads\/2024\/01\/Trabalhadores-da-Caraiba-Metais-acamparam-na-porta-da-empresa-Foto_Divulgacao.png?ssl=1\"><img data-recalc-dims=\"1\" decoding=\"async\" width=\"800\" height=\"493\" src=\"https:\/\/i0.wp.com\/blogdoeloiltoncajuhy.com.br\/site\/wp-content\/uploads\/2024\/01\/Trabalhadores-da-Caraiba-Metais-acamparam-na-porta-da-empresa-Foto_Divulgacao.png?resize=800%2C493&#038;ssl=1\" alt=\"\" class=\"wp-image-78843\" style=\"width:772px;height:auto\" srcset=\"https:\/\/i0.wp.com\/blogdoeloiltoncajuhy.com.br\/site\/wp-content\/uploads\/2024\/01\/Trabalhadores-da-Caraiba-Metais-acamparam-na-porta-da-empresa-Foto_Divulgacao.png?w=991&amp;ssl=1 991w, https:\/\/i0.wp.com\/blogdoeloiltoncajuhy.com.br\/site\/wp-content\/uploads\/2024\/01\/Trabalhadores-da-Caraiba-Metais-acamparam-na-porta-da-empresa-Foto_Divulgacao.png?resize=300%2C185&amp;ssl=1 300w, https:\/\/i0.wp.com\/blogdoeloiltoncajuhy.com.br\/site\/wp-content\/uploads\/2024\/01\/Trabalhadores-da-Caraiba-Metais-acamparam-na-porta-da-empresa-Foto_Divulgacao.png?resize=768%2C474&amp;ssl=1 768w\" sizes=\"(max-width: 800px) 100vw, 800px\" \/><\/a><figcaption class=\"wp-element-caption\"><sub>Trabalhadores da Cara\u00edba Metais acamparam na porta da empresa | Foto: Divulga\u00e7\u00e3o<\/sub><\/figcaption><\/figure>\n\n\n\n<p>Diante do impasse, o sindicato da categoria convocou os trabalhadores a acampar na porta da empresa. Eles chegaram a anunciar um ato durante a cerim\u00f4nia de lan\u00e7amento do parque aeroespecial, no Senai Cimatec, em Cama\u00e7ari, para chamar a aten\u00e7\u00e3o do presidente Lula.<\/p>\n\n\n\n<p>Ap\u00f3s mat\u00e9ria publicada no <strong>A TARDE<\/strong>, no entanto, a Serin convocou os sindicalistas na quarta-feira, 17, e agendou a entrega de uma carta ao presidente e ao governador Jer\u00f4nimo Rodrigues.<\/p>\n\n\n\n<p>O documento lembra o in\u00edcio das atividades&nbsp; do complexo metal\u00fargico, em 1982, que o consolidou como principal e \u00fanico produtor de cobre eletrol\u00edtico do pa\u00eds. Durante o governo Sarney, a empresa, que tinha participa\u00e7\u00e3o do BNDES (Banco Nacional de Desenvoilvimento), foi privatizada.<\/p>\n\n\n\n<p>Em 1996, um Pool de Fundos de Pens\u00e3o, liderado pela PREVI, trouxe de volta a empresa ao controle estatal, durante o governo Fernando Henrique Cardoso. Em 2010, a empresa foi novamente vendida e incorporada ao Grupo Paranapanema.<\/p>\n\n\n\n<p>A Cara\u00edba Metais chegou a processar 220 mil toneladas de cobre eletrol\u00edtico por ano e refinar 7,5 toneladas de Ouro e 60 toneladas de Prata, ambos subprodutos do refino de cobre.<\/p>\n\n\n\n<p>Mesmo com toda essa produ\u00e7\u00e3o e sem concorr\u00eancia dentro do Brasil, a empresa acumulou uma d\u00edvida bilion\u00e1ria e, em dezembro de 2022, entrou com pedido de recupera\u00e7\u00e3o judicial na justi\u00e7a de S\u00e3o Paulo. Um ano antes, em dezembro de 2021, fez acordo com 11 bancos, para repactuar uma d\u00edvida de R$ 2,6 bilh\u00f5es.<\/p>\n\n\n\n<p class=\"has-black-color has-text-color has-link-color has-medium-font-size wp-elements-1dfea09c70e44b455cb73298ea82e0fe\"><strong>Sinais<\/strong><\/p>\n\n\n\n<p>Diante dos sinais de que a empresa poderia ruir, o deputado federal Daniel Almeida, do PC do B, realizou audi\u00eancia p\u00fablica na C\u00e2mara Federal, em dezembro de 2022, para ouvir da empresa e dos trabalhadores os problemas e propostas de solu\u00e7\u00f5es.<\/p>\n\n\n\n<p>\u201cA empresa \u00e9 vi\u00e1vel, \u00e9 quase um monop\u00f3lio, n\u00e3o tem concorrente no Brasil, chegou a essa situa\u00e7\u00e3o por m\u00e1 gest\u00e3o e precisa transmitir confian\u00e7a para ter acesso a novos recursos\u201d, afirma Daniel, que segue acompanhando as negocia\u00e7\u00f5es.<\/p>\n\n\n\n<p>Opini\u00e3o compartilhada por Valbirajara Sousa, presidente do sindicato dos metal\u00fargicos de Dias d\u00b4\u00c1vila. \u201cAt\u00e9 hoje n\u00e3o d\u00e1 para entender como a \u00fanica produtora de cobre do Brasil est\u00e1 nessa situa\u00e7\u00e3o\u201d.<\/p>\n\n\n\n<p>Segundo seus pr\u00f3prios n\u00fameros, a companhia tem hoje, inclu\u00eddos na recupera\u00e7\u00e3o judicial, \u201cd\u00edvidas concursais da ordem de R$ 479,7 milh\u00f5es, sendo R$ 196 milh\u00f5es em cr\u00e9ditos classe I (trabalhistas, escrit\u00f3rios de advocacia e assemelhados), R$ 9,9 milh\u00f5es de cr\u00e9ditos Classe II (credores com garantia real), R$ 269 milh\u00f5es em cr\u00e9ditos Classe III (quirograf\u00e1rios: cr\u00e9ditos sem garantia), e R$ 4,6 milh\u00f5es em cr\u00e9ditos Classe IV (pequenas e micro empresas)\u201d.<\/p>\n\n\n\n<p class=\"has-black-color has-text-color has-link-color has-medium-font-size wp-elements-4ba43317e132820b02b4ebeb3e61f762\"><strong>Alternativas<\/strong><\/p>\n\n\n\n<p>Atualmente, a empresa conta com 750 trabalhadores mas, em sua plena opera\u00e7\u00e3o, j\u00e1 empregou 5 mil, entre diretos e indiretos. Segundo a carta entregue pelo sindicato a Lula e Jer\u00f4nimo, a previs\u00e3o de consumo de cobre no estado da Bahia \u00e9 de 25 mil toneladas para o setor automotivo, com a chegada da BYD, e de 23 mil toneladas no setor e\u00f3lico.<\/p>\n\n\n\n<p>Caso a empresa n\u00e3o retome sua opera\u00e7\u00e3o, a Bahia deixar\u00e1 de arrecadar US$ 67 milh\u00f5es s\u00f3 de ICMS, o equivalente a R$ 337 milh\u00f5es, mais que todo o dinheiro gasto com a seguran\u00e7a p\u00fablica da Bahia em 2023. Por isso, o sindicato defende a retomada, pelo estado, do controle da empresa, al\u00e9m da libera\u00e7\u00e3o imediata de R$ 3 milh\u00f5es de cr\u00e9ditos de ICMS para a regulariza\u00e7\u00e3o dos sal\u00e1rios.<\/p>\n","protected":false},"excerpt":{"rendered":"<p>Principal produtora de cobre do Brasil suspendeu opera\u00e7\u00f5es h\u00e1 tr\u00eas meses e n\u00e3o paga sal\u00e1rios desde novembro. A Tarde Trabalhadores sem receber h\u00e1 quase dois meses, produ\u00e7\u00e3o paralisada e uma d\u00edvida bilion\u00e1ria. Cercada de incertezas, a metal\u00fargica Cara\u00edba Metais &#8211; Paranapanema, localizada em Dias d\u00b4\u00c1vila, na Regi\u00e3o Metropolitana de Salvador, n\u00e3o aparenta ter for\u00e7as para [&hellip;]<\/p>\n","protected":false},"author":2,"featured_media":78841,"comment_status":"open","ping_status":"open","sticky":false,"template":"","format":"standard","meta":{"_acf_changed":false,"_monsterinsights_skip_tracking":false,"_monsterinsights_sitenote_active":false,"_monsterinsights_sitenote_note":"","_monsterinsights_sitenote_category":0,"_jetpack_memberships_contains_paid_content":false,"footnotes":"","jetpack_publicize_message":"","jetpack_publicize_feature_enabled":true,"jetpack_social_post_already_shared":true,"jetpack_social_options":{"image_generator_settings":{"template":"highway","default_image_id":0,"font":"","enabled":false},"version":2}},"categories":[31],"tags":[],"class_list":["post-78840","post","type-post","status-publish","format-standard","has-post-thumbnail","hentry","category-economia"],"acf":[],"jetpack_publicize_connections":[],"jetpack_featured_media_url":"https:\/\/i0.wp.com\/blogdoeloiltoncajuhy.com.br\/site\/wp-content\/uploads\/2024\/01\/Pouco-mais-de-100-trabalhadores-mantem-o-forno-funcionando-na-Caraiba-Foto-Reproducao.jpg?fit=900%2C508&ssl=1","jetpack_sharing_enabled":true,"publishpress_future_workflow_manual_trigger":{"enabledWorkflows":[]},"_links":{"self":[{"href":"https:\/\/blogdoeloiltoncajuhy.com.br\/site\/wp-json\/wp\/v2\/posts\/78840","targetHints":{"allow":["GET"]}}],"collection":[{"href":"https:\/\/blogdoeloiltoncajuhy.com.br\/site\/wp-json\/wp\/v2\/posts"}],"about":[{"href":"https:\/\/blogdoeloiltoncajuhy.com.br\/site\/wp-json\/wp\/v2\/types\/post"}],"author":[{"embeddable":true,"href":"https:\/\/blogdoeloiltoncajuhy.com.br\/site\/wp-json\/wp\/v2\/users\/2"}],"replies":[{"embeddable":true,"href":"https:\/\/blogdoeloiltoncajuhy.com.br\/site\/wp-json\/wp\/v2\/comments?post=78840"}],"version-history":[{"count":1,"href":"https:\/\/blogdoeloiltoncajuhy.com.br\/site\/wp-json\/wp\/v2\/posts\/78840\/revisions"}],"predecessor-version":[{"id":78844,"href":"https:\/\/blogdoeloiltoncajuhy.com.br\/site\/wp-json\/wp\/v2\/posts\/78840\/revisions\/78844"}],"wp:featuredmedia":[{"embeddable":true,"href":"https:\/\/blogdoeloiltoncajuhy.com.br\/site\/wp-json\/wp\/v2\/media\/78841"}],"wp:attachment":[{"href":"https:\/\/blogdoeloiltoncajuhy.com.br\/site\/wp-json\/wp\/v2\/media?parent=78840"}],"wp:term":[{"taxonomy":"category","embeddable":true,"href":"https:\/\/blogdoeloiltoncajuhy.com.br\/site\/wp-json\/wp\/v2\/categories?post=78840"},{"taxonomy":"post_tag","embeddable":true,"href":"https:\/\/blogdoeloiltoncajuhy.com.br\/site\/wp-json\/wp\/v2\/tags?post=78840"}],"curies":[{"name":"wp","href":"https:\/\/api.w.org\/{rel}","templated":true}]}}