{"id":78833,"date":"2024-01-22T23:08:13","date_gmt":"2024-01-23T02:08:13","guid":{"rendered":"https:\/\/blogdoeloiltoncajuhy.com.br\/site\/?p=78833"},"modified":"2024-01-22T23:09:52","modified_gmt":"2024-01-23T02:09:52","slug":"governo-do-estado-vai-investir-mais-de-1-milhao-na-construcao-de-cisternas-em-escolas-de-bonfim","status":"publish","type":"post","link":"https:\/\/blogdoeloiltoncajuhy.com.br\/site\/governo-do-estado-vai-investir-mais-de-1-milhao-na-construcao-de-cisternas-em-escolas-de-bonfim\/","title":{"rendered":"Governo do Estado vai investir mais de 1 milh\u00e3o na constru\u00e7\u00e3o de cisternas em escolas de Bonfim"},"content":{"rendered":"\n<p class=\"has-medium-font-size\"><strong>A\u00e7\u00e3o vai beneficiar escolas que n\u00e3o recebem \u00e1gua tratada ou que tenham dificuldades de abastecimento.<\/strong><\/p>\n\n\n\n<p><strong>Blog do Eloilton Cajuhy<\/strong><\/p>\n\n\n\n<figure class=\"wp-block-image aligncenter size-full is-resized\"><a href=\"https:\/\/i0.wp.com\/blogdoeloiltoncajuhy.com.br\/site\/wp-content\/uploads\/2024\/01\/CisternasEscolas_220124.png?ssl=1\"><img data-recalc-dims=\"1\" fetchpriority=\"high\" decoding=\"async\" width=\"749\" height=\"471\" src=\"https:\/\/i0.wp.com\/blogdoeloiltoncajuhy.com.br\/site\/wp-content\/uploads\/2024\/01\/CisternasEscolas_220124.png?resize=749%2C471&#038;ssl=1\" alt=\"\" class=\"wp-image-78834\" style=\"width:647px;height:auto\" srcset=\"https:\/\/i0.wp.com\/blogdoeloiltoncajuhy.com.br\/site\/wp-content\/uploads\/2024\/01\/CisternasEscolas_220124.png?w=749&amp;ssl=1 749w, https:\/\/i0.wp.com\/blogdoeloiltoncajuhy.com.br\/site\/wp-content\/uploads\/2024\/01\/CisternasEscolas_220124.png?resize=300%2C189&amp;ssl=1 300w\" sizes=\"(max-width: 749px) 100vw, 749px\" \/><\/a><figcaption class=\"wp-element-caption\"><sub>Reprodu\u00e7\u00e3o \/ Instagram<\/sub><\/figcaption><\/figure>\n\n\n\n<p>Mais de 1 milh\u00e3o de reais \u00e9 o que o Governo do Estado ir\u00e1 investir no munic\u00edpio de Senhor do Bonfim para a constru\u00e7\u00e3o de cisternas nas escolas municipais. O objetivo \u00e9 atender aquelas unidades escolares que n\u00e3o recebem \u00e1gua tratada, ou que tenham dificuldades de abastecimento h\u00eddrico.<\/p>\n\n\n\n<p>A a\u00e7\u00e3o chega ao munic\u00edpio atrav\u00e9s de pedidos do ex-prefeito Carlos Brasileiro, hoje Assessor Especial do Governo do Estado, e do professor H\u00e9lder Amorim, Coordenador Executivo de Articula\u00e7\u00e3o dos Projetos para a Educa\u00e7\u00e3o.<\/p>\n\n\n\n<p>De acordo com Brasileiro e H\u00e9lder, esse investimento faz parte do Programa Cisternas na Escola, coordenado pela Secretaria Estadual de Assist\u00eancia e Desenvolvimento Social (SEADES), e tem como objetivos a Seguran\u00e7a Alimentar, o Combate \u00e0 Pobreza e a melhoria da qualidade de vida dos alunos e dos profissionais da educa\u00e7\u00e3o da rede p\u00fablica.<\/p>\n\n\n\n<p>Cada cisterna tem a capacidade de armazenar 52.000 mil litros de \u00e1gua. &#8220;Agradecemos ao Governador Jer\u00f4nimo Rodrigues, a Secret\u00e1ria Fabya Reis e ao Deputado Federal Valmir Assun\u00e7\u00e3o por atender a nossa solicita\u00e7\u00e3o que vai beneficiar mais de 1.200 bonfinenses&#8221;, disse o ex-prefeito Carlos Brasileiro.<\/p>\n","protected":false},"excerpt":{"rendered":"<p>A\u00e7\u00e3o vai beneficiar escolas que n\u00e3o recebem \u00e1gua tratada ou que tenham dificuldades de abastecimento. Blog do Eloilton Cajuhy Mais de 1 milh\u00e3o de reais \u00e9 o que o Governo do Estado ir\u00e1 investir no munic\u00edpio de Senhor do Bonfim para a constru\u00e7\u00e3o de cisternas nas escolas municipais. O objetivo \u00e9 atender aquelas unidades escolares [&hellip;]<\/p>\n","protected":false},"author":2,"featured_media":78834,"comment_status":"open","ping_status":"open","sticky":false,"template":"","format":"standard","meta":{"_acf_changed":false,"_monsterinsights_skip_tracking":false,"_monsterinsights_sitenote_active":false,"_monsterinsights_sitenote_note":"","_monsterinsights_sitenote_category":0,"_jetpack_memberships_contains_paid_content":false,"footnotes":"","jetpack_publicize_message":"","jetpack_publicize_feature_enabled":true,"jetpack_social_post_already_shared":true,"jetpack_social_options":{"image_generator_settings":{"template":"highway","default_image_id":0,"font":"","enabled":false},"version":2}},"categories":[3],"tags":[],"class_list":["post-78833","post","type-post","status-publish","format-standard","has-post-thumbnail","hentry","category-politica"],"acf":[],"jetpack_publicize_connections":[],"jetpack_featured_media_url":"https:\/\/i0.wp.com\/blogdoeloiltoncajuhy.com.br\/site\/wp-content\/uploads\/2024\/01\/CisternasEscolas_220124.png?fit=749%2C471&ssl=1","jetpack_sharing_enabled":true,"publishpress_future_workflow_manual_trigger":{"enabledWorkflows":[]},"_links":{"self":[{"href":"https:\/\/blogdoeloiltoncajuhy.com.br\/site\/wp-json\/wp\/v2\/posts\/78833","targetHints":{"allow":["GET"]}}],"collection":[{"href":"https:\/\/blogdoeloiltoncajuhy.com.br\/site\/wp-json\/wp\/v2\/posts"}],"about":[{"href":"https:\/\/blogdoeloiltoncajuhy.com.br\/site\/wp-json\/wp\/v2\/types\/post"}],"author":[{"embeddable":true,"href":"https:\/\/blogdoeloiltoncajuhy.com.br\/site\/wp-json\/wp\/v2\/users\/2"}],"replies":[{"embeddable":true,"href":"https:\/\/blogdoeloiltoncajuhy.com.br\/site\/wp-json\/wp\/v2\/comments?post=78833"}],"version-history":[{"count":2,"href":"https:\/\/blogdoeloiltoncajuhy.com.br\/site\/wp-json\/wp\/v2\/posts\/78833\/revisions"}],"predecessor-version":[{"id":78836,"href":"https:\/\/blogdoeloiltoncajuhy.com.br\/site\/wp-json\/wp\/v2\/posts\/78833\/revisions\/78836"}],"wp:featuredmedia":[{"embeddable":true,"href":"https:\/\/blogdoeloiltoncajuhy.com.br\/site\/wp-json\/wp\/v2\/media\/78834"}],"wp:attachment":[{"href":"https:\/\/blogdoeloiltoncajuhy.com.br\/site\/wp-json\/wp\/v2\/media?parent=78833"}],"wp:term":[{"taxonomy":"category","embeddable":true,"href":"https:\/\/blogdoeloiltoncajuhy.com.br\/site\/wp-json\/wp\/v2\/categories?post=78833"},{"taxonomy":"post_tag","embeddable":true,"href":"https:\/\/blogdoeloiltoncajuhy.com.br\/site\/wp-json\/wp\/v2\/tags?post=78833"}],"curies":[{"name":"wp","href":"https:\/\/api.w.org\/{rel}","templated":true}]}}