{"id":78830,"date":"2024-01-22T21:55:17","date_gmt":"2024-01-23T00:55:17","guid":{"rendered":"https:\/\/blogdoeloiltoncajuhy.com.br\/site\/?p=78830"},"modified":"2024-01-22T21:55:20","modified_gmt":"2024-01-23T00:55:20","slug":"academia-assai-oferece-curso-gratuito-sobre-como-tracar-metas-para-os-negocios-no-proximo-dia-30","status":"publish","type":"post","link":"https:\/\/blogdoeloiltoncajuhy.com.br\/site\/academia-assai-oferece-curso-gratuito-sobre-como-tracar-metas-para-os-negocios-no-proximo-dia-30\/","title":{"rendered":"Academia Assa\u00ed oferece curso gratuito sobre como tra\u00e7ar metas para os neg\u00f3cios, no pr\u00f3ximo dia 30"},"content":{"rendered":"\n<p class=\"has-medium-font-size\"><strong>O curso traz o passo a passo para definir e atingir metas para o sucesso do neg\u00f3cio e para o gerenciamento de uma empresa.<\/strong><\/p>\n\n\n\n<p><strong>Por Comunicativa<\/strong><\/p>\n\n\n\n<figure class=\"wp-block-image aligncenter size-full is-resized\"><a href=\"https:\/\/i0.wp.com\/blogdoeloiltoncajuhy.com.br\/site\/wp-content\/uploads\/2024\/01\/Crescimento_estrategico_do_negocio_para_impulsionar_o_empreendimento.jpg?ssl=1\"><img data-recalc-dims=\"1\" fetchpriority=\"high\" decoding=\"async\" width=\"800\" height=\"502\" src=\"https:\/\/i0.wp.com\/blogdoeloiltoncajuhy.com.br\/site\/wp-content\/uploads\/2024\/01\/Crescimento_estrategico_do_negocio_para_impulsionar_o_empreendimento.jpg?resize=800%2C502&#038;ssl=1\" alt=\"\" class=\"wp-image-78831\" style=\"width:744px;height:auto\" srcset=\"https:\/\/i0.wp.com\/blogdoeloiltoncajuhy.com.br\/site\/wp-content\/uploads\/2024\/01\/Crescimento_estrategico_do_negocio_para_impulsionar_o_empreendimento.jpg?w=900&amp;ssl=1 900w, https:\/\/i0.wp.com\/blogdoeloiltoncajuhy.com.br\/site\/wp-content\/uploads\/2024\/01\/Crescimento_estrategico_do_negocio_para_impulsionar_o_empreendimento.jpg?resize=300%2C188&amp;ssl=1 300w, https:\/\/i0.wp.com\/blogdoeloiltoncajuhy.com.br\/site\/wp-content\/uploads\/2024\/01\/Crescimento_estrategico_do_negocio_para_impulsionar_o_empreendimento.jpg?resize=768%2C482&amp;ssl=1 768w\" sizes=\"(max-width: 800px) 100vw, 800px\" \/><\/a><figcaption class=\"wp-element-caption\"><sub>Reprodu\u00e7\u00e3o<\/sub><\/figcaption><\/figure>\n\n\n\n<p>Para se ter um neg\u00f3cio bem sucedido, \u00e9 preciso definir metas e objetivos, estabelecer prazos e um plano de a\u00e7\u00e3o para concretiza\u00e7\u00e3o do plano de neg\u00f3cio. Essas s\u00e3o etapas fundamentais para manter o neg\u00f3cio funcionando, assim como buscar o seu sucesso. Para apoiar os empreendedores do ramo aliment\u00edcio, a Academia Assa\u00ed, programa do Instituto Assa\u00ed de apoio a micro e pequenos empreendedores de alimenta\u00e7\u00e3o, realizar\u00e1 em parceria com o Sebrae, no dia 30 de janeiro, o curso online ao vivo <strong><em>\u201cComo Definir Metas para o Ano\u201d<\/em><\/strong>.<\/p>\n\n\n\n<p>Com conte\u00fado pr\u00e1tico e abordando as ferramentas existentes para a constru\u00e7\u00e3o de metas para o neg\u00f3cio e formas de aplic\u00e1-las, o curso tamb\u00e9m ir\u00e1 simular situa\u00e7\u00f5es comuns no dia a dia para entender quais os resultados gerados e ainda apresentar\u00e1 os principais conceitos de indicadores de metas e sua import\u00e2ncia para o gerenciamento de uma empresa. O treinamento tem dura\u00e7\u00e3o de duas horas e acontecer\u00e1 de forma online e ao vivo, no dia 30 de janeiro, a partir das 18h.<\/p>\n\n\n\n<p>A aula ser\u00e1 ministrada por Caio Monteiro, consultor Sebrae. Os interessados devem se inscrever at\u00e9 o dia 29 de janeiro pelo link: (<a href=\"https:\/\/www.academiaassai.com.br\/eventos\" target=\"_blank\" rel=\"noreferrer noopener\"><strong><mark style=\"background-color:rgba(0, 0, 0, 0)\" class=\"has-inline-color has-vivid-red-color\">https:\/\/www.academiaassai.com.br\/eventos<\/mark><\/strong><\/a>). Todos que conclu\u00edrem o curso receber\u00e3o certificado de participa\u00e7\u00e3o.<\/p>\n","protected":false},"excerpt":{"rendered":"<p>O curso traz o passo a passo para definir e atingir metas para o sucesso do neg\u00f3cio e para o gerenciamento de uma empresa. Por Comunicativa Para se ter um neg\u00f3cio bem sucedido, \u00e9 preciso definir metas e objetivos, estabelecer prazos e um plano de a\u00e7\u00e3o para concretiza\u00e7\u00e3o do plano de neg\u00f3cio. Essas s\u00e3o etapas [&hellip;]<\/p>\n","protected":false},"author":2,"featured_media":78831,"comment_status":"open","ping_status":"open","sticky":false,"template":"","format":"standard","meta":{"_acf_changed":false,"_monsterinsights_skip_tracking":false,"_monsterinsights_sitenote_active":false,"_monsterinsights_sitenote_note":"","_monsterinsights_sitenote_category":0,"_jetpack_memberships_contains_paid_content":false,"footnotes":"","jetpack_publicize_message":"","jetpack_publicize_feature_enabled":true,"jetpack_social_post_already_shared":true,"jetpack_social_options":{"image_generator_settings":{"template":"highway","default_image_id":0,"font":"","enabled":false},"version":2}},"categories":[32],"tags":[],"class_list":["post-78830","post","type-post","status-publish","format-standard","has-post-thumbnail","hentry","category-emprego"],"acf":[],"jetpack_publicize_connections":[],"jetpack_featured_media_url":"https:\/\/i0.wp.com\/blogdoeloiltoncajuhy.com.br\/site\/wp-content\/uploads\/2024\/01\/Crescimento_estrategico_do_negocio_para_impulsionar_o_empreendimento.jpg?fit=900%2C565&ssl=1","jetpack_sharing_enabled":true,"publishpress_future_workflow_manual_trigger":{"enabledWorkflows":[]},"_links":{"self":[{"href":"https:\/\/blogdoeloiltoncajuhy.com.br\/site\/wp-json\/wp\/v2\/posts\/78830","targetHints":{"allow":["GET"]}}],"collection":[{"href":"https:\/\/blogdoeloiltoncajuhy.com.br\/site\/wp-json\/wp\/v2\/posts"}],"about":[{"href":"https:\/\/blogdoeloiltoncajuhy.com.br\/site\/wp-json\/wp\/v2\/types\/post"}],"author":[{"embeddable":true,"href":"https:\/\/blogdoeloiltoncajuhy.com.br\/site\/wp-json\/wp\/v2\/users\/2"}],"replies":[{"embeddable":true,"href":"https:\/\/blogdoeloiltoncajuhy.com.br\/site\/wp-json\/wp\/v2\/comments?post=78830"}],"version-history":[{"count":1,"href":"https:\/\/blogdoeloiltoncajuhy.com.br\/site\/wp-json\/wp\/v2\/posts\/78830\/revisions"}],"predecessor-version":[{"id":78832,"href":"https:\/\/blogdoeloiltoncajuhy.com.br\/site\/wp-json\/wp\/v2\/posts\/78830\/revisions\/78832"}],"wp:featuredmedia":[{"embeddable":true,"href":"https:\/\/blogdoeloiltoncajuhy.com.br\/site\/wp-json\/wp\/v2\/media\/78831"}],"wp:attachment":[{"href":"https:\/\/blogdoeloiltoncajuhy.com.br\/site\/wp-json\/wp\/v2\/media?parent=78830"}],"wp:term":[{"taxonomy":"category","embeddable":true,"href":"https:\/\/blogdoeloiltoncajuhy.com.br\/site\/wp-json\/wp\/v2\/categories?post=78830"},{"taxonomy":"post_tag","embeddable":true,"href":"https:\/\/blogdoeloiltoncajuhy.com.br\/site\/wp-json\/wp\/v2\/tags?post=78830"}],"curies":[{"name":"wp","href":"https:\/\/api.w.org\/{rel}","templated":true}]}}