{"id":78827,"date":"2024-01-22T21:30:51","date_gmt":"2024-01-23T00:30:51","guid":{"rendered":"https:\/\/blogdoeloiltoncajuhy.com.br\/site\/?p=78827"},"modified":"2024-01-22T21:30:54","modified_gmt":"2024-01-23T00:30:54","slug":"comissao-arns-e-conectas-direitos-humanos-lancam-nota-de-repudio-ao-ataque-criminoso-contra-os-pataxos-no-sul-da-bahia","status":"publish","type":"post","link":"https:\/\/blogdoeloiltoncajuhy.com.br\/site\/comissao-arns-e-conectas-direitos-humanos-lancam-nota-de-repudio-ao-ataque-criminoso-contra-os-pataxos-no-sul-da-bahia\/","title":{"rendered":"Comiss\u00e3o Arns e Conectas Direitos Humanos lan\u00e7am nota de rep\u00fadio ao ataque criminoso contra os Patax\u00f3s, no sul da Bahia"},"content":{"rendered":"\n<figure class=\"wp-block-image aligncenter size-full is-resized\"><a href=\"https:\/\/i0.wp.com\/blogdoeloiltoncajuhy.com.br\/site\/wp-content\/uploads\/2024\/01\/Vitimas-hospitalizadas-apos-ataque-por-disputa-de-terras-na-Bahia-%E2%80%94-Foto_Leo-Otero-MPI.png?ssl=1\"><img data-recalc-dims=\"1\" fetchpriority=\"high\" decoding=\"async\" width=\"800\" height=\"543\" src=\"https:\/\/i0.wp.com\/blogdoeloiltoncajuhy.com.br\/site\/wp-content\/uploads\/2024\/01\/Vitimas-hospitalizadas-apos-ataque-por-disputa-de-terras-na-Bahia-%E2%80%94-Foto_Leo-Otero-MPI.png?resize=800%2C543&#038;ssl=1\" alt=\"\" class=\"wp-image-78828\" style=\"width:698px;height:auto\" srcset=\"https:\/\/i0.wp.com\/blogdoeloiltoncajuhy.com.br\/site\/wp-content\/uploads\/2024\/01\/Vitimas-hospitalizadas-apos-ataque-por-disputa-de-terras-na-Bahia-%E2%80%94-Foto_Leo-Otero-MPI.png?w=819&amp;ssl=1 819w, https:\/\/i0.wp.com\/blogdoeloiltoncajuhy.com.br\/site\/wp-content\/uploads\/2024\/01\/Vitimas-hospitalizadas-apos-ataque-por-disputa-de-terras-na-Bahia-%E2%80%94-Foto_Leo-Otero-MPI.png?resize=300%2C204&amp;ssl=1 300w, https:\/\/i0.wp.com\/blogdoeloiltoncajuhy.com.br\/site\/wp-content\/uploads\/2024\/01\/Vitimas-hospitalizadas-apos-ataque-por-disputa-de-terras-na-Bahia-%E2%80%94-Foto_Leo-Otero-MPI.png?resize=768%2C521&amp;ssl=1 768w\" sizes=\"(max-width: 800px) 100vw, 800px\" \/><\/a><figcaption class=\"wp-element-caption\"><sub>Comitiva do Minist\u00e9rio dos Povos Ind\u00edgenas visitou as v\u00edtimas hospitalizadas ap\u00f3s ataque por disputa de terras na Bahia \u2014 Foto: Leo Otero\/MPI<\/sub><\/figcaption><\/figure>\n\n\n\n<p>A Comiss\u00e3o Arns e a Conectas Direitos Humanos v\u00eam manifestar seu rep\u00fadio aos tr\u00e1gicos acontecimentos ocorridos no domingo (21), na cidade de Potiragu\u00e1, sul da Bahia, quando ind\u00edgenas da etnia Patax\u00f3 H\u00e3-H\u00e3-H\u00e3e foram violentamente atacados por fazendeiros e pistoleiros da regi\u00e3o.<\/p>\n\n\n\n<p>Como \u00e9 de conhecimento, o ataque foi articulado em um grupo de mensagens pela internet, numa opera\u00e7\u00e3o que os agressores batizam de \u201cInvas\u00e3o Zero\u201d, com a finalidade de expulsar, pelo uso da for\u00e7a e ao arrepio da lei, os ind\u00edgenas que l\u00e1 se encontravam. O ataque resultou na morte da l\u00edder ind\u00edgena Maria de F\u00e1tima Muniz, mais conhecida como Nega Patax\u00f3, irm\u00e3 do cacique Nailton Patax\u00f3, ferido com gravidade. H\u00e1 not\u00edcias de outros ind\u00edgenas agredidos e mesmo desaparecidos.<\/p>\n\n\n\n<p>Diante destes fatos, a Comiss\u00e3o Arns e a Conectas Direitos Humanos tamb\u00e9m se dirigem publicamente ao Exm\u00ba Sr. Governador do estado da Bahia, Jer\u00f4nimo Rodrigues, pedindo completa e r\u00e1pida apura\u00e7\u00e3o do caso, ainda mais em se tratando de um ataque anunciado. Tamb\u00e9m cumpre pedir ao Exm\u00ba Governador que apure a conduta da Pol\u00edcia Militar do seu estado, cujo efetivo, presente no local, foi incapaz de conter o conflito e evitar os seus desdobramentos.<\/p>\n\n\n\n<p>N\u00e3o haver\u00e1 paz no campo sem Justi\u00e7a. Aguardamos uma investiga\u00e7\u00e3o rigorosa, cobrando os esclarecimentos devidos \u00e0 sociedade brasileira. E, ao povo Patax\u00f3 H\u00e1-H\u00e1-H\u00e3e, prestamos a nossa solidariedade, neste momento doloroso.<\/p>\n\n\n\n<p class=\"has-text-align-center\"><strong><mark style=\"background-color:rgba(0, 0, 0, 0)\" class=\"has-inline-color has-black-color\">Comiss\u00e3o Arns e Conectas Direitos Humanos<\/mark><\/strong><br><em>S\u00e3o Paulo, 22 de janeiro de 2024<\/em><\/p>\n","protected":false},"excerpt":{"rendered":"<p>A Comiss\u00e3o Arns e a Conectas Direitos Humanos v\u00eam manifestar seu rep\u00fadio aos tr\u00e1gicos acontecimentos ocorridos no domingo (21), na cidade de Potiragu\u00e1, sul da Bahia, quando ind\u00edgenas da etnia Patax\u00f3 H\u00e3-H\u00e3-H\u00e3e foram violentamente atacados por fazendeiros e pistoleiros da regi\u00e3o. Como \u00e9 de conhecimento, o ataque foi articulado em um grupo de mensagens pela [&hellip;]<\/p>\n","protected":false},"author":2,"featured_media":78816,"comment_status":"open","ping_status":"open","sticky":false,"template":"","format":"standard","meta":{"_acf_changed":false,"_monsterinsights_skip_tracking":false,"_monsterinsights_sitenote_active":false,"_monsterinsights_sitenote_note":"","_monsterinsights_sitenote_category":0,"_jetpack_memberships_contains_paid_content":false,"footnotes":"","jetpack_publicize_message":"","jetpack_publicize_feature_enabled":true,"jetpack_social_post_already_shared":true,"jetpack_social_options":{"image_generator_settings":{"template":"highway","default_image_id":0,"font":"","enabled":false},"version":2}},"categories":[1],"tags":[],"class_list":["post-78827","post","type-post","status-publish","format-standard","has-post-thumbnail","hentry","category-noticias"],"acf":[],"jetpack_publicize_connections":[],"jetpack_featured_media_url":"https:\/\/i0.wp.com\/blogdoeloiltoncajuhy.com.br\/site\/wp-content\/uploads\/2024\/01\/Fazendeiros-sao-presos-suspeitos-de-matar-indigena-na-Bahia-02-%E2%80%94-Foto-Reproducao-Redes-Sociais.png?fit=822%2C752&ssl=1","jetpack_sharing_enabled":true,"publishpress_future_workflow_manual_trigger":{"enabledWorkflows":[]},"_links":{"self":[{"href":"https:\/\/blogdoeloiltoncajuhy.com.br\/site\/wp-json\/wp\/v2\/posts\/78827","targetHints":{"allow":["GET"]}}],"collection":[{"href":"https:\/\/blogdoeloiltoncajuhy.com.br\/site\/wp-json\/wp\/v2\/posts"}],"about":[{"href":"https:\/\/blogdoeloiltoncajuhy.com.br\/site\/wp-json\/wp\/v2\/types\/post"}],"author":[{"embeddable":true,"href":"https:\/\/blogdoeloiltoncajuhy.com.br\/site\/wp-json\/wp\/v2\/users\/2"}],"replies":[{"embeddable":true,"href":"https:\/\/blogdoeloiltoncajuhy.com.br\/site\/wp-json\/wp\/v2\/comments?post=78827"}],"version-history":[{"count":1,"href":"https:\/\/blogdoeloiltoncajuhy.com.br\/site\/wp-json\/wp\/v2\/posts\/78827\/revisions"}],"predecessor-version":[{"id":78829,"href":"https:\/\/blogdoeloiltoncajuhy.com.br\/site\/wp-json\/wp\/v2\/posts\/78827\/revisions\/78829"}],"wp:featuredmedia":[{"embeddable":true,"href":"https:\/\/blogdoeloiltoncajuhy.com.br\/site\/wp-json\/wp\/v2\/media\/78816"}],"wp:attachment":[{"href":"https:\/\/blogdoeloiltoncajuhy.com.br\/site\/wp-json\/wp\/v2\/media?parent=78827"}],"wp:term":[{"taxonomy":"category","embeddable":true,"href":"https:\/\/blogdoeloiltoncajuhy.com.br\/site\/wp-json\/wp\/v2\/categories?post=78827"},{"taxonomy":"post_tag","embeddable":true,"href":"https:\/\/blogdoeloiltoncajuhy.com.br\/site\/wp-json\/wp\/v2\/tags?post=78827"}],"curies":[{"name":"wp","href":"https:\/\/api.w.org\/{rel}","templated":true}]}}