{"id":78818,"date":"2024-01-22T11:41:00","date_gmt":"2024-01-22T14:41:00","guid":{"rendered":"https:\/\/blogdoeloiltoncajuhy.com.br\/site\/?p=78818"},"modified":"2024-01-22T11:41:03","modified_gmt":"2024-01-22T14:41:03","slug":"marinha-investiga-excesso-de-passageiros-em-embarcacao-que-naufragou-na-ba-barco-fazia-transporte-irregular","status":"publish","type":"post","link":"https:\/\/blogdoeloiltoncajuhy.com.br\/site\/marinha-investiga-excesso-de-passageiros-em-embarcacao-que-naufragou-na-ba-barco-fazia-transporte-irregular\/","title":{"rendered":"Marinha investiga excesso de passageiros em embarca\u00e7\u00e3o que naufragou na BA; barco fazia transporte irregular"},"content":{"rendered":"\n<p class=\"has-medium-font-size\"><strong>Acidente aconteceu em Madre de Deus, na Regi\u00e3o Metropolitana de Salvador, e pelo menos seis pessoas morreram.<\/strong><\/p>\n\n\n\n<p><strong>Por g1 BA<\/strong><\/p>\n\n\n\n<figure class=\"wp-block-image aligncenter size-full\"><a href=\"https:\/\/i0.wp.com\/blogdoeloiltoncajuhy.com.br\/site\/wp-content\/uploads\/2024\/01\/Embarcacao-naufraga-e-deixa-mortos-na-Baia-de-Todos-os-Santos-%E2%80%94-Foto_TV-Globo-Reproducao.webp?ssl=1\"><img data-recalc-dims=\"1\" fetchpriority=\"high\" decoding=\"async\" width=\"800\" height=\"450\" src=\"https:\/\/i0.wp.com\/blogdoeloiltoncajuhy.com.br\/site\/wp-content\/uploads\/2024\/01\/Embarcacao-naufraga-e-deixa-mortos-na-Baia-de-Todos-os-Santos-%E2%80%94-Foto_TV-Globo-Reproducao.webp?resize=800%2C450&#038;ssl=1\" alt=\"\" class=\"wp-image-78819\" srcset=\"https:\/\/i0.wp.com\/blogdoeloiltoncajuhy.com.br\/site\/wp-content\/uploads\/2024\/01\/Embarcacao-naufraga-e-deixa-mortos-na-Baia-de-Todos-os-Santos-%E2%80%94-Foto_TV-Globo-Reproducao.webp?w=984&amp;ssl=1 984w, https:\/\/i0.wp.com\/blogdoeloiltoncajuhy.com.br\/site\/wp-content\/uploads\/2024\/01\/Embarcacao-naufraga-e-deixa-mortos-na-Baia-de-Todos-os-Santos-%E2%80%94-Foto_TV-Globo-Reproducao.webp?resize=300%2C169&amp;ssl=1 300w, https:\/\/i0.wp.com\/blogdoeloiltoncajuhy.com.br\/site\/wp-content\/uploads\/2024\/01\/Embarcacao-naufraga-e-deixa-mortos-na-Baia-de-Todos-os-Santos-%E2%80%94-Foto_TV-Globo-Reproducao.webp?resize=768%2C432&amp;ssl=1 768w\" sizes=\"(max-width: 800px) 100vw, 800px\" \/><\/a><figcaption class=\"wp-element-caption\"><sub>Embarca\u00e7\u00e3o naufraga e deixa mortos na Ba\u00eda de Todos-os-Santos \u2014 Foto: TV Globo\/Reprodu\u00e7\u00e3o<\/sub><\/figcaption><\/figure>\n\n\n\n<p>A embarca\u00e7\u00e3o envolvida no naufr\u00e1gio que deixou pelo menos seis mortos em Madre de Deus, na Regi\u00e3o Metropolitana de Salvador, fazia transporte irregular de passageiros. Segundo nota enviada pela Marinha nesta segunda-feira (22), o \u00f3rg\u00e3o investiga se houve excesso de passageiros no ve\u00edculo.<\/p>\n\n\n\n<p>Segundo a Marinha, o ve\u00edculo &#8220;Gostos\u00e3o FF&#8221; \u00e9 inscrito na classe &#8220;saveiro&#8221;, para uso exclusivo em atividades de esporte ou recreio. Isso significa que o barco n\u00e3o era habilitado para o uso comercial.<\/p>\n\n\n\n<p>Na noite de domingo (21), o barco saiu da Ilha de Maria Guarda, na Ba\u00eda de Todos-os-Santos, em dire\u00e7\u00e3o ao terminal Mar\u00edtimo de Madre de Deus, que fica a cerca de 2 km de dist\u00e2ncia. Antes da metade do caminho, houve uma briga e o ve\u00edculo naufragou.<\/p>\n\n\n\n<p>Ainda n\u00e3o h\u00e1 informa\u00e7\u00f5es sobre quantas pessoas estavam, de fato, na embarca\u00e7\u00e3o, que comportava 10 passageiros e um tripulante.<\/p>\n\n\n\n<p>Segundo a Marinha do Brasil, as v\u00edtimas que morreram s\u00e3o cinco adultos e uma crian\u00e7a. <strong><mark style=\"background-color:rgba(0, 0, 0, 0)\" class=\"has-inline-color has-black-color\">Cinco delas foram identificadas, enquanto a sexta ainda est\u00e1 sem confirma\u00e7\u00e3o:<\/mark><\/strong><\/p>\n\n\n\n<ul class=\"wp-block-list\">\n<li>Ryan Kevellyn de Souza Santos, de 22 anos;<\/li>\n\n\n\n<li>Flaviane Jesus dos Santos, de 29 anos;<\/li>\n\n\n\n<li>Jonathan Miguel de Jesus Santos, de 7 anos;<\/li>\n\n\n\n<li>Caroline Barbosa de Souza, de 17 anos;<\/li>\n\n\n\n<li>Rosimeire Maria Souza Santana, de 59 anos.<\/li>\n<\/ul>\n\n\n\n<p><\/p>\n\n\n\n<p>Outras seis pessoas foram levadas para o Hospital Municipal de Madre Deus. Duas j\u00e1 tiveram alta, tr\u00eas foram levadas para Salvador e uma aguarda transfer\u00eancia para uma unidade de sa\u00fade tamb\u00e9m na capital. <strong><mark style=\"background-color:rgba(0, 0, 0, 0)\" class=\"has-inline-color has-black-color\">Veja abaixo quem s\u00e3o as v\u00edtimas feridas:<\/mark><\/strong><\/p>\n\n\n\n<ul class=\"wp-block-list\">\n<li>Um menino de 6 anos est\u00e1 internado na UTI pedi\u00e1trica do Hospital Roberto Santos, em Salvador;<\/li>\n\n\n\n<li>Uma menina de 1 ano est\u00e1 internada na UTI pedi\u00e1trica do Hospital do Sub\u00farbio, em Salvador;<\/li>\n\n\n\n<li>Uma mulher de 56 anos est\u00e1 internada na UTI do Hospital Municipal de Salvador.<\/li>\n<\/ul>\n\n\n\n<p><\/p>\n\n\n\n<p>Al\u00e9m das seis mortes confirmadas, pelo menos uma pessoas est\u00e1 desaparecida.<\/p>\n\n\n\n<p>Uma equipe de Busca e Salvamento (SAR) da Capitania dos Portos da Bahia (CPBA) foi enviada ao local para conduzir as buscas dos poss\u00edveis desaparecidos, em conjunto com outros \u00f3rg\u00e3os, al\u00e9m de apurar o ocorrido e coletar informa\u00e7\u00f5es.<\/p>\n\n\n\n<p>Participam das buscas uma embarca\u00e7\u00e3o da Companhia de Pol\u00edcia de Prote\u00e7\u00e3o Ambiental &#8211; (COPPA) da Pol\u00edcia Militar, uma aeronave do Grupamento A\u00e9reo (Graer) e outras embarca\u00e7\u00f5es civis.<\/p>\n\n\n\n<p>A Marinha informou que ser\u00e1 instaurado um Inqu\u00e9rito sobre Acidentes e Fatos da Navega\u00e7\u00e3o (IAFN) pela CPBA, para apurar as causas e circunst\u00e2ncias do acidente.<\/p>\n\n\n\n<p>Conclu\u00eddo o procedimento, os documentos ser\u00e3o encaminhados ao Tribunal Mar\u00edtimo.<\/p>\n","protected":false},"excerpt":{"rendered":"<p>Acidente aconteceu em Madre de Deus, na Regi\u00e3o Metropolitana de Salvador, e pelo menos seis pessoas morreram. Por g1 BA A embarca\u00e7\u00e3o envolvida no naufr\u00e1gio que deixou pelo menos seis mortos em Madre de Deus, na Regi\u00e3o Metropolitana de Salvador, fazia transporte irregular de passageiros. Segundo nota enviada pela Marinha nesta segunda-feira (22), o \u00f3rg\u00e3o [&hellip;]<\/p>\n","protected":false},"author":2,"featured_media":78819,"comment_status":"open","ping_status":"open","sticky":false,"template":"","format":"standard","meta":{"_acf_changed":false,"_monsterinsights_skip_tracking":false,"_monsterinsights_sitenote_active":false,"_monsterinsights_sitenote_note":"","_monsterinsights_sitenote_category":0,"_jetpack_memberships_contains_paid_content":false,"footnotes":"","jetpack_publicize_message":"","jetpack_publicize_feature_enabled":true,"jetpack_social_post_already_shared":true,"jetpack_social_options":{"image_generator_settings":{"template":"highway","default_image_id":0,"font":"","enabled":false},"version":2}},"categories":[15],"tags":[],"class_list":["post-78818","post","type-post","status-publish","format-standard","has-post-thumbnail","hentry","category-policia"],"acf":[],"jetpack_publicize_connections":[],"jetpack_featured_media_url":"https:\/\/i0.wp.com\/blogdoeloiltoncajuhy.com.br\/site\/wp-content\/uploads\/2024\/01\/Embarcacao-naufraga-e-deixa-mortos-na-Baia-de-Todos-os-Santos-%E2%80%94-Foto_TV-Globo-Reproducao.webp?fit=984%2C554&ssl=1","jetpack_sharing_enabled":true,"publishpress_future_workflow_manual_trigger":{"enabledWorkflows":[]},"_links":{"self":[{"href":"https:\/\/blogdoeloiltoncajuhy.com.br\/site\/wp-json\/wp\/v2\/posts\/78818","targetHints":{"allow":["GET"]}}],"collection":[{"href":"https:\/\/blogdoeloiltoncajuhy.com.br\/site\/wp-json\/wp\/v2\/posts"}],"about":[{"href":"https:\/\/blogdoeloiltoncajuhy.com.br\/site\/wp-json\/wp\/v2\/types\/post"}],"author":[{"embeddable":true,"href":"https:\/\/blogdoeloiltoncajuhy.com.br\/site\/wp-json\/wp\/v2\/users\/2"}],"replies":[{"embeddable":true,"href":"https:\/\/blogdoeloiltoncajuhy.com.br\/site\/wp-json\/wp\/v2\/comments?post=78818"}],"version-history":[{"count":1,"href":"https:\/\/blogdoeloiltoncajuhy.com.br\/site\/wp-json\/wp\/v2\/posts\/78818\/revisions"}],"predecessor-version":[{"id":78820,"href":"https:\/\/blogdoeloiltoncajuhy.com.br\/site\/wp-json\/wp\/v2\/posts\/78818\/revisions\/78820"}],"wp:featuredmedia":[{"embeddable":true,"href":"https:\/\/blogdoeloiltoncajuhy.com.br\/site\/wp-json\/wp\/v2\/media\/78819"}],"wp:attachment":[{"href":"https:\/\/blogdoeloiltoncajuhy.com.br\/site\/wp-json\/wp\/v2\/media?parent=78818"}],"wp:term":[{"taxonomy":"category","embeddable":true,"href":"https:\/\/blogdoeloiltoncajuhy.com.br\/site\/wp-json\/wp\/v2\/categories?post=78818"},{"taxonomy":"post_tag","embeddable":true,"href":"https:\/\/blogdoeloiltoncajuhy.com.br\/site\/wp-json\/wp\/v2\/tags?post=78818"}],"curies":[{"name":"wp","href":"https:\/\/api.w.org\/{rel}","templated":true}]}}