{"id":78803,"date":"2024-01-20T23:11:43","date_gmt":"2024-01-21T02:11:43","guid":{"rendered":"https:\/\/blogdoeloiltoncajuhy.com.br\/site\/?p=78803"},"modified":"2024-01-20T23:11:45","modified_gmt":"2024-01-21T02:11:45","slug":"ato-politico-marca-o-inicio-do-ano-eleitoral-do-pt-na-bahia","status":"publish","type":"post","link":"https:\/\/blogdoeloiltoncajuhy.com.br\/site\/ato-politico-marca-o-inicio-do-ano-eleitoral-do-pt-na-bahia\/","title":{"rendered":"Ato pol\u00edtico marca o in\u00edcio do ano eleitoral do PT na Bahia"},"content":{"rendered":"\n<p><strong>Ascom PT Bahia<\/strong><\/p>\n\n\n\n<figure class=\"wp-block-image aligncenter size-full is-resized\"><a href=\"https:\/\/i0.wp.com\/blogdoeloiltoncajuhy.com.br\/site\/wp-content\/uploads\/2024\/01\/PT-BA_Encontro-Conquista_Foto-Jonas-Souza.jpeg?ssl=1\"><img data-recalc-dims=\"1\" fetchpriority=\"high\" decoding=\"async\" width=\"800\" height=\"533\" src=\"https:\/\/i0.wp.com\/blogdoeloiltoncajuhy.com.br\/site\/wp-content\/uploads\/2024\/01\/PT-BA_Encontro-Conquista_Foto-Jonas-Souza.jpeg?resize=800%2C533&#038;ssl=1\" alt=\"\" class=\"wp-image-78804\" style=\"width:744px;height:auto\" srcset=\"https:\/\/i0.wp.com\/blogdoeloiltoncajuhy.com.br\/site\/wp-content\/uploads\/2024\/01\/PT-BA_Encontro-Conquista_Foto-Jonas-Souza.jpeg?w=900&amp;ssl=1 900w, https:\/\/i0.wp.com\/blogdoeloiltoncajuhy.com.br\/site\/wp-content\/uploads\/2024\/01\/PT-BA_Encontro-Conquista_Foto-Jonas-Souza.jpeg?resize=300%2C200&amp;ssl=1 300w, https:\/\/i0.wp.com\/blogdoeloiltoncajuhy.com.br\/site\/wp-content\/uploads\/2024\/01\/PT-BA_Encontro-Conquista_Foto-Jonas-Souza.jpeg?resize=768%2C512&amp;ssl=1 768w\" sizes=\"(max-width: 800px) 100vw, 800px\" \/><\/a><figcaption class=\"wp-element-caption\"><sub>Foto: Jonas Souza<\/sub><\/figcaption><\/figure>\n\n\n\n<p>Realizada na cidade de Vit\u00f3ria da Conquista neste s\u00e1bado, 20, a reuni\u00e3o do Diret\u00f3rio Estadual deu in\u00edcio ao calend\u00e1rio eleitoral da legenda. Com as presen\u00e7as do governador Jer\u00f4nimo Rodrigues, do ministro da Casa Civil Rui Costa, do senador Jaques Wagner, do presidente estadual \u00c9den Valadares, do deputado federal e pr\u00e9-candidato \u00e0 Prefeitura do munic\u00edpio, Waldenor Pereira, al\u00e9m de deputados federais e estaduais, secret\u00e1rios de Estado, membros do Diret\u00f3rio e da milit\u00e2ncia, foram discutidos a t\u00e1tica eleitoral e o quadro eleitoral nos munic\u00edpios baianos para que o partido ven\u00e7a as elei\u00e7\u00f5es na maior quantidade de munic\u00edpios do estado. Na reuni\u00e3o, estiveram representantes de mais 20 Territ\u00f3rios de Identidade e de mais de 100 cidades.<\/p>\n\n\n\n<p>O governador Jer\u00f4nimo elogiou o PT por intensificar a interioriza\u00e7\u00e3o da presen\u00e7a do partido, do di\u00e1logo e da escuta com os diret\u00f3rios municipais para fortalecer a legenda e se preparar para o pr\u00f3ximo pleito, com o desafio de eleger mais vereadores e prefeitos. &#8220;Encontros como este colocam na mesa da gente a responsabilidade deste ano, a responsabilidade eleitoral. O ano eleitoral \u00e9 o ano de a gente poder fazer a disputa pol\u00edtica&#8221;, disse, ao afirmar: &#8220;Sei que de todos os 100 munic\u00edpios que vieram aqui, vieram para dizer que tem expectativa, que tem projeto, que querem construir o novo ou querem dar continuidade a quem j\u00e1 dirige&#8221;.<\/p>\n\n\n\n<p>O ministro da Casa Civil, Rui Costa, destacou que \u00e9 importante o partido pensar quais cidades o PT quer transformar e ouvir o que o povo quer do partido, como Luiz Caetano vem fazendo em Cama\u00e7ari. &#8220;Ir em cada local de cada cidade para conquistar cora\u00e7\u00f5es e mentes&#8221;, afirmou Rui, que acrescentou que em muitas cidades nomes j\u00e1 est\u00e3o consolidadas, que podem n\u00e3o estar aparecendo nas pesquisas, mas que possuem potencial grande e ainda citou outros munic\u00edpios que t\u00eam nomes consolidados e devem avaliar a \u201cestrat\u00e9gia de fortalecimento de Lula e Jer\u00f4nimo em vez de se isolar numa candidatura que n\u00e3o ir\u00e1 crescer&#8221;.<\/p>\n\n\n\n<p>Em seu pronunciamento, o senador Jaques Wagner agradeceu a homenagem feita pelo PT pela sua contribui\u00e7\u00e3o ao partido, defendeu a conquista do sexto mandato da legenda no munic\u00edpio e falou sobre ter o MDB na chapa como vice de Waldenor. &#8220;Ningu\u00e9m constr\u00f3i caminhada sozinho, ningu\u00e9m constr\u00f3i uma casa sozinho, \u00e9 muita gente colocando tijolo, \u00e9 assim na vida da Bahia, na vida de Conquista, \u00e9 assim na vida do Brasil&#8221;, disse. &#8220;Queria falar para voc\u00eas que esse \u00e9 um ato pol\u00edtico e queria falar dos desafios que essa fam\u00edlia PT, n\u00e3o s\u00f3 PT, mas a fam\u00edlia PT com todos os aliados, que \u00e9 sempre bom a gente entender que precisa juntar com outras for\u00e7as. \u201cA gente sozinho, \u00e0s vezes, n\u00e3o tem energia suficiente para ganhar uma batalha\u201d, disse Wagner, ao enfatizar: &#8220;Se a gente se isolar a gente n\u00e3o vai para lugar nenhum&#8221;.<\/p>\n","protected":false},"excerpt":{"rendered":"<p>Ascom PT Bahia Realizada na cidade de Vit\u00f3ria da Conquista neste s\u00e1bado, 20, a reuni\u00e3o do Diret\u00f3rio Estadual deu in\u00edcio ao calend\u00e1rio eleitoral da legenda. Com as presen\u00e7as do governador Jer\u00f4nimo Rodrigues, do ministro da Casa Civil Rui Costa, do senador Jaques Wagner, do presidente estadual \u00c9den Valadares, do deputado federal e pr\u00e9-candidato \u00e0 Prefeitura [&hellip;]<\/p>\n","protected":false},"author":2,"featured_media":78804,"comment_status":"open","ping_status":"open","sticky":false,"template":"","format":"standard","meta":{"_acf_changed":false,"_monsterinsights_skip_tracking":false,"_monsterinsights_sitenote_active":false,"_monsterinsights_sitenote_note":"","_monsterinsights_sitenote_category":0,"_jetpack_memberships_contains_paid_content":false,"footnotes":"","jetpack_publicize_message":"","jetpack_publicize_feature_enabled":true,"jetpack_social_post_already_shared":true,"jetpack_social_options":{"image_generator_settings":{"template":"highway","default_image_id":0,"font":"","enabled":false},"version":2}},"categories":[3],"tags":[],"class_list":["post-78803","post","type-post","status-publish","format-standard","has-post-thumbnail","hentry","category-politica"],"acf":[],"jetpack_publicize_connections":[],"jetpack_featured_media_url":"https:\/\/i0.wp.com\/blogdoeloiltoncajuhy.com.br\/site\/wp-content\/uploads\/2024\/01\/PT-BA_Encontro-Conquista_Foto-Jonas-Souza.jpeg?fit=900%2C600&ssl=1","jetpack_sharing_enabled":true,"publishpress_future_workflow_manual_trigger":{"enabledWorkflows":[]},"_links":{"self":[{"href":"https:\/\/blogdoeloiltoncajuhy.com.br\/site\/wp-json\/wp\/v2\/posts\/78803","targetHints":{"allow":["GET"]}}],"collection":[{"href":"https:\/\/blogdoeloiltoncajuhy.com.br\/site\/wp-json\/wp\/v2\/posts"}],"about":[{"href":"https:\/\/blogdoeloiltoncajuhy.com.br\/site\/wp-json\/wp\/v2\/types\/post"}],"author":[{"embeddable":true,"href":"https:\/\/blogdoeloiltoncajuhy.com.br\/site\/wp-json\/wp\/v2\/users\/2"}],"replies":[{"embeddable":true,"href":"https:\/\/blogdoeloiltoncajuhy.com.br\/site\/wp-json\/wp\/v2\/comments?post=78803"}],"version-history":[{"count":1,"href":"https:\/\/blogdoeloiltoncajuhy.com.br\/site\/wp-json\/wp\/v2\/posts\/78803\/revisions"}],"predecessor-version":[{"id":78805,"href":"https:\/\/blogdoeloiltoncajuhy.com.br\/site\/wp-json\/wp\/v2\/posts\/78803\/revisions\/78805"}],"wp:featuredmedia":[{"embeddable":true,"href":"https:\/\/blogdoeloiltoncajuhy.com.br\/site\/wp-json\/wp\/v2\/media\/78804"}],"wp:attachment":[{"href":"https:\/\/blogdoeloiltoncajuhy.com.br\/site\/wp-json\/wp\/v2\/media?parent=78803"}],"wp:term":[{"taxonomy":"category","embeddable":true,"href":"https:\/\/blogdoeloiltoncajuhy.com.br\/site\/wp-json\/wp\/v2\/categories?post=78803"},{"taxonomy":"post_tag","embeddable":true,"href":"https:\/\/blogdoeloiltoncajuhy.com.br\/site\/wp-json\/wp\/v2\/tags?post=78803"}],"curies":[{"name":"wp","href":"https:\/\/api.w.org\/{rel}","templated":true}]}}