{"id":78791,"date":"2024-01-20T10:52:36","date_gmt":"2024-01-20T13:52:36","guid":{"rendered":"https:\/\/blogdoeloiltoncajuhy.com.br\/site\/?p=78791"},"modified":"2024-01-20T10:52:38","modified_gmt":"2024-01-20T13:52:38","slug":"saiba-como-sera-a-participacao-da-atriz-bonfinense-samantha-jones-na-nova-novela-da-globo-renascer","status":"publish","type":"post","link":"https:\/\/blogdoeloiltoncajuhy.com.br\/site\/saiba-como-sera-a-participacao-da-atriz-bonfinense-samantha-jones-na-nova-novela-da-globo-renascer\/","title":{"rendered":"Saiba como ser\u00e1 a participa\u00e7\u00e3o da atriz bonfinense Samantha Jones na nova novela da Globo, Renascer"},"content":{"rendered":"\n<p class=\"has-text-align-center has-medium-font-size\"><strong>Atriz nasceu em Salvador, mas deu seus primeiros passos na arte em Senhor do Bonfim.<\/strong><\/p>\n\n\n\n<p><strong>Blog do Eloilton Cajuhy<\/strong><\/p>\n\n\n\n<figure class=\"wp-block-image aligncenter size-full\"><a href=\"https:\/\/i0.wp.com\/blogdoeloiltoncajuhy.com.br\/site\/wp-content\/uploads\/2024\/01\/Samantha-Jones_Foto-Fabio-Rocha-TV-Globo.webp?ssl=1\"><img data-recalc-dims=\"1\" fetchpriority=\"high\" decoding=\"async\" width=\"800\" height=\"505\" src=\"https:\/\/i0.wp.com\/blogdoeloiltoncajuhy.com.br\/site\/wp-content\/uploads\/2024\/01\/Samantha-Jones_Foto-Fabio-Rocha-TV-Globo.webp?resize=800%2C505&#038;ssl=1\" alt=\"\" class=\"wp-image-78792\" srcset=\"https:\/\/i0.wp.com\/blogdoeloiltoncajuhy.com.br\/site\/wp-content\/uploads\/2024\/01\/Samantha-Jones_Foto-Fabio-Rocha-TV-Globo.webp?w=800&amp;ssl=1 800w, https:\/\/i0.wp.com\/blogdoeloiltoncajuhy.com.br\/site\/wp-content\/uploads\/2024\/01\/Samantha-Jones_Foto-Fabio-Rocha-TV-Globo.webp?resize=300%2C189&amp;ssl=1 300w, https:\/\/i0.wp.com\/blogdoeloiltoncajuhy.com.br\/site\/wp-content\/uploads\/2024\/01\/Samantha-Jones_Foto-Fabio-Rocha-TV-Globo.webp?resize=768%2C485&amp;ssl=1 768w\" sizes=\"(max-width: 800px) 100vw, 800px\" \/><\/a><figcaption class=\"wp-element-caption\"><sub>A atriz bonfinense Samantha Jones estar\u00e1 no remake de Renascer &#8211; Foto: F\u00e1bio Rocha\/TV Globo<\/sub><\/figcaption><\/figure>\n\n\n\n<p>Com forte apelo publicit\u00e1rio, a Globo prepara a estreia de sua nova novela do hor\u00e1rio nobre das 21h. Na pr\u00f3xima segunda-feira (22), come\u00e7a o remake de &#8220;Renascer&#8221;, trama exibida pela primeira vez pela emissora em 1993.<\/p>\n\n\n\n<p>Na primeira vers\u00e3o produzida pela TV Globo, a novela foi escrita por Benedito Ruy Barbosa, e contou com as participa\u00e7\u00f5es de Ant\u00f4nio Fagundes, Marcos Palmeira, Adriana Esteves, Tarc\u00edsio Filho, Marco Ricca, Taumaturgo Ferreira, Luciana Braga e Maria Lu\u00edsa Mendon\u00e7a.<\/p>\n\n\n\n<p>A substituta de &#8220;Terra e Paix\u00e3o&#8221; ser\u00e1 adaptada por Bruno Luperi, neto de Barbosa, que foi respons\u00e1vel tamb\u00e9m pelo sucesso &#8220;Pantanal&#8221; (2022).<\/p>\n\n\n\n<p>Alguns atores que participaram da vers\u00e3o original retornam em outros pap\u00e9is. Marcos Palmeira, que na vers\u00e3o original interpretou Jo\u00e3o Pedro, filho de Jos\u00e9 Inoc\u00eancio, dessa vez, no remake, vai interpretar o pr\u00f3prio protagonista da novela. Jackson Antunes, que fez o matador Dami\u00e3o, tamb\u00e9m volta como Diocleciano, bra\u00e7o-direito de Jos\u00e9 Inoc\u00eancio.<\/p>\n\n\n\n<p>Palmeira, na primeira fase, e Humberto Carr\u00e3o, na segunda, interpretam Jos\u00e9 Inoc\u00eancio, que fica conhecido como uma figura m\u00edtica ao se tornar o fazendeiro mais bem-sucedido da regi\u00e3o de Ilh\u00e9us por seus \u00eaxitos como produtor de cacau. Ainda jovem, ele conquista o amor de Maria Santa (Duda Santos).<\/p>\n\n\n\n<figure class=\"wp-block-image aligncenter size-full is-resized\"><a href=\"https:\/\/i0.wp.com\/blogdoeloiltoncajuhy.com.br\/site\/wp-content\/uploads\/2024\/01\/Juan-Paiva-Marcos-Palmeira-e-Theresa-Fonseca-em-Renascer-Fabio-Rocha-TV-Globo.jpg?ssl=1\"><img data-recalc-dims=\"1\" decoding=\"async\" width=\"800\" height=\"533\" src=\"https:\/\/i0.wp.com\/blogdoeloiltoncajuhy.com.br\/site\/wp-content\/uploads\/2024\/01\/Juan-Paiva-Marcos-Palmeira-e-Theresa-Fonseca-em-Renascer-Fabio-Rocha-TV-Globo.jpg?resize=800%2C533&#038;ssl=1\" alt=\"\" class=\"wp-image-78793\" style=\"width:729px;height:auto\" srcset=\"https:\/\/i0.wp.com\/blogdoeloiltoncajuhy.com.br\/site\/wp-content\/uploads\/2024\/01\/Juan-Paiva-Marcos-Palmeira-e-Theresa-Fonseca-em-Renascer-Fabio-Rocha-TV-Globo.jpg?w=900&amp;ssl=1 900w, https:\/\/i0.wp.com\/blogdoeloiltoncajuhy.com.br\/site\/wp-content\/uploads\/2024\/01\/Juan-Paiva-Marcos-Palmeira-e-Theresa-Fonseca-em-Renascer-Fabio-Rocha-TV-Globo.jpg?resize=300%2C200&amp;ssl=1 300w, https:\/\/i0.wp.com\/blogdoeloiltoncajuhy.com.br\/site\/wp-content\/uploads\/2024\/01\/Juan-Paiva-Marcos-Palmeira-e-Theresa-Fonseca-em-Renascer-Fabio-Rocha-TV-Globo.jpg?resize=768%2C512&amp;ssl=1 768w\" sizes=\"(max-width: 800px) 100vw, 800px\" \/><\/a><figcaption class=\"wp-element-caption\"><sub>Jo\u00e3o Pedro (Juan Paiva), Jos\u00e9 Inoc\u00eancio (Marcos Palmeira) e Mariana (Theresa Fonseca) em &#8216;Renascer&#8217; &#8211; Fabio Rocha\/TV Globo<\/sub><\/figcaption><\/figure>\n\n\n\n<p>Neste enredo e em meio a essas feras da TV brasileira, contaremos com o talento de uma atriz bonfinense: Samantha Jones. Embora tenha nascido em Salvador, Samantha veio morar em Senhor do Bonfim ainda bem pequena e aqui deu seus primeiros passos rumo \u00e0 dramaturgia. Fez teatro ao lado de nomes consagrados da arte bonfinense, a exemplo de Nando Lemos e Nauvinha Aguiar.<\/p>\n\n\n\n<p>Na nova novela global, ela ser\u00e1 a Zinha, filha de Jupar\u00e1 (Evaldo Macarr\u00e3o) e Flor (Julia Lemos). A jovem foi criada como uma irm\u00e3 para Jo\u00e3o Pedro (Juan Paiva). Ao lado do melhor amigo, domina a lida do cacau, e tem em Morena (Uiliana Lina\/Ana Cecilia Costa) e Deocleciano (Adanilo\/Jackson Antunes), seus padrinhos, suas grandes refer\u00eancias depois da morte de seu pai. Vive a tristeza eterna deste luto e atribui a trag\u00e9dia \u00e0 falta de compet\u00eancia do m\u00e9dico Jos\u00e9 Augusto (Renan Monteiro). Zinha \u00e9 afetivamente imatura e aprende a lidar tardiamente com assuntos do cora\u00e7\u00e3o.<\/p>\n\n\n\n<p>Samantha Jones emplacar\u00e1 seu terceiro trabalho na TV Globo. Ap\u00f3s &#8220;Um Lugar ao Sol&#8221; e &#8220;Todas as Flores&#8221;, a atriz foi escalada para o elenco de &#8220;Renascer&#8221;.<\/p>\n","protected":false},"excerpt":{"rendered":"<p>Atriz nasceu em Salvador, mas deu seus primeiros passos na arte em Senhor do Bonfim. Blog do Eloilton Cajuhy Com forte apelo publicit\u00e1rio, a Globo prepara a estreia de sua nova novela do hor\u00e1rio nobre das 21h. Na pr\u00f3xima segunda-feira (22), come\u00e7a o remake de &#8220;Renascer&#8221;, trama exibida pela primeira vez pela emissora em 1993. [&hellip;]<\/p>\n","protected":false},"author":2,"featured_media":78792,"comment_status":"open","ping_status":"open","sticky":false,"template":"","format":"standard","meta":{"_acf_changed":false,"_monsterinsights_skip_tracking":false,"_monsterinsights_sitenote_active":false,"_monsterinsights_sitenote_note":"","_monsterinsights_sitenote_category":0,"_jetpack_memberships_contains_paid_content":false,"footnotes":"","jetpack_publicize_message":"","jetpack_publicize_feature_enabled":true,"jetpack_social_post_already_shared":true,"jetpack_social_options":{"image_generator_settings":{"template":"highway","default_image_id":0,"font":"","enabled":false},"version":2}},"categories":[8],"tags":[],"class_list":["post-78791","post","type-post","status-publish","format-standard","has-post-thumbnail","hentry","category-cultura"],"acf":[],"jetpack_publicize_connections":[],"jetpack_featured_media_url":"https:\/\/i0.wp.com\/blogdoeloiltoncajuhy.com.br\/site\/wp-content\/uploads\/2024\/01\/Samantha-Jones_Foto-Fabio-Rocha-TV-Globo.webp?fit=800%2C505&ssl=1","jetpack_sharing_enabled":true,"publishpress_future_workflow_manual_trigger":{"enabledWorkflows":[]},"_links":{"self":[{"href":"https:\/\/blogdoeloiltoncajuhy.com.br\/site\/wp-json\/wp\/v2\/posts\/78791","targetHints":{"allow":["GET"]}}],"collection":[{"href":"https:\/\/blogdoeloiltoncajuhy.com.br\/site\/wp-json\/wp\/v2\/posts"}],"about":[{"href":"https:\/\/blogdoeloiltoncajuhy.com.br\/site\/wp-json\/wp\/v2\/types\/post"}],"author":[{"embeddable":true,"href":"https:\/\/blogdoeloiltoncajuhy.com.br\/site\/wp-json\/wp\/v2\/users\/2"}],"replies":[{"embeddable":true,"href":"https:\/\/blogdoeloiltoncajuhy.com.br\/site\/wp-json\/wp\/v2\/comments?post=78791"}],"version-history":[{"count":1,"href":"https:\/\/blogdoeloiltoncajuhy.com.br\/site\/wp-json\/wp\/v2\/posts\/78791\/revisions"}],"predecessor-version":[{"id":78794,"href":"https:\/\/blogdoeloiltoncajuhy.com.br\/site\/wp-json\/wp\/v2\/posts\/78791\/revisions\/78794"}],"wp:featuredmedia":[{"embeddable":true,"href":"https:\/\/blogdoeloiltoncajuhy.com.br\/site\/wp-json\/wp\/v2\/media\/78792"}],"wp:attachment":[{"href":"https:\/\/blogdoeloiltoncajuhy.com.br\/site\/wp-json\/wp\/v2\/media?parent=78791"}],"wp:term":[{"taxonomy":"category","embeddable":true,"href":"https:\/\/blogdoeloiltoncajuhy.com.br\/site\/wp-json\/wp\/v2\/categories?post=78791"},{"taxonomy":"post_tag","embeddable":true,"href":"https:\/\/blogdoeloiltoncajuhy.com.br\/site\/wp-json\/wp\/v2\/tags?post=78791"}],"curies":[{"name":"wp","href":"https:\/\/api.w.org\/{rel}","templated":true}]}}