{"id":78778,"date":"2024-01-20T06:00:00","date_gmt":"2024-01-20T09:00:00","guid":{"rendered":"https:\/\/blogdoeloiltoncajuhy.com.br\/site\/?p=78778"},"modified":"2024-01-19T17:01:25","modified_gmt":"2024-01-19T20:01:25","slug":"emprego-confira-as-vagas-do-sinebahia-de-bonfim-para-segunda-feira-22","status":"publish","type":"post","link":"https:\/\/blogdoeloiltoncajuhy.com.br\/site\/emprego-confira-as-vagas-do-sinebahia-de-bonfim-para-segunda-feira-22\/","title":{"rendered":"Emprego: Confira as vagas do Sinebahia de Bonfim para segunda-feira (22)"},"content":{"rendered":"\n<p class=\"has-text-align-center has-medium-font-size\"><strong>Os interessados devem se dirigir ao \u00f3rg\u00e3o no Central Shopping.<\/strong><\/p>\n\n\n\n<p><strong>Blog do Eloilton Cajuhy<\/strong><\/p>\n\n\n\n<figure class=\"wp-block-image aligncenter size-full is-resized\"><a href=\"https:\/\/i0.wp.com\/blogdoeloiltoncajuhy.com.br\/site\/wp-content\/uploads\/2023\/06\/Carteira-trabalho-emprego-vagas_FotoTony-WinstonAgencia-Brasilia.jpg\"><img data-recalc-dims=\"1\" fetchpriority=\"high\" decoding=\"async\" width=\"768\" height=\"510\" src=\"https:\/\/i0.wp.com\/blogdoeloiltoncajuhy.com.br\/site\/wp-content\/uploads\/2023\/06\/Carteira-trabalho-emprego-vagas_FotoTony-WinstonAgencia-Brasilia.jpg?resize=768%2C510\" alt=\"\" class=\"wp-image-74526\" style=\"width:645px;height:auto\" srcset=\"https:\/\/i0.wp.com\/blogdoeloiltoncajuhy.com.br\/site\/wp-content\/uploads\/2023\/06\/Carteira-trabalho-emprego-vagas_FotoTony-WinstonAgencia-Brasilia.jpg?w=768&amp;ssl=1 768w, https:\/\/i0.wp.com\/blogdoeloiltoncajuhy.com.br\/site\/wp-content\/uploads\/2023\/06\/Carteira-trabalho-emprego-vagas_FotoTony-WinstonAgencia-Brasilia.jpg?resize=300%2C199&amp;ssl=1 300w\" sizes=\"(max-width: 768px) 100vw, 768px\" \/><\/a><figcaption class=\"wp-element-caption\"><sub>Foto: Tony Winston\/Ag\u00eancia Bras\u00edlia<\/sub><\/figcaption><\/figure>\n\n\n\n<p>O SineBahia, \u00f3rg\u00e3o estadual de intermedia\u00e7\u00e3o de m\u00e3o-de-obra, e empresas divulgaram vagas de emprego dispon\u00edveis para segunda-feira (22) em Senhor do Bonfim. <strong><em>[Confira lista completa abaixo]<\/em><\/strong>.<\/p>\n\n\n\n<p>Os interessados devem buscar atendimento na unidade do \u00f3rg\u00e3o, localizada no Central Shopping, no Centro da cidade. N\u00e3o \u00e9 preciso agendar e as senhas ser\u00e3o distribu\u00eddas conforme disponibilidade e por ordem de chegada.<\/p>\n\n\n\n<p>Todos devem levar carteira de trabalho f\u00edsica ou digital, RG, CPF, comprovante de resid\u00eancia, escolaridade e de vacina\u00e7\u00e3o contra a Covid-19, al\u00e9m dos documentos espec\u00edficos pedidos por cada vaga.<\/p>\n\n\n\n<p>Ainda de acordo com o SineBahia, foram listadas apenas algumas das vagas dispon\u00edveis que est\u00e3o sujeitas ao limite de encaminhamentos. <strong><mark style=\"background-color:rgba(0, 0, 0, 0)\" class=\"has-inline-color has-vivid-red-color\">Confira abaixo:<\/mark><\/strong><\/p>\n\n\n\n<p><strong>OPERADOR DE CAIXA<\/strong><br>Ensino m\u00e9dio completo<br>Experi\u00eancia com atendimento<br>01 vaga<br><\/p>\n\n\n\n<p><strong>TOSADOR<\/strong><br>Ensino m\u00e9dio completo<br>Experi\u00eancia na fun\u00e7\u00e3o<br>01 vaga<br><\/p>\n\n\n\n<p><strong>VENDEDOR<\/strong><br>Ensino m\u00e9dio completo<br>Experi\u00eancia na fun\u00e7\u00e3o<br>02 vagas<br><\/p>\n\n\n\n<p><strong>ATENDENTE DE FARM\u00c1CIA<br><\/strong>Ensino m\u00e9dio completo<br>Experi\u00eancia na fun\u00e7\u00e3o<br>01 vaga<br><\/p>\n\n\n\n<p><strong>VENDEDOR EXTERNO<br><\/strong>Ensino m\u00e9dio completo<br>Possuir habilidades em vendas<br>\u00c1rea de atua\u00e7\u00e3o: Campo Formoso e regi\u00e3o<br>CNH: A\/B<br>Possuir moto ou carro<br>01 vaga<br><\/p>\n\n\n\n<p><strong>CONSULTOR DE VIAGENS<\/strong><br>Ensino m\u00e9dio completo<br>Experi\u00eancia em vendas<br>01 vaga<br><\/p>\n\n\n\n<p><strong>VENDEDOR<\/strong><br>Ensino m\u00e9dio completo<br>Experi\u00eancia na fun\u00e7\u00e3o<br>CNH: A ou AB<br>01 vaga<\/p>\n","protected":false},"excerpt":{"rendered":"<p>Os interessados devem se dirigir ao \u00f3rg\u00e3o no Central Shopping. Blog do Eloilton Cajuhy O SineBahia, \u00f3rg\u00e3o estadual de intermedia\u00e7\u00e3o de m\u00e3o-de-obra, e empresas divulgaram vagas de emprego dispon\u00edveis para segunda-feira (22) em Senhor do Bonfim. [Confira lista completa abaixo]. Os interessados devem buscar atendimento na unidade do \u00f3rg\u00e3o, localizada no Central Shopping, no Centro [&hellip;]<\/p>\n","protected":false},"author":2,"featured_media":67093,"comment_status":"open","ping_status":"open","sticky":false,"template":"","format":"standard","meta":{"_acf_changed":false,"_monsterinsights_skip_tracking":false,"_monsterinsights_sitenote_active":false,"_monsterinsights_sitenote_note":"","_monsterinsights_sitenote_category":0,"_jetpack_memberships_contains_paid_content":false,"footnotes":"","jetpack_publicize_message":"","jetpack_publicize_feature_enabled":true,"jetpack_social_post_already_shared":true,"jetpack_social_options":{"image_generator_settings":{"template":"highway","default_image_id":0,"font":"","enabled":false},"version":2}},"categories":[32],"tags":[],"class_list":["post-78778","post","type-post","status-publish","format-standard","has-post-thumbnail","hentry","category-emprego"],"acf":[],"jetpack_publicize_connections":[],"jetpack_featured_media_url":"https:\/\/i0.wp.com\/blogdoeloiltoncajuhy.com.br\/site\/wp-content\/uploads\/2022\/08\/vagas-emprego-carteira-de-trabalho.webp?fit=984%2C601&ssl=1","jetpack_sharing_enabled":true,"publishpress_future_workflow_manual_trigger":{"enabledWorkflows":[]},"_links":{"self":[{"href":"https:\/\/blogdoeloiltoncajuhy.com.br\/site\/wp-json\/wp\/v2\/posts\/78778","targetHints":{"allow":["GET"]}}],"collection":[{"href":"https:\/\/blogdoeloiltoncajuhy.com.br\/site\/wp-json\/wp\/v2\/posts"}],"about":[{"href":"https:\/\/blogdoeloiltoncajuhy.com.br\/site\/wp-json\/wp\/v2\/types\/post"}],"author":[{"embeddable":true,"href":"https:\/\/blogdoeloiltoncajuhy.com.br\/site\/wp-json\/wp\/v2\/users\/2"}],"replies":[{"embeddable":true,"href":"https:\/\/blogdoeloiltoncajuhy.com.br\/site\/wp-json\/wp\/v2\/comments?post=78778"}],"version-history":[{"count":1,"href":"https:\/\/blogdoeloiltoncajuhy.com.br\/site\/wp-json\/wp\/v2\/posts\/78778\/revisions"}],"predecessor-version":[{"id":78779,"href":"https:\/\/blogdoeloiltoncajuhy.com.br\/site\/wp-json\/wp\/v2\/posts\/78778\/revisions\/78779"}],"wp:featuredmedia":[{"embeddable":true,"href":"https:\/\/blogdoeloiltoncajuhy.com.br\/site\/wp-json\/wp\/v2\/media\/67093"}],"wp:attachment":[{"href":"https:\/\/blogdoeloiltoncajuhy.com.br\/site\/wp-json\/wp\/v2\/media?parent=78778"}],"wp:term":[{"taxonomy":"category","embeddable":true,"href":"https:\/\/blogdoeloiltoncajuhy.com.br\/site\/wp-json\/wp\/v2\/categories?post=78778"},{"taxonomy":"post_tag","embeddable":true,"href":"https:\/\/blogdoeloiltoncajuhy.com.br\/site\/wp-json\/wp\/v2\/tags?post=78778"}],"curies":[{"name":"wp","href":"https:\/\/api.w.org\/{rel}","templated":true}]}}