{"id":78758,"date":"2024-01-18T19:07:27","date_gmt":"2024-01-18T22:07:27","guid":{"rendered":"https:\/\/blogdoeloiltoncajuhy.com.br\/site\/?p=78758"},"modified":"2024-01-19T18:26:19","modified_gmt":"2024-01-19T21:26:19","slug":"familia-confirma-falecimento-de-necy-bonfim","status":"publish","type":"post","link":"https:\/\/blogdoeloiltoncajuhy.com.br\/site\/familia-confirma-falecimento-de-necy-bonfim\/","title":{"rendered":"Fam\u00edlia confirma falecimento de Necy Bonfim"},"content":{"rendered":"\n<p><strong>Blog do Eloilton Cajuhy<\/strong><br><em>Atualizado em 19 de janeiro de 2024 \u00e0s 18h26<\/em><\/p>\n\n\n\n<p>A fam\u00edlia do empres\u00e1rio Jos\u00e9 Clementino do Bonfim, mais conhecido como Zeca Bonfim, divulgou nota na tarde desta quinta-feira (18), informando o falecimento de sua filha, Necy Moura Bonfim, de 54 anos.<\/p>\n\n\n\n<p>O vel\u00f3rio foi realizado no Memorial Vila Nova, e o sepultamento ocorreu na sexta-feira, dia 19, \u00e0s 9h, no Cemit\u00e9rio Jardim Vila Nova.<\/p>\n\n\n\n<figure class=\"wp-block-image aligncenter size-full\"><a href=\"https:\/\/i0.wp.com\/blogdoeloiltoncajuhy.com.br\/site\/wp-content\/uploads\/2024\/01\/Necy-Bonfim.jpg?ssl=1\"><img data-recalc-dims=\"1\" fetchpriority=\"high\" decoding=\"async\" width=\"568\" height=\"710\" src=\"https:\/\/i0.wp.com\/blogdoeloiltoncajuhy.com.br\/site\/wp-content\/uploads\/2024\/01\/Necy-Bonfim.jpg?resize=568%2C710&#038;ssl=1\" alt=\"\" class=\"wp-image-78759\" srcset=\"https:\/\/i0.wp.com\/blogdoeloiltoncajuhy.com.br\/site\/wp-content\/uploads\/2024\/01\/Necy-Bonfim.jpg?w=568&amp;ssl=1 568w, https:\/\/i0.wp.com\/blogdoeloiltoncajuhy.com.br\/site\/wp-content\/uploads\/2024\/01\/Necy-Bonfim.jpg?resize=240%2C300&amp;ssl=1 240w\" sizes=\"(max-width: 568px) 100vw, 568px\" \/><\/a><\/figure>\n","protected":false},"excerpt":{"rendered":"<p>Blog do Eloilton CajuhyAtualizado em 19 de janeiro de 2024 \u00e0s 18h26 A fam\u00edlia do empres\u00e1rio Jos\u00e9 Clementino do Bonfim, mais conhecido como Zeca Bonfim, divulgou nota na tarde desta quinta-feira (18), informando o falecimento de sua filha, Necy Moura Bonfim, de 54 anos. O vel\u00f3rio foi realizado no Memorial Vila Nova, e o sepultamento [&hellip;]<\/p>\n","protected":false},"author":2,"featured_media":78760,"comment_status":"open","ping_status":"open","sticky":false,"template":"","format":"standard","meta":{"_acf_changed":false,"_monsterinsights_skip_tracking":false,"_monsterinsights_sitenote_active":false,"_monsterinsights_sitenote_note":"","_monsterinsights_sitenote_category":0,"_jetpack_memberships_contains_paid_content":false,"footnotes":"","jetpack_publicize_message":"","jetpack_publicize_feature_enabled":true,"jetpack_social_post_already_shared":true,"jetpack_social_options":{"image_generator_settings":{"template":"highway","default_image_id":0,"font":"","enabled":false},"version":2}},"categories":[4],"tags":[],"class_list":["post-78758","post","type-post","status-publish","format-standard","has-post-thumbnail","hentry","category-local"],"acf":[],"jetpack_publicize_connections":[],"jetpack_featured_media_url":"https:\/\/i0.wp.com\/blogdoeloiltoncajuhy.com.br\/site\/wp-content\/uploads\/2024\/01\/Necy-Bonfim-capa.png?fit=777%2C461&ssl=1","jetpack_sharing_enabled":true,"publishpress_future_workflow_manual_trigger":{"enabledWorkflows":[]},"_links":{"self":[{"href":"https:\/\/blogdoeloiltoncajuhy.com.br\/site\/wp-json\/wp\/v2\/posts\/78758","targetHints":{"allow":["GET"]}}],"collection":[{"href":"https:\/\/blogdoeloiltoncajuhy.com.br\/site\/wp-json\/wp\/v2\/posts"}],"about":[{"href":"https:\/\/blogdoeloiltoncajuhy.com.br\/site\/wp-json\/wp\/v2\/types\/post"}],"author":[{"embeddable":true,"href":"https:\/\/blogdoeloiltoncajuhy.com.br\/site\/wp-json\/wp\/v2\/users\/2"}],"replies":[{"embeddable":true,"href":"https:\/\/blogdoeloiltoncajuhy.com.br\/site\/wp-json\/wp\/v2\/comments?post=78758"}],"version-history":[{"count":2,"href":"https:\/\/blogdoeloiltoncajuhy.com.br\/site\/wp-json\/wp\/v2\/posts\/78758\/revisions"}],"predecessor-version":[{"id":78784,"href":"https:\/\/blogdoeloiltoncajuhy.com.br\/site\/wp-json\/wp\/v2\/posts\/78758\/revisions\/78784"}],"wp:featuredmedia":[{"embeddable":true,"href":"https:\/\/blogdoeloiltoncajuhy.com.br\/site\/wp-json\/wp\/v2\/media\/78760"}],"wp:attachment":[{"href":"https:\/\/blogdoeloiltoncajuhy.com.br\/site\/wp-json\/wp\/v2\/media?parent=78758"}],"wp:term":[{"taxonomy":"category","embeddable":true,"href":"https:\/\/blogdoeloiltoncajuhy.com.br\/site\/wp-json\/wp\/v2\/categories?post=78758"},{"taxonomy":"post_tag","embeddable":true,"href":"https:\/\/blogdoeloiltoncajuhy.com.br\/site\/wp-json\/wp\/v2\/tags?post=78758"}],"curies":[{"name":"wp","href":"https:\/\/api.w.org\/{rel}","templated":true}]}}