{"id":78753,"date":"2024-01-18T18:49:13","date_gmt":"2024-01-18T21:49:13","guid":{"rendered":"https:\/\/blogdoeloiltoncajuhy.com.br\/site\/?p=78753"},"modified":"2024-01-18T18:49:15","modified_gmt":"2024-01-18T21:49:15","slug":"vitima-de-feminicidio-foi-morta-na-frente-do-filho-de-3-anos-no-df","status":"publish","type":"post","link":"https:\/\/blogdoeloiltoncajuhy.com.br\/site\/vitima-de-feminicidio-foi-morta-na-frente-do-filho-de-3-anos-no-df\/","title":{"rendered":"V\u00edtima de feminic\u00eddio foi morta na frente do filho de 3 anos no DF"},"content":{"rendered":"\n<p class=\"has-medium-font-size\"><strong>Crian\u00e7a foi encontrada pelos policiais &#8216;bastante assustada&#8217; e escondida atr\u00e1s de arm\u00e1rio. Ant\u00f4nia Maria da Silva Carvalho, de 39 anos, foi morta a facadas pelo companheiro.<\/strong><\/p>\n\n\n\n<p><strong>Por Afonso Ferreira, Minane Ribeiro, Danilo Moreira, g1 DF<\/strong><\/p>\n\n\n\n<figure class=\"wp-block-image aligncenter size-full is-resized\"><a href=\"https:\/\/i0.wp.com\/blogdoeloiltoncajuhy.com.br\/site\/wp-content\/uploads\/2024\/01\/Antonia-Maria-da-Silva-Carvalho-foi-vitima-de-feminicidio-no-Distrito-Federal-%E2%80%94-Foto_Reproducao.png?ssl=1\"><img data-recalc-dims=\"1\" fetchpriority=\"high\" decoding=\"async\" width=\"800\" height=\"450\" src=\"https:\/\/i0.wp.com\/blogdoeloiltoncajuhy.com.br\/site\/wp-content\/uploads\/2024\/01\/Antonia-Maria-da-Silva-Carvalho-foi-vitima-de-feminicidio-no-Distrito-Federal-%E2%80%94-Foto_Reproducao.png?resize=800%2C450&#038;ssl=1\" alt=\"\" class=\"wp-image-78754\" style=\"width:729px;height:auto\" srcset=\"https:\/\/i0.wp.com\/blogdoeloiltoncajuhy.com.br\/site\/wp-content\/uploads\/2024\/01\/Antonia-Maria-da-Silva-Carvalho-foi-vitima-de-feminicidio-no-Distrito-Federal-%E2%80%94-Foto_Reproducao.png?w=821&amp;ssl=1 821w, https:\/\/i0.wp.com\/blogdoeloiltoncajuhy.com.br\/site\/wp-content\/uploads\/2024\/01\/Antonia-Maria-da-Silva-Carvalho-foi-vitima-de-feminicidio-no-Distrito-Federal-%E2%80%94-Foto_Reproducao.png?resize=300%2C169&amp;ssl=1 300w, https:\/\/i0.wp.com\/blogdoeloiltoncajuhy.com.br\/site\/wp-content\/uploads\/2024\/01\/Antonia-Maria-da-Silva-Carvalho-foi-vitima-de-feminicidio-no-Distrito-Federal-%E2%80%94-Foto_Reproducao.png?resize=768%2C432&amp;ssl=1 768w\" sizes=\"(max-width: 800px) 100vw, 800px\" \/><\/a><figcaption class=\"wp-element-caption\"><sub>Ant\u00f4nia Maria da Silva Carvalho foi v\u00edtima de feminic\u00eddio no Distrito Federal \u2014 Foto: Reprodu\u00e7\u00e3o<\/sub><\/figcaption><\/figure>\n\n\n\n<p>A terceira v\u00edtima de feminic\u00eddio no Distrito Federal em 2024, Ant\u00f4nia Maria da Silva Carvalho, de 39 anos, foi morta a facadas pelo companheiro na frente do filho do casal, de 3 anos, nesta quarta-feira (17). A informa\u00e7\u00e3o foi confirmada pela Pol\u00edcia Civil.<\/p>\n\n\n\n<p>O crime ocorreu no Recanto das Emas, quando Francisco Farias da Silva, de 46 anos, deu pelo menos dois golpes de faca em Ant\u00f4nia: um no peito e outro no pesco\u00e7o. Em seguida, o homem tentou tirar a pr\u00f3pria vida, mas foi socorrido e est\u00e1 internado no Hospital de Base.<\/p>\n\n\n\n<figure class=\"wp-block-image aligncenter size-full is-resized\"><a href=\"https:\/\/i0.wp.com\/blogdoeloiltoncajuhy.com.br\/site\/wp-content\/uploads\/2024\/01\/Policia-investiga-feminicidio-no-DF-%E2%80%94-Foto_TV-Globo-Reproducao.png?ssl=1\"><img data-recalc-dims=\"1\" decoding=\"async\" width=\"800\" height=\"455\" src=\"https:\/\/i0.wp.com\/blogdoeloiltoncajuhy.com.br\/site\/wp-content\/uploads\/2024\/01\/Policia-investiga-feminicidio-no-DF-%E2%80%94-Foto_TV-Globo-Reproducao.png?resize=800%2C455&#038;ssl=1\" alt=\"\" class=\"wp-image-78755\" style=\"width:696px;height:auto\" srcset=\"https:\/\/i0.wp.com\/blogdoeloiltoncajuhy.com.br\/site\/wp-content\/uploads\/2024\/01\/Policia-investiga-feminicidio-no-DF-%E2%80%94-Foto_TV-Globo-Reproducao.png?w=823&amp;ssl=1 823w, https:\/\/i0.wp.com\/blogdoeloiltoncajuhy.com.br\/site\/wp-content\/uploads\/2024\/01\/Policia-investiga-feminicidio-no-DF-%E2%80%94-Foto_TV-Globo-Reproducao.png?resize=300%2C171&amp;ssl=1 300w, https:\/\/i0.wp.com\/blogdoeloiltoncajuhy.com.br\/site\/wp-content\/uploads\/2024\/01\/Policia-investiga-feminicidio-no-DF-%E2%80%94-Foto_TV-Globo-Reproducao.png?resize=768%2C437&amp;ssl=1 768w\" sizes=\"(max-width: 800px) 100vw, 800px\" \/><\/a><figcaption class=\"wp-element-caption\"><sub>Pol\u00edcia investiga feminic\u00eddio no DF \u2014 Foto: TV Globo\/Reprodu\u00e7\u00e3o<\/sub><\/figcaption><\/figure>\n\n\n\n<p>De acordo com os investigadores, o filho do casal ficou &#8220;bastante assustado&#8221; ap\u00f3s o crime. Os policiais encontraram o menino escondido atr\u00e1s de um arm\u00e1rio na casa da fam\u00edlia.<\/p>\n\n\n\n<p>Agora, a crian\u00e7a deve ser encaminhada ao Conselho Tutelar, at\u00e9 a chegada de parentes na capital. Ant\u00f4nia completaria 40 anos nesta quinta-feira (18).<\/p>\n\n\n\n<p class=\"has-black-color has-text-color has-link-color has-medium-font-size wp-elements-e1ae9b3fcca5e4c4beb7d375a4e83428\"><strong>Suspeito tinha passagem por viol\u00eancia dom\u00e9stica<\/strong><\/p>\n\n\n\n<p>A Pol\u00edcia Civil informou ainda que Francisco tinha passagem por um crime que se enquadra na Lei Maria da Penha. Segundo a investiga\u00e7\u00e3o, ele agrediu uma ex-companheira em 2012.<\/p>\n\n\n\n<p>Al\u00e9m disso, os investigadores disseram que o homem tamb\u00e9m j\u00e1 respondeu por uma tentativa de homic\u00eddio. No entanto, a pol\u00edcia disse que Ant\u00f4nia nunca tinha registrado ocorr\u00eancia contra o companheiro.<\/p>\n\n\n\n<figure class=\"wp-block-image aligncenter size-full is-resized\"><a href=\"https:\/\/i0.wp.com\/blogdoeloiltoncajuhy.com.br\/site\/wp-content\/uploads\/2024\/01\/Francisco-Farias-da-Silva-matou-companheira-no-DF-%E2%80%94-Foto_Reproducao.png?ssl=1\"><img data-recalc-dims=\"1\" decoding=\"async\" width=\"800\" height=\"456\" src=\"https:\/\/i0.wp.com\/blogdoeloiltoncajuhy.com.br\/site\/wp-content\/uploads\/2024\/01\/Francisco-Farias-da-Silva-matou-companheira-no-DF-%E2%80%94-Foto_Reproducao.png?resize=800%2C456&#038;ssl=1\" alt=\"\" class=\"wp-image-78756\" style=\"width:710px;height:auto\" srcset=\"https:\/\/i0.wp.com\/blogdoeloiltoncajuhy.com.br\/site\/wp-content\/uploads\/2024\/01\/Francisco-Farias-da-Silva-matou-companheira-no-DF-%E2%80%94-Foto_Reproducao.png?w=819&amp;ssl=1 819w, https:\/\/i0.wp.com\/blogdoeloiltoncajuhy.com.br\/site\/wp-content\/uploads\/2024\/01\/Francisco-Farias-da-Silva-matou-companheira-no-DF-%E2%80%94-Foto_Reproducao.png?resize=300%2C171&amp;ssl=1 300w, https:\/\/i0.wp.com\/blogdoeloiltoncajuhy.com.br\/site\/wp-content\/uploads\/2024\/01\/Francisco-Farias-da-Silva-matou-companheira-no-DF-%E2%80%94-Foto_Reproducao.png?resize=768%2C438&amp;ssl=1 768w\" sizes=\"(max-width: 800px) 100vw, 800px\" \/><\/a><figcaption class=\"wp-element-caption\"><sub>Francisco Farias da Silva, de 46 anos, matou companheira no Recanto das Emas, no DF \u2014 Foto: Reprodu\u00e7\u00e3o<\/sub><\/figcaption><\/figure>\n\n\n\n<figure class=\"wp-block-pullquote has-medium-font-size\"><blockquote><p><strong><mark style=\"background-color:rgba(0, 0, 0, 0)\" class=\"has-inline-color has-black-color\">&#8220;Vamos fazer uma investiga\u00e7\u00e3o junto aos vizinhos, familiares e testemunhas para saber se a rela\u00e7\u00e3o do casal seria conturbada, seguida de viol\u00eancia, ou se foi um fato isolado&#8221;, disse o delegado Fernando Fernandes, da 27\u00aa Delegacia de Pol\u00edcia, no Recanto das Emas.<\/mark><\/strong><\/p><\/blockquote><\/figure>\n\n\n\n<p>Nesta quinta, o suspeito passou por audi\u00eancia de cust\u00f3dia e teve a pris\u00e3o em flagrante convertida em preventiva.<\/p>\n\n\n\n<p class=\"has-black-color has-text-color has-link-color has-medium-font-size wp-elements-3c747da393954e3987a61de697523f81\"><strong>Viol\u00eancia contra a mulher<\/strong><\/p>\n\n\n\n<p>Na segunda-feira (15), uma mulher foi assassinada dentro de casa, em Ceil\u00e2ndia. No dia 10 de janeiro, uma mulher foi morta a tiros no Gama.<\/p>\n\n\n\n<p>O Distrito Federal teve um aumento de 250% no n\u00famero de feminic\u00eddios na compara\u00e7\u00e3o entre o primeiro semestre de 2022 e o mesmo per\u00edodo de 2023, segundo dados do F\u00f3rum Brasileiro de Seguran\u00e7a P\u00fablica (FBSP).<\/p>\n\n\n\n<p>Diante do resultado, o DF se tornou a unidade da federa\u00e7\u00e3o com o maior n\u00famero de mortes de mulheres por quest\u00f5es de g\u00eanero.<\/p>\n","protected":false},"excerpt":{"rendered":"<p>Crian\u00e7a foi encontrada pelos policiais &#8216;bastante assustada&#8217; e escondida atr\u00e1s de arm\u00e1rio. Ant\u00f4nia Maria da Silva Carvalho, de 39 anos, foi morta a facadas pelo companheiro. Por Afonso Ferreira, Minane Ribeiro, Danilo Moreira, g1 DF A terceira v\u00edtima de feminic\u00eddio no Distrito Federal em 2024, Ant\u00f4nia Maria da Silva Carvalho, de 39 anos, foi morta [&hellip;]<\/p>\n","protected":false},"author":2,"featured_media":78755,"comment_status":"open","ping_status":"open","sticky":false,"template":"","format":"standard","meta":{"_acf_changed":false,"_monsterinsights_skip_tracking":false,"_monsterinsights_sitenote_active":false,"_monsterinsights_sitenote_note":"","_monsterinsights_sitenote_category":0,"_jetpack_memberships_contains_paid_content":false,"footnotes":"","jetpack_publicize_message":"","jetpack_publicize_feature_enabled":true,"jetpack_social_post_already_shared":true,"jetpack_social_options":{"image_generator_settings":{"template":"highway","default_image_id":0,"font":"","enabled":false},"version":2}},"categories":[15],"tags":[],"class_list":["post-78753","post","type-post","status-publish","format-standard","has-post-thumbnail","hentry","category-policia"],"acf":[],"jetpack_publicize_connections":[],"jetpack_featured_media_url":"https:\/\/i0.wp.com\/blogdoeloiltoncajuhy.com.br\/site\/wp-content\/uploads\/2024\/01\/Policia-investiga-feminicidio-no-DF-%E2%80%94-Foto_TV-Globo-Reproducao.png?fit=823%2C468&ssl=1","jetpack_sharing_enabled":true,"publishpress_future_workflow_manual_trigger":{"enabledWorkflows":[]},"_links":{"self":[{"href":"https:\/\/blogdoeloiltoncajuhy.com.br\/site\/wp-json\/wp\/v2\/posts\/78753","targetHints":{"allow":["GET"]}}],"collection":[{"href":"https:\/\/blogdoeloiltoncajuhy.com.br\/site\/wp-json\/wp\/v2\/posts"}],"about":[{"href":"https:\/\/blogdoeloiltoncajuhy.com.br\/site\/wp-json\/wp\/v2\/types\/post"}],"author":[{"embeddable":true,"href":"https:\/\/blogdoeloiltoncajuhy.com.br\/site\/wp-json\/wp\/v2\/users\/2"}],"replies":[{"embeddable":true,"href":"https:\/\/blogdoeloiltoncajuhy.com.br\/site\/wp-json\/wp\/v2\/comments?post=78753"}],"version-history":[{"count":1,"href":"https:\/\/blogdoeloiltoncajuhy.com.br\/site\/wp-json\/wp\/v2\/posts\/78753\/revisions"}],"predecessor-version":[{"id":78757,"href":"https:\/\/blogdoeloiltoncajuhy.com.br\/site\/wp-json\/wp\/v2\/posts\/78753\/revisions\/78757"}],"wp:featuredmedia":[{"embeddable":true,"href":"https:\/\/blogdoeloiltoncajuhy.com.br\/site\/wp-json\/wp\/v2\/media\/78755"}],"wp:attachment":[{"href":"https:\/\/blogdoeloiltoncajuhy.com.br\/site\/wp-json\/wp\/v2\/media?parent=78753"}],"wp:term":[{"taxonomy":"category","embeddable":true,"href":"https:\/\/blogdoeloiltoncajuhy.com.br\/site\/wp-json\/wp\/v2\/categories?post=78753"},{"taxonomy":"post_tag","embeddable":true,"href":"https:\/\/blogdoeloiltoncajuhy.com.br\/site\/wp-json\/wp\/v2\/tags?post=78753"}],"curies":[{"name":"wp","href":"https:\/\/api.w.org\/{rel}","templated":true}]}}