{"id":78746,"date":"2024-01-18T12:37:22","date_gmt":"2024-01-18T15:37:22","guid":{"rendered":"https:\/\/blogdoeloiltoncajuhy.com.br\/site\/?p=78746"},"modified":"2024-01-18T12:37:25","modified_gmt":"2024-01-18T15:37:25","slug":"suspeito-de-comandar-faccao-no-ceara-e-comparsas-morrem-em-confronto-com-policiais-em-juazeiro","status":"publish","type":"post","link":"https:\/\/blogdoeloiltoncajuhy.com.br\/site\/suspeito-de-comandar-faccao-no-ceara-e-comparsas-morrem-em-confronto-com-policiais-em-juazeiro\/","title":{"rendered":"Suspeito de comandar fac\u00e7\u00e3o no Cear\u00e1 e comparsas morrem em confronto com policiais em Juazeiro"},"content":{"rendered":"\n<p class=\"has-text-align-left has-medium-font-size\"><strong>L\u00edder fugiu do estado e, segundo investiga\u00e7\u00f5es, buscava ampliar a atua\u00e7\u00e3o da organiza\u00e7\u00e3o criminosa que ele representava.<\/strong><\/p>\n\n\n\n<p><strong>Por g1 BA<\/strong><\/p>\n\n\n\n<figure class=\"wp-block-image aligncenter size-full is-resized\"><a href=\"https:\/\/i0.wp.com\/blogdoeloiltoncajuhy.com.br\/site\/wp-content\/uploads\/2024\/01\/Evaldo-Coragem-%E2%80%94-Foto_Divulgacao-SSP-BA.png?ssl=1\"><img data-recalc-dims=\"1\" fetchpriority=\"high\" decoding=\"async\" width=\"800\" height=\"514\" src=\"https:\/\/i0.wp.com\/blogdoeloiltoncajuhy.com.br\/site\/wp-content\/uploads\/2024\/01\/Evaldo-Coragem-%E2%80%94-Foto_Divulgacao-SSP-BA.png?resize=800%2C514&#038;ssl=1\" alt=\"\" class=\"wp-image-78747\" style=\"width:679px;height:auto\" srcset=\"https:\/\/i0.wp.com\/blogdoeloiltoncajuhy.com.br\/site\/wp-content\/uploads\/2024\/01\/Evaldo-Coragem-%E2%80%94-Foto_Divulgacao-SSP-BA.png?w=822&amp;ssl=1 822w, https:\/\/i0.wp.com\/blogdoeloiltoncajuhy.com.br\/site\/wp-content\/uploads\/2024\/01\/Evaldo-Coragem-%E2%80%94-Foto_Divulgacao-SSP-BA.png?resize=300%2C193&amp;ssl=1 300w, https:\/\/i0.wp.com\/blogdoeloiltoncajuhy.com.br\/site\/wp-content\/uploads\/2024\/01\/Evaldo-Coragem-%E2%80%94-Foto_Divulgacao-SSP-BA.png?resize=768%2C493&amp;ssl=1 768w\" sizes=\"(max-width: 800px) 100vw, 800px\" \/><\/a><figcaption class=\"wp-element-caption\"><sub>Suspeito de comandar fac\u00e7\u00e3o no Cear\u00e1 e comparsas morrem em confronto com for\u00e7as de seguran\u00e7a na Bahia \u2014 Foto: Divulga\u00e7\u00e3o\/SSP-BA<\/sub><\/figcaption><\/figure>\n\n\n\n<p>O homem apontado como chefe de uma fac\u00e7\u00e3o no Cear\u00e1 e dois comparsas morreram em um confronto, na manh\u00e3 desta quinta-feira (18), em opera\u00e7\u00e3o das For\u00e7as Integradas de Combate ao Crime Organizado (FICCOs), na cidade de Juazeiro, no norte da Bahia.<\/p>\n\n\n\n<p>Segundo informa\u00e7\u00f5es da Secretaria de Seguran\u00e7a P\u00fablica da Bahia (SSP-BA), Evaldo Batista Ferreira, conhecido como &#8220;Evaldo Coragem&#8221;, tamb\u00e9m era um forte representante de uma fac\u00e7\u00e3o paulista.<\/p>\n\n\n\n<p>Com recompensa de R$ 8 mil oferecida pelo Governo do Cear\u00e1, Evaldo Coragem fugiu do estado e, segundo investiga\u00e7\u00f5es, buscava ampliar a atua\u00e7\u00e3o da organiza\u00e7\u00e3o criminosa paulista que ele representava.<\/p>\n\n\n\n<figure class=\"wp-block-image aligncenter size-full is-resized\"><a href=\"https:\/\/i0.wp.com\/blogdoeloiltoncajuhy.com.br\/site\/wp-content\/uploads\/2024\/01\/Evaldo-Coragem-%E2%80%94-armas-e-dinheiro-apreendidos-Foto_Divulgacao-SSP-BA.png?ssl=1\"><img data-recalc-dims=\"1\" decoding=\"async\" width=\"800\" height=\"603\" src=\"https:\/\/i0.wp.com\/blogdoeloiltoncajuhy.com.br\/site\/wp-content\/uploads\/2024\/01\/Evaldo-Coragem-%E2%80%94-armas-e-dinheiro-apreendidos-Foto_Divulgacao-SSP-BA.png?resize=800%2C603&#038;ssl=1\" alt=\"\" class=\"wp-image-78748\" style=\"width:679px;height:auto\" srcset=\"https:\/\/i0.wp.com\/blogdoeloiltoncajuhy.com.br\/site\/wp-content\/uploads\/2024\/01\/Evaldo-Coragem-%E2%80%94-armas-e-dinheiro-apreendidos-Foto_Divulgacao-SSP-BA.png?w=820&amp;ssl=1 820w, https:\/\/i0.wp.com\/blogdoeloiltoncajuhy.com.br\/site\/wp-content\/uploads\/2024\/01\/Evaldo-Coragem-%E2%80%94-armas-e-dinheiro-apreendidos-Foto_Divulgacao-SSP-BA.png?resize=300%2C226&amp;ssl=1 300w, https:\/\/i0.wp.com\/blogdoeloiltoncajuhy.com.br\/site\/wp-content\/uploads\/2024\/01\/Evaldo-Coragem-%E2%80%94-armas-e-dinheiro-apreendidos-Foto_Divulgacao-SSP-BA.png?resize=768%2C579&amp;ssl=1 768w\" sizes=\"(max-width: 800px) 100vw, 800px\" \/><\/a><figcaption class=\"wp-element-caption\"><sub>Armas e dinheiro apreendidos \u2014 Foto: Divulga\u00e7\u00e3o\/SSP-BA<\/sub><\/figcaption><\/figure>\n\n\n\n<p>A SSP-BA informou que a FICCO foi at\u00e9 o povoado de Tom\u00e9, na zona rural de Juazeiro, ap\u00f3s a\u00e7\u00f5es de intelig\u00eancia apontarem para a possibilidade do suspeito estar escondido no local.<\/p>\n\n\n\n<p>Conforme o \u00f3rg\u00e3o de seguran\u00e7a p\u00fablica, al\u00e9m de recrutar novos associados, o suspeito pretendia tamb\u00e9m explodir ag\u00eancias banc\u00e1rias no sert\u00e3o nordestino, com o objetivo de conseguir recursos financeiros para as fac\u00e7\u00f5es criminosas.<\/p>\n\n\n\n<p>Uma pistola calibre 380, duas espingardas calibres 12 e 20, carregadores, muni\u00e7\u00f5es e R$ 30 mil em esp\u00e9cie foram apreendidos.<\/p>\n\n\n\n<p>A SSP-BA informou que as a\u00e7\u00f5es de intelig\u00eancia das FICCOs Bahia e Cear\u00e1 continuam para identificar outros integrantes da mesma fac\u00e7\u00e3o que era comandada por Evaldo Coragem.<\/p>\n","protected":false},"excerpt":{"rendered":"<p>L\u00edder fugiu do estado e, segundo investiga\u00e7\u00f5es, buscava ampliar a atua\u00e7\u00e3o da organiza\u00e7\u00e3o criminosa que ele representava. Por g1 BA O homem apontado como chefe de uma fac\u00e7\u00e3o no Cear\u00e1 e dois comparsas morreram em um confronto, na manh\u00e3 desta quinta-feira (18), em opera\u00e7\u00e3o das For\u00e7as Integradas de Combate ao Crime Organizado (FICCOs), na cidade [&hellip;]<\/p>\n","protected":false},"author":2,"featured_media":78747,"comment_status":"open","ping_status":"open","sticky":false,"template":"","format":"standard","meta":{"_acf_changed":false,"_monsterinsights_skip_tracking":false,"_monsterinsights_sitenote_active":false,"_monsterinsights_sitenote_note":"","_monsterinsights_sitenote_category":0,"_jetpack_memberships_contains_paid_content":false,"footnotes":"","jetpack_publicize_message":"","jetpack_publicize_feature_enabled":true,"jetpack_social_post_already_shared":true,"jetpack_social_options":{"image_generator_settings":{"template":"highway","default_image_id":0,"font":"","enabled":false},"version":2}},"categories":[15],"tags":[],"class_list":["post-78746","post","type-post","status-publish","format-standard","has-post-thumbnail","hentry","category-policia"],"acf":[],"jetpack_publicize_connections":[],"jetpack_featured_media_url":"https:\/\/i0.wp.com\/blogdoeloiltoncajuhy.com.br\/site\/wp-content\/uploads\/2024\/01\/Evaldo-Coragem-%E2%80%94-Foto_Divulgacao-SSP-BA.png?fit=822%2C528&ssl=1","jetpack_sharing_enabled":true,"publishpress_future_workflow_manual_trigger":{"enabledWorkflows":[]},"_links":{"self":[{"href":"https:\/\/blogdoeloiltoncajuhy.com.br\/site\/wp-json\/wp\/v2\/posts\/78746","targetHints":{"allow":["GET"]}}],"collection":[{"href":"https:\/\/blogdoeloiltoncajuhy.com.br\/site\/wp-json\/wp\/v2\/posts"}],"about":[{"href":"https:\/\/blogdoeloiltoncajuhy.com.br\/site\/wp-json\/wp\/v2\/types\/post"}],"author":[{"embeddable":true,"href":"https:\/\/blogdoeloiltoncajuhy.com.br\/site\/wp-json\/wp\/v2\/users\/2"}],"replies":[{"embeddable":true,"href":"https:\/\/blogdoeloiltoncajuhy.com.br\/site\/wp-json\/wp\/v2\/comments?post=78746"}],"version-history":[{"count":1,"href":"https:\/\/blogdoeloiltoncajuhy.com.br\/site\/wp-json\/wp\/v2\/posts\/78746\/revisions"}],"predecessor-version":[{"id":78749,"href":"https:\/\/blogdoeloiltoncajuhy.com.br\/site\/wp-json\/wp\/v2\/posts\/78746\/revisions\/78749"}],"wp:featuredmedia":[{"embeddable":true,"href":"https:\/\/blogdoeloiltoncajuhy.com.br\/site\/wp-json\/wp\/v2\/media\/78747"}],"wp:attachment":[{"href":"https:\/\/blogdoeloiltoncajuhy.com.br\/site\/wp-json\/wp\/v2\/media?parent=78746"}],"wp:term":[{"taxonomy":"category","embeddable":true,"href":"https:\/\/blogdoeloiltoncajuhy.com.br\/site\/wp-json\/wp\/v2\/categories?post=78746"},{"taxonomy":"post_tag","embeddable":true,"href":"https:\/\/blogdoeloiltoncajuhy.com.br\/site\/wp-json\/wp\/v2\/tags?post=78746"}],"curies":[{"name":"wp","href":"https:\/\/api.w.org\/{rel}","templated":true}]}}