{"id":78711,"date":"2024-01-16T23:58:06","date_gmt":"2024-01-17T02:58:06","guid":{"rendered":"https:\/\/blogdoeloiltoncajuhy.com.br\/site\/?p=78711"},"modified":"2024-01-17T10:10:28","modified_gmt":"2024-01-17T13:10:28","slug":"festa-do-senhor-do-bonfim-cidade-celebra-seu-padroeiro-nesta-quarta-feira-dia-17","status":"publish","type":"post","link":"https:\/\/blogdoeloiltoncajuhy.com.br\/site\/festa-do-senhor-do-bonfim-cidade-celebra-seu-padroeiro-nesta-quarta-feira-dia-17\/","title":{"rendered":"Festa do Senhor do Bonfim: cidade celebra seu padroeiro nesta quarta-feira, dia 17"},"content":{"rendered":"\n<p class=\"has-text-align-center has-medium-font-size\"><strong>Par\u00f3quia realizar\u00e1 extensa programa\u00e7\u00e3o durante todo o dia; confira.<\/strong><\/p>\n\n\n\n<p><strong>Blog do Eloilton Cajuhy<\/strong><br><em>Atualizado em 17 de janeiro de 2024 \u00e0s 10h10<\/em><\/p>\n\n\n\n<figure class=\"wp-block-image aligncenter size-full is-resized\"><a href=\"https:\/\/i0.wp.com\/blogdoeloiltoncajuhy.com.br\/site\/wp-content\/uploads\/2023\/06\/BONFIM_NOVA-CATEDRAL-02.jpg\"><img data-recalc-dims=\"1\" fetchpriority=\"high\" decoding=\"async\" width=\"800\" height=\"435\" src=\"https:\/\/i0.wp.com\/blogdoeloiltoncajuhy.com.br\/site\/wp-content\/uploads\/2023\/06\/BONFIM_NOVA-CATEDRAL-02.jpg?resize=800%2C435\" alt=\"\" class=\"wp-image-74703\" style=\"width:706px;height:auto\" srcset=\"https:\/\/i0.wp.com\/blogdoeloiltoncajuhy.com.br\/site\/wp-content\/uploads\/2023\/06\/BONFIM_NOVA-CATEDRAL-02.jpg?w=824&amp;ssl=1 824w, https:\/\/i0.wp.com\/blogdoeloiltoncajuhy.com.br\/site\/wp-content\/uploads\/2023\/06\/BONFIM_NOVA-CATEDRAL-02.jpg?resize=300%2C163&amp;ssl=1 300w, https:\/\/i0.wp.com\/blogdoeloiltoncajuhy.com.br\/site\/wp-content\/uploads\/2023\/06\/BONFIM_NOVA-CATEDRAL-02.jpg?resize=768%2C418&amp;ssl=1 768w\" sizes=\"(max-width: 800px) 100vw, 800px\" \/><\/a><figcaption class=\"wp-element-caption\"><sub>Foto: Redes sociais<\/sub><\/figcaption><\/figure>\n\n\n\n<p>Com uma extensa programa\u00e7\u00e3o, fi\u00e9is cat\u00f3licos v\u00e3o celebrar nesta quarta-feira (17), o dia do padroeiro de nossa cidade, Senhor do Bonfim. Os festejos religiosos ter\u00e3o in\u00edcio \u00e0s 10h da manh\u00e3, e as celebra\u00e7\u00f5es contar\u00e3o com a participa\u00e7\u00e3o do Bispo da Diocese, Dom Hernaldo Pinto Farias. <strong><mark style=\"background-color:rgba(0, 0, 0, 0)\" class=\"has-inline-color has-black-color\">Confira:<\/mark><\/strong><\/p>\n\n\n\n<ul class=\"wp-block-list\">\n<li><strong><mark style=\"background-color:rgba(0, 0, 0, 0)\" class=\"has-inline-color has-black-color\">10h:<\/mark><\/strong> Celebra\u00e7\u00e3o Eucar\u00edstica presidida por Dom Hernaldo e concelebrada pelos padres da Diocese;<\/li>\n\n\n\n<li><strong><mark style=\"background-color:rgba(0, 0, 0, 0)\" class=\"has-inline-color has-black-color\">16h:<\/mark><\/strong> Celebra\u00e7\u00e3o Eucar\u00edstica campal e, logo ap\u00f3s, prociss\u00e3o pelas ruas da cidade. Celebrante: Padre Carlos e demais padres concelebrantes da Par\u00f3quia;<\/li>\n\n\n\n<li><strong><mark style=\"background-color:rgba(0, 0, 0, 0)\" class=\"has-inline-color has-black-color\">18h:<\/mark><\/strong> Show da quermesse com Dan Gomez e Josa &amp; Pedro Jr.;<\/li>\n\n\n\n<li><strong><mark style=\"background-color:rgba(0, 0, 0, 0)\" class=\"has-inline-color has-black-color\">19h:<\/mark><\/strong> A\u00e7\u00e3o Beneficente em prol da festa, com sorteio de pr\u00eamios, ao lado da catedral.<\/li>\n<\/ul>\n\n\n\n<figure class=\"wp-block-image aligncenter size-full is-resized\"><a href=\"https:\/\/i0.wp.com\/blogdoeloiltoncajuhy.com.br\/site\/wp-content\/uploads\/2024\/01\/Festa-do-Senhor-do-Bonfim_2024-01-16.jpg?ssl=1\"><img data-recalc-dims=\"1\" decoding=\"async\" width=\"800\" height=\"600\" src=\"https:\/\/i0.wp.com\/blogdoeloiltoncajuhy.com.br\/site\/wp-content\/uploads\/2024\/01\/Festa-do-Senhor-do-Bonfim_2024-01-16.jpg?resize=800%2C600&#038;ssl=1\" alt=\"\" class=\"wp-image-78712\" style=\"width:685px;height:auto\" srcset=\"https:\/\/i0.wp.com\/blogdoeloiltoncajuhy.com.br\/site\/wp-content\/uploads\/2024\/01\/Festa-do-Senhor-do-Bonfim_2024-01-16.jpg?w=900&amp;ssl=1 900w, https:\/\/i0.wp.com\/blogdoeloiltoncajuhy.com.br\/site\/wp-content\/uploads\/2024\/01\/Festa-do-Senhor-do-Bonfim_2024-01-16.jpg?resize=300%2C225&amp;ssl=1 300w, https:\/\/i0.wp.com\/blogdoeloiltoncajuhy.com.br\/site\/wp-content\/uploads\/2024\/01\/Festa-do-Senhor-do-Bonfim_2024-01-16.jpg?resize=768%2C576&amp;ssl=1 768w\" sizes=\"(max-width: 800px) 100vw, 800px\" \/><\/a><figcaption class=\"wp-element-caption\"><sub>Fi\u00e9is cat\u00f3licos participaram das novenas do Senhor do Bonfim &#8211; Foto: Pascom de Bonfim<\/sub><\/figcaption><\/figure>\n","protected":false},"excerpt":{"rendered":"<p>Par\u00f3quia realizar\u00e1 extensa programa\u00e7\u00e3o durante todo o dia; confira. Blog do Eloilton CajuhyAtualizado em 17 de janeiro de 2024 \u00e0s 10h10 Com uma extensa programa\u00e7\u00e3o, fi\u00e9is cat\u00f3licos v\u00e3o celebrar nesta quarta-feira (17), o dia do padroeiro de nossa cidade, Senhor do Bonfim. Os festejos religiosos ter\u00e3o in\u00edcio \u00e0s 10h da manh\u00e3, e as celebra\u00e7\u00f5es contar\u00e3o [&hellip;]<\/p>\n","protected":false},"author":2,"featured_media":74703,"comment_status":"open","ping_status":"open","sticky":false,"template":"","format":"standard","meta":{"_acf_changed":false,"_monsterinsights_skip_tracking":false,"_monsterinsights_sitenote_active":false,"_monsterinsights_sitenote_note":"","_monsterinsights_sitenote_category":0,"_jetpack_memberships_contains_paid_content":false,"footnotes":"","jetpack_publicize_message":"","jetpack_publicize_feature_enabled":true,"jetpack_social_post_already_shared":true,"jetpack_social_options":{"image_generator_settings":{"template":"highway","default_image_id":0,"font":"","enabled":false},"version":2}},"categories":[4],"tags":[],"class_list":["post-78711","post","type-post","status-publish","format-standard","has-post-thumbnail","hentry","category-local"],"acf":[],"jetpack_publicize_connections":[],"jetpack_featured_media_url":"https:\/\/i0.wp.com\/blogdoeloiltoncajuhy.com.br\/site\/wp-content\/uploads\/2023\/06\/BONFIM_NOVA-CATEDRAL-02.jpg?fit=824%2C448&ssl=1","jetpack_sharing_enabled":true,"publishpress_future_workflow_manual_trigger":{"enabledWorkflows":[]},"_links":{"self":[{"href":"https:\/\/blogdoeloiltoncajuhy.com.br\/site\/wp-json\/wp\/v2\/posts\/78711","targetHints":{"allow":["GET"]}}],"collection":[{"href":"https:\/\/blogdoeloiltoncajuhy.com.br\/site\/wp-json\/wp\/v2\/posts"}],"about":[{"href":"https:\/\/blogdoeloiltoncajuhy.com.br\/site\/wp-json\/wp\/v2\/types\/post"}],"author":[{"embeddable":true,"href":"https:\/\/blogdoeloiltoncajuhy.com.br\/site\/wp-json\/wp\/v2\/users\/2"}],"replies":[{"embeddable":true,"href":"https:\/\/blogdoeloiltoncajuhy.com.br\/site\/wp-json\/wp\/v2\/comments?post=78711"}],"version-history":[{"count":2,"href":"https:\/\/blogdoeloiltoncajuhy.com.br\/site\/wp-json\/wp\/v2\/posts\/78711\/revisions"}],"predecessor-version":[{"id":78715,"href":"https:\/\/blogdoeloiltoncajuhy.com.br\/site\/wp-json\/wp\/v2\/posts\/78711\/revisions\/78715"}],"wp:featuredmedia":[{"embeddable":true,"href":"https:\/\/blogdoeloiltoncajuhy.com.br\/site\/wp-json\/wp\/v2\/media\/74703"}],"wp:attachment":[{"href":"https:\/\/blogdoeloiltoncajuhy.com.br\/site\/wp-json\/wp\/v2\/media?parent=78711"}],"wp:term":[{"taxonomy":"category","embeddable":true,"href":"https:\/\/blogdoeloiltoncajuhy.com.br\/site\/wp-json\/wp\/v2\/categories?post=78711"},{"taxonomy":"post_tag","embeddable":true,"href":"https:\/\/blogdoeloiltoncajuhy.com.br\/site\/wp-json\/wp\/v2\/tags?post=78711"}],"curies":[{"name":"wp","href":"https:\/\/api.w.org\/{rel}","templated":true}]}}