{"id":78694,"date":"2024-01-16T20:56:38","date_gmt":"2024-01-16T23:56:38","guid":{"rendered":"https:\/\/blogdoeloiltoncajuhy.com.br\/site\/?p=78694"},"modified":"2024-01-16T20:58:00","modified_gmt":"2024-01-16T23:58:00","slug":"secretaria-de-educacao-de-andorinha-se-sente-perseguida-com-fake-news-e-divulga-nota","status":"publish","type":"post","link":"https:\/\/blogdoeloiltoncajuhy.com.br\/site\/secretaria-de-educacao-de-andorinha-se-sente-perseguida-com-fake-news-e-divulga-nota\/","title":{"rendered":"Secret\u00e1ria de Educa\u00e7\u00e3o de Andorinha se sente perseguida com fake news e divulga nota"},"content":{"rendered":"\n<p><strong>Blog do Eloilton Cajuhy<\/strong><\/p>\n\n\n\n<figure class=\"wp-block-image aligncenter size-full is-resized\"><a href=\"https:\/\/i0.wp.com\/blogdoeloiltoncajuhy.com.br\/site\/wp-content\/uploads\/2024\/01\/Lurdineia-160124.jpg?ssl=1\"><img data-recalc-dims=\"1\" fetchpriority=\"high\" decoding=\"async\" width=\"800\" height=\"455\" src=\"https:\/\/i0.wp.com\/blogdoeloiltoncajuhy.com.br\/site\/wp-content\/uploads\/2024\/01\/Lurdineia-160124.jpg?resize=800%2C455&#038;ssl=1\" alt=\"\" class=\"wp-image-78695\" style=\"width:726px;height:auto\" srcset=\"https:\/\/i0.wp.com\/blogdoeloiltoncajuhy.com.br\/site\/wp-content\/uploads\/2024\/01\/Lurdineia-160124.jpg?w=828&amp;ssl=1 828w, https:\/\/i0.wp.com\/blogdoeloiltoncajuhy.com.br\/site\/wp-content\/uploads\/2024\/01\/Lurdineia-160124.jpg?resize=300%2C171&amp;ssl=1 300w, https:\/\/i0.wp.com\/blogdoeloiltoncajuhy.com.br\/site\/wp-content\/uploads\/2024\/01\/Lurdineia-160124.jpg?resize=768%2C437&amp;ssl=1 768w\" sizes=\"(max-width: 800px) 100vw, 800px\" \/><\/a><figcaption class=\"wp-element-caption\"><sub>Lurdineia Guimar\u00e3es, secret\u00e1ria de Educa\u00e7\u00e3o de Andorinha &#8211; Foto: Arquivo pessoal<\/sub><\/figcaption><\/figure>\n\n\n\n<p>A secret\u00e1ria de Educa\u00e7\u00e3o de Andorinha, Lurdineia Guimar\u00e3es, divulgou nota em suas redes sociais nesta ter\u00e7a-feira (16), para rebater informa\u00e7\u00f5es que ela as classifica como fake news, a cerca da utiliza\u00e7\u00e3o de ve\u00edculos oficiais da sua pasta. Ao relatar uma s\u00e9rie de a\u00e7\u00f5es que marcam a sua trajet\u00f3ria politica no munic\u00edpio, Lurdineia afirma que &#8220;o uso que tenho feito de bens p\u00fablicos \u00e9 sempre em prol de a\u00e7\u00f5es p\u00fablicas&#8221;.<\/p>\n\n\n\n<p>Lurdineia Guimar\u00e3es afirma que ao longo dos anos realizou diversas a\u00e7\u00f5es que impactaram de forma positiva a vida da popula\u00e7\u00e3o de Andorinha, ao retrucar questionamentos sobre seu trabalho pol\u00edtico.<\/p>\n\n\n\n<p>Por fim, rebate as acusa\u00e7\u00f5es destacando haver ind\u00edcios de motiva\u00e7\u00f5es pol\u00edticas para tais atitudes, e reafirma compromisso de continuar sua luta em prol de realiza\u00e7\u00f5es que fortale\u00e7am Andorinha enquanto munic\u00edpio.<\/p>\n\n\n\n<p class=\"has-black-color has-text-color has-link-color has-medium-font-size wp-elements-dd1785569e1bd1de14a8394e12e4c2cc\"><strong>Confira na \u00edntegra a nota da secret\u00e1ria Lurdineia Guimar\u00e3es:<\/strong><\/p>\n\n\n\n<p><em>Prezados cidad\u00e3os de Andorinha<\/em><\/p>\n\n\n\n<p><em>Dirijo-me a voc\u00eas com o intuito de esclarecer as recentes acusa\u00e7\u00f5es e not\u00edcias veiculadas pelo blog Andorinha News em rela\u00e7\u00e3o \u00e0 minha pessoa e \u00e0 gest\u00e3o que lidero na Secretaria de Educa\u00e7\u00e3o deste munic\u00edpio.<\/em><\/p>\n\n\n\n<p><em>Todos conhecem minha trajet\u00f3ria pessoal e profissional e sabem que meu trabalho em prol da sociedade andorinhense \u00e9 marcado pelo compromisso, respeito e zelo pelo desenvolvimento de Andorinha. O uso que tenho feito de bens p\u00fablicos \u00e9 sempre em prol de a\u00e7\u00f5es p\u00fablicas ligadas \u00e0 educa\u00e7\u00e3o, cultura e desporto, de crian\u00e7as, adolescentes e adultos de nossa cidade.<\/em><\/p>\n\n\n\n<p><em>Enquanto vereadora, contribu\u00ed ativamente para a aprova\u00e7\u00e3o do projeto de lei que regulamenta os cargos e sal\u00e1rios na educa\u00e7\u00e3o, al\u00e9m de liderar iniciativas que levaram \u00e1gua a comunidades rurais essenciais para o nosso munic\u00edpio, como as fazendas Morros, S\u00edtio do Domingo, Careta e Salgado, principalmente a extens\u00e3o de rede de \u00e1gua para a localidade de Melancia que, beneficiou centenas de fam\u00edlias, promovendo uma mudan\u00e7a significativa na qualidade de vida dessas comunidades.<\/em><\/p>\n\n\n\n<p><em>Al\u00e9m disso, ao longo dos anos, realizamos diversas a\u00e7\u00f5es que impactaram positivamente a vida de muitos andorinhenses. Destaco a instala\u00e7\u00e3o de mais de 200 cisternas, beneficiando diversas fam\u00edlias nas fazendas Travessa de Pedra, Tigre, Queimada de Cima, Coxo e adjac\u00eancias. Essas a\u00e7\u00f5es visaram garantir o acesso \u00e0 \u00e1gua pot\u00e1vel, proporcionando melhorias significativas no cotidiano das comunidades.<\/em><\/p>\n\n\n\n<p><em>Em 2009, busquei, juntamente com colegas vereadores do grupo, incorporar Andorinha no projeto de abastecimento da Barragem de Ponto Novo, demonstrando nosso compromisso com a seguran\u00e7a h\u00eddrica e o desenvolvimento sustent\u00e1vel do munic\u00edpio.<\/em><\/p>\n\n\n\n<p><em>Tamb\u00e9m, com o apoio de deputados, empreendemos esfor\u00e7os para a extens\u00e3o da rede el\u00e9trica em diversas localidades, proporcionando melhorias na qualidade de vida e estimulando o desenvolvimento econ\u00f4mico.<\/em><\/p>\n\n\n\n<p><em>J\u00e1 \u00e0 frente da Secretaria de Educa\u00e7\u00e3o, trabalho incansavelmente para promover uma gest\u00e3o transparente e eficiente. Os resultados positivos das a\u00e7\u00f5es de minha gest\u00e3o, como o crescimento no n\u00famero de alfabetizados e o retorno expressivo de pessoas \u00e0s salas de aula, s\u00e3o fruto de muito esfor\u00e7o e de uma administra\u00e7\u00e3o coletiva e comprometida com o avan\u00e7o educacional de Andorinha.<\/em><\/p>\n\n\n\n<p><em>As acusa\u00e7\u00f5es do Blog Andorinha News parecem estar enraizadas em motiva\u00e7\u00f5es pol\u00edticas question\u00e1veis. Pe\u00e7o a cada cidad\u00e3o que questione a veracidade das not\u00edcias veiculadas por esse site e por suas p\u00e1ginas nas redes sociais e busquem fontes confi\u00e1veis para formar uma opini\u00e3o fundamentada.<\/em><\/p>\n\n\n\n<p><em>A democracia prospera quando a popula\u00e7\u00e3o \u00e9 informada de maneira precisa e transparente. Continuaremos nosso trabalho dedicado \u00e0 educa\u00e7\u00e3o de Andorinha, conscientes de que a verdade prevalecer\u00e1 sobre tentativas infundadas de difama\u00e7\u00e3o.<\/em><\/p>\n\n\n\n<p><em>Agrade\u00e7o a confian\u00e7a e o apoio cont\u00ednuo da comunidade.<\/em><\/p>\n\n\n\n<p><em>Atenciosamente,<\/em><\/p>\n\n\n\n<p><em>Lurdineia Guimar\u00e3es<\/em><br><em>Secret\u00e1ria de Educa\u00e7\u00e3o de Andorinha<\/em><\/p>\n","protected":false},"excerpt":{"rendered":"<p>Blog do Eloilton Cajuhy A secret\u00e1ria de Educa\u00e7\u00e3o de Andorinha, Lurdineia Guimar\u00e3es, divulgou nota em suas redes sociais nesta ter\u00e7a-feira (16), para rebater informa\u00e7\u00f5es que ela as classifica como fake news, a cerca da utiliza\u00e7\u00e3o de ve\u00edculos oficiais da sua pasta. Ao relatar uma s\u00e9rie de a\u00e7\u00f5es que marcam a sua trajet\u00f3ria politica no munic\u00edpio, [&hellip;]<\/p>\n","protected":false},"author":2,"featured_media":78695,"comment_status":"open","ping_status":"open","sticky":false,"template":"","format":"standard","meta":{"_acf_changed":false,"_monsterinsights_skip_tracking":false,"_monsterinsights_sitenote_active":false,"_monsterinsights_sitenote_note":"","_monsterinsights_sitenote_category":0,"_jetpack_memberships_contains_paid_content":false,"footnotes":"","jetpack_publicize_message":"","jetpack_publicize_feature_enabled":true,"jetpack_social_post_already_shared":true,"jetpack_social_options":{"image_generator_settings":{"template":"highway","default_image_id":0,"font":"","enabled":false},"version":2}},"categories":[11],"tags":[],"class_list":["post-78694","post","type-post","status-publish","format-standard","has-post-thumbnail","hentry","category-regional"],"acf":[],"jetpack_publicize_connections":[],"jetpack_featured_media_url":"https:\/\/i0.wp.com\/blogdoeloiltoncajuhy.com.br\/site\/wp-content\/uploads\/2024\/01\/Lurdineia-160124.jpg?fit=828%2C471&ssl=1","jetpack_sharing_enabled":true,"publishpress_future_workflow_manual_trigger":{"enabledWorkflows":[]},"_links":{"self":[{"href":"https:\/\/blogdoeloiltoncajuhy.com.br\/site\/wp-json\/wp\/v2\/posts\/78694","targetHints":{"allow":["GET"]}}],"collection":[{"href":"https:\/\/blogdoeloiltoncajuhy.com.br\/site\/wp-json\/wp\/v2\/posts"}],"about":[{"href":"https:\/\/blogdoeloiltoncajuhy.com.br\/site\/wp-json\/wp\/v2\/types\/post"}],"author":[{"embeddable":true,"href":"https:\/\/blogdoeloiltoncajuhy.com.br\/site\/wp-json\/wp\/v2\/users\/2"}],"replies":[{"embeddable":true,"href":"https:\/\/blogdoeloiltoncajuhy.com.br\/site\/wp-json\/wp\/v2\/comments?post=78694"}],"version-history":[{"count":2,"href":"https:\/\/blogdoeloiltoncajuhy.com.br\/site\/wp-json\/wp\/v2\/posts\/78694\/revisions"}],"predecessor-version":[{"id":78697,"href":"https:\/\/blogdoeloiltoncajuhy.com.br\/site\/wp-json\/wp\/v2\/posts\/78694\/revisions\/78697"}],"wp:featuredmedia":[{"embeddable":true,"href":"https:\/\/blogdoeloiltoncajuhy.com.br\/site\/wp-json\/wp\/v2\/media\/78695"}],"wp:attachment":[{"href":"https:\/\/blogdoeloiltoncajuhy.com.br\/site\/wp-json\/wp\/v2\/media?parent=78694"}],"wp:term":[{"taxonomy":"category","embeddable":true,"href":"https:\/\/blogdoeloiltoncajuhy.com.br\/site\/wp-json\/wp\/v2\/categories?post=78694"},{"taxonomy":"post_tag","embeddable":true,"href":"https:\/\/blogdoeloiltoncajuhy.com.br\/site\/wp-json\/wp\/v2\/tags?post=78694"}],"curies":[{"name":"wp","href":"https:\/\/api.w.org\/{rel}","templated":true}]}}