{"id":78657,"date":"2024-01-12T18:32:06","date_gmt":"2024-01-12T21:32:06","guid":{"rendered":"https:\/\/blogdoeloiltoncajuhy.com.br\/site\/?p=78657"},"modified":"2024-01-14T23:39:25","modified_gmt":"2024-01-15T02:39:25","slug":"25-milhoes-de-comprimidos-contra-a-covid-19-ja-foram-distribuidos-na-rede-publica-de-saude-no-brasil","status":"publish","type":"post","link":"https:\/\/blogdoeloiltoncajuhy.com.br\/site\/25-milhoes-de-comprimidos-contra-a-covid-19-ja-foram-distribuidos-na-rede-publica-de-saude-no-brasil\/","title":{"rendered":"2,5 milh\u00f5es de comprimidos contra a  Covid-19 j\u00e1 foram distribu\u00eddos na rede p\u00fablica de sa\u00fade no Brasil"},"content":{"rendered":"\n<p class=\"has-medium-font-size\"><strong>A entrega dos medicamentos para o SUS \u00e9 importante, mas outras medidas precisam ser adotadas, segundo especialista.<\/strong><\/p>\n\n\n\n<p><strong>Por Brasil 61<\/strong><\/p>\n\n\n\n<figure class=\"wp-block-image aligncenter size-full is-resized\"><a href=\"https:\/\/i0.wp.com\/blogdoeloiltoncajuhy.com.br\/site\/wp-content\/uploads\/2024\/01\/b6ddb1640e40bdd68db56d48e7164c4813c0819bad11420b1fe7db253f4a5ce3.jpeg?ssl=1\"><img data-recalc-dims=\"1\" fetchpriority=\"high\" decoding=\"async\" width=\"500\" height=\"320\" src=\"https:\/\/i0.wp.com\/blogdoeloiltoncajuhy.com.br\/site\/wp-content\/uploads\/2024\/01\/b6ddb1640e40bdd68db56d48e7164c4813c0819bad11420b1fe7db253f4a5ce3.jpeg?resize=500%2C320&#038;ssl=1\" alt=\"\" class=\"wp-image-78658\" style=\"width:627px;height:auto\" srcset=\"https:\/\/i0.wp.com\/blogdoeloiltoncajuhy.com.br\/site\/wp-content\/uploads\/2024\/01\/b6ddb1640e40bdd68db56d48e7164c4813c0819bad11420b1fe7db253f4a5ce3.jpeg?w=500&amp;ssl=1 500w, https:\/\/i0.wp.com\/blogdoeloiltoncajuhy.com.br\/site\/wp-content\/uploads\/2024\/01\/b6ddb1640e40bdd68db56d48e7164c4813c0819bad11420b1fe7db253f4a5ce3.jpeg?resize=300%2C192&amp;ssl=1 300w\" sizes=\"(max-width: 500px) 100vw, 500px\" \/><\/a><figcaption class=\"wp-element-caption\"><sub>Foto: Arquivo Ag\u00eancia Brasil<\/sub><\/figcaption><\/figure>\n\n\n\n<p>O medicamento Paxilovid, utilizado para tratamento da Covid-19, j\u00e1 teve a distribui\u00e7\u00e3o de 2,5 milh\u00f5es de comprimidos no Sistema \u00danico de Sa\u00fade (SUS). Ele \u00e9 composto pelo antiviral nirmatrelvir e ritonavir, que s\u00e3o embalados e administrados juntos.<\/p>\n\n\n\n<p>At\u00e9 o momento, o Brasil alcan\u00e7ou a marca de 210.147.125 casos de Covid-19 desde o in\u00edcio da pandemia. S\u00f3 na semana epidemiol\u00f3gica 53 \u2014 entre 27 de dezembro de 2023 e 02 de janeiro de 2024 \u2014 foram 40.432 notifica\u00e7\u00f5es.<\/p>\n\n\n\n<p>Mesmo com um n\u00famero reduzido da doen\u00e7a, se comparado com os n\u00fameros no in\u00edcio da pandemia, o m\u00e9dico infectologista Julival Ribeiro ainda demonstra preocupa\u00e7\u00e3o. Para o especialista, o governo poderia fazer mais como tentativa de controlar as contamina\u00e7\u00f5es que ainda ocorrem no pa\u00eds.<\/p>\n\n\n\n<p>\u201cO governo tem que fazer \u00e9 o monitoramento de como est\u00e3o essas variantes circulando no Brasil, como por exemplo a gente j\u00e1 sabe que tem outras variantes nos Estados Unidos, aqui tamb\u00e9m, e n\u00f3s temos que saber como \u00e9 que est\u00e1 se disseminando ou se espalhando essas variantes aqui no Brasil e fazer a parte educativa que \u00e9 fundamental para a popula\u00e7\u00e3o\u201d, avalia.<\/p>\n\n\n\n<p>Segundo o Minist\u00e9rio da Sa\u00fade, todos os estados brasileiros est\u00e3o sendo abastecidos com o medicamento. Mas \u00e9 preciso lembrar que existem indica\u00e7\u00f5es para a utiliza\u00e7\u00e3o do rem\u00e9dio, conforme explica o infectologista Julival Barbosa.<\/p>\n\n\n\n<p>\u201c\u00c9 para o tratamento da Covid-19 em adultos que n\u00e3o requerem oxig\u00eanio suplementar e que apresentam um risco aumentado de agravamento da doen\u00e7a como pessoas n\u00e3o vacinadas, idosos ou imuno suprimidos\u201d, destaca.<\/p>\n\n\n\n<p>Para a consultora de tr\u00e1fego Juliana Pinna, de 29 anos, moradora do Rio de Janeiro, a possibilidade de tratamento e de medidas que consigam controlar ou, at\u00e9 mesmo evitar a doen\u00e7a, s\u00e3o fundamentais. Ela conta que teve covid-19 e que passou por s\u00e9rios problemas at\u00e9 conseguir se recuperar.<\/p>\n\n\n\n<p>\u201cEu tive Covid tr\u00eas vezes, a primeira vez meus sintomas foram bem mais graves. Eu tive bastante falta de ar, minha oxigena\u00e7\u00e3o chegou a 89, eu tive que ir at\u00e9 o hospital por conta da oxigena\u00e7\u00e3o, mas n\u00e3o tive meus pulm\u00f5es comprometidos pela doen\u00e7a.\u201d<\/p>\n\n\n\n<p class=\"has-black-color has-text-color has-link-color has-medium-font-size wp-elements-3ab1a8d928b1a4c085a5d573261706c2\"><strong>Medicamento aprovado pela Anvisa<\/strong><\/p>\n\n\n\n<p>O medicamento teve seu registro definitivo no Brasil aprovado recentemente pela Ag\u00eancia Nacional de Vigil\u00e2ncia Sanit\u00e1ria (Anvisa). De acordo com o Minist\u00e9rio da Sa\u00fade, o antiviral demonstrou em estudos cl\u00ednicos que, em compara\u00e7\u00e3o ao placebo, foi capaz de reduzir em at\u00e9 89% a possibilidade de hospitaliza\u00e7\u00e3o ou morte em pacientes do grupo eleg\u00edvel. Ele \u00e9 recomendado para pessoas com covid-19 que possuem maior risco de progress\u00e3o para a forma mais severa da doen\u00e7a.<\/p>\n\n\n\n<p>Mesmo com aprova\u00e7\u00e3o da Anvisa, o infectologista ressalta que o uso n\u00e3o deve ser feito sem controle. \u201cPara voc\u00ea usar o Paxlovid, esse antiviral anti-covid, voc\u00ea precisa ter um teste positivo para a covid-19. S\u00f3 assim \u00e9 recomendado o uso do antiviral\u201d, alerta.<\/p>\n\n\n\n<p>De acordo com a pasta, o medicamento \u00e9 direcionado para os pacientes imunocomprometidos com idade a partir de 18 anos (segundo os crit\u00e9rios utilizados para prioriza\u00e7\u00e3o da vacina\u00e7\u00e3o para covid-19) e pessoas maiores de 65 anos.<\/p>\n\n\n\n<p>O m\u00e9dico infectologista Julival Ribeiro refor\u00e7a. \u201cA vacina continua sendo a melhor estrat\u00e9gia para se prevenir \u00e0 Covid-19. E vale salientar que o Paxlovid, que \u00e9 esse antiviral que pode ser encontrado nos hospitais do SUS, na rede SUS e na rede privada s\u00f3 deve ser usado naqueles casos indicados e que a pessoa tiver realmente um teste positivo para a Covid\u201d.<\/p>\n\n\n\n<p>O especialista alerta que para fazer uso do Paxlovid ele deve estar dentro do grupo de risco que pode desenvolver a Covid grave. De acordo com o Minist\u00e9rio da Sa\u00fade, as unidades federativas ser\u00e3o respons\u00e1veis pela distribui\u00e7\u00e3o do rem\u00e9dio aos munic\u00edpios, bem como a defini\u00e7\u00e3o de quais servi\u00e7os ele ficar\u00e1 dispon\u00edvel.<\/p>\n","protected":false},"excerpt":{"rendered":"<p>A entrega dos medicamentos para o SUS \u00e9 importante, mas outras medidas precisam ser adotadas, segundo especialista. Por Brasil 61 O medicamento Paxilovid, utilizado para tratamento da Covid-19, j\u00e1 teve a distribui\u00e7\u00e3o de 2,5 milh\u00f5es de comprimidos no Sistema \u00danico de Sa\u00fade (SUS). Ele \u00e9 composto pelo antiviral nirmatrelvir e ritonavir, que s\u00e3o embalados e [&hellip;]<\/p>\n","protected":false},"author":2,"featured_media":78658,"comment_status":"open","ping_status":"open","sticky":false,"template":"","format":"standard","meta":{"_acf_changed":false,"_monsterinsights_skip_tracking":false,"_monsterinsights_sitenote_active":false,"_monsterinsights_sitenote_note":"","_monsterinsights_sitenote_category":0,"_jetpack_memberships_contains_paid_content":false,"footnotes":"","jetpack_publicize_message":"","jetpack_publicize_feature_enabled":true,"jetpack_social_post_already_shared":true,"jetpack_social_options":{"image_generator_settings":{"template":"highway","default_image_id":0,"font":"","enabled":false},"version":2}},"categories":[7],"tags":[],"class_list":["post-78657","post","type-post","status-publish","format-standard","has-post-thumbnail","hentry","category-saude"],"acf":[],"jetpack_publicize_connections":[],"jetpack_featured_media_url":"https:\/\/i0.wp.com\/blogdoeloiltoncajuhy.com.br\/site\/wp-content\/uploads\/2024\/01\/b6ddb1640e40bdd68db56d48e7164c4813c0819bad11420b1fe7db253f4a5ce3.jpeg?fit=500%2C320&ssl=1","jetpack_sharing_enabled":true,"publishpress_future_workflow_manual_trigger":{"enabledWorkflows":[]},"_links":{"self":[{"href":"https:\/\/blogdoeloiltoncajuhy.com.br\/site\/wp-json\/wp\/v2\/posts\/78657","targetHints":{"allow":["GET"]}}],"collection":[{"href":"https:\/\/blogdoeloiltoncajuhy.com.br\/site\/wp-json\/wp\/v2\/posts"}],"about":[{"href":"https:\/\/blogdoeloiltoncajuhy.com.br\/site\/wp-json\/wp\/v2\/types\/post"}],"author":[{"embeddable":true,"href":"https:\/\/blogdoeloiltoncajuhy.com.br\/site\/wp-json\/wp\/v2\/users\/2"}],"replies":[{"embeddable":true,"href":"https:\/\/blogdoeloiltoncajuhy.com.br\/site\/wp-json\/wp\/v2\/comments?post=78657"}],"version-history":[{"count":2,"href":"https:\/\/blogdoeloiltoncajuhy.com.br\/site\/wp-json\/wp\/v2\/posts\/78657\/revisions"}],"predecessor-version":[{"id":78671,"href":"https:\/\/blogdoeloiltoncajuhy.com.br\/site\/wp-json\/wp\/v2\/posts\/78657\/revisions\/78671"}],"wp:featuredmedia":[{"embeddable":true,"href":"https:\/\/blogdoeloiltoncajuhy.com.br\/site\/wp-json\/wp\/v2\/media\/78658"}],"wp:attachment":[{"href":"https:\/\/blogdoeloiltoncajuhy.com.br\/site\/wp-json\/wp\/v2\/media?parent=78657"}],"wp:term":[{"taxonomy":"category","embeddable":true,"href":"https:\/\/blogdoeloiltoncajuhy.com.br\/site\/wp-json\/wp\/v2\/categories?post=78657"},{"taxonomy":"post_tag","embeddable":true,"href":"https:\/\/blogdoeloiltoncajuhy.com.br\/site\/wp-json\/wp\/v2\/tags?post=78657"}],"curies":[{"name":"wp","href":"https:\/\/api.w.org\/{rel}","templated":true}]}}