{"id":78639,"date":"2024-01-11T09:06:31","date_gmt":"2024-01-11T12:06:31","guid":{"rendered":"https:\/\/blogdoeloiltoncajuhy.com.br\/site\/?p=78639"},"modified":"2024-01-11T09:06:34","modified_gmt":"2024-01-11T12:06:34","slug":"nova-carteira-de-identidade-prazo-para-que-estados-comecem-a-emitir-documento-termina-nesta-quinta-feira-11","status":"publish","type":"post","link":"https:\/\/blogdoeloiltoncajuhy.com.br\/site\/nova-carteira-de-identidade-prazo-para-que-estados-comecem-a-emitir-documento-termina-nesta-quinta-feira-11\/","title":{"rendered":"Nova carteira de identidade: prazo para que estados comecem a emitir documento termina nesta quinta-feira (11)"},"content":{"rendered":"\n<p class=\"has-medium-font-size\"><strong>Prazo divulgado pelo governo terminava inicialmente em 6 de dezembro, mas houve amplia\u00e7\u00e3o ap\u00f3s pedido dos estados. Documento unifica registro geral em todas unidades da federa\u00e7\u00e3o por meio do CPF.<\/strong><\/p>\n\n\n\n<p><strong>Por Gioconda Brasil, TV Globo<\/strong><\/p>\n\n\n\n<figure class=\"wp-block-image aligncenter size-full is-resized\"><a href=\"https:\/\/i0.wp.com\/blogdoeloiltoncajuhy.com.br\/site\/wp-content\/uploads\/2024\/01\/Modelo-da-nova-carteira-nacional-de-identidade-%E2%80%94-Foto-Itep-Divulgacao.png?ssl=1\"><img data-recalc-dims=\"1\" fetchpriority=\"high\" decoding=\"async\" width=\"800\" height=\"569\" src=\"https:\/\/i0.wp.com\/blogdoeloiltoncajuhy.com.br\/site\/wp-content\/uploads\/2024\/01\/Modelo-da-nova-carteira-nacional-de-identidade-%E2%80%94-Foto-Itep-Divulgacao.png?resize=800%2C569&#038;ssl=1\" alt=\"\" class=\"wp-image-78640\" style=\"width:575px;height:auto\" srcset=\"https:\/\/i0.wp.com\/blogdoeloiltoncajuhy.com.br\/site\/wp-content\/uploads\/2024\/01\/Modelo-da-nova-carteira-nacional-de-identidade-%E2%80%94-Foto-Itep-Divulgacao.png?w=819&amp;ssl=1 819w, https:\/\/i0.wp.com\/blogdoeloiltoncajuhy.com.br\/site\/wp-content\/uploads\/2024\/01\/Modelo-da-nova-carteira-nacional-de-identidade-%E2%80%94-Foto-Itep-Divulgacao.png?resize=300%2C214&amp;ssl=1 300w, https:\/\/i0.wp.com\/blogdoeloiltoncajuhy.com.br\/site\/wp-content\/uploads\/2024\/01\/Modelo-da-nova-carteira-nacional-de-identidade-%E2%80%94-Foto-Itep-Divulgacao.png?resize=768%2C547&amp;ssl=1 768w\" sizes=\"(max-width: 800px) 100vw, 800px\" \/><\/a><figcaption class=\"wp-element-caption\"><sub>Modelo da nova carteira nacional de identidade \u2014 Foto: Itep\/Divulga\u00e7\u00e3o<\/sub><\/figcaption><\/figure>\n\n\n\n<p>O prazo para que os estados comecem a emitir a nova Carteira de Identidade Nacional (CIN) termina nesta quinta-feira (11), informou o Minist\u00e9rio da Gest\u00e3o e da Inova\u00e7\u00e3o em Servi\u00e7os P\u00fablicos. Segundo a pasta, o prazo coincide com o limite definido pela Lei n\u00ba 14.534\/23, que determina o Cadastro de Pessoas F\u00edsicas (CPF) como o n\u00famero do registro geral da carteira de identidade.<\/p>\n\n\n\n<p>Anteriormente, o prazo divulgado pelo governo era 6 de dezembro, mas, a pedido dos estados, houve essa amplia\u00e7\u00e3o.<\/p>\n\n\n\n<p>O documento unifica o registro geral (RG) em todas as unidades da federa\u00e7\u00e3o por meio do Cadastro de Pessoas F\u00edsicas, o que possibilita &#8220;melhorar os cadastros administrativos, fortalecer as verifica\u00e7\u00f5es das For\u00e7as de Seguran\u00e7a P\u00fablica e mitigar os problemas de fraudes no Brasil&#8221;.<\/p>\n\n\n\n<p>Segundo o Minist\u00e9rio da Gest\u00e3o e da Inova\u00e7\u00e3o em Servi\u00e7os P\u00fablicos, at\u00e9 28 de novembro de 2023, 13 unidades da federa\u00e7\u00e3o j\u00e1 haviam come\u00e7ado a emitir o novo documento:<\/p>\n\n\n\n<ol class=\"wp-block-list\">\n<li>Acre<\/li>\n\n\n\n<li>Alagoas<\/li>\n\n\n\n<li>Amazonas<\/li>\n\n\n\n<li>Distrito Federal<\/li>\n\n\n\n<li><a class=\"\" href=\"https:\/\/g1.globo.com\/go\/goias\/cidade\/goias\/\">Goi\u00e1s<\/a><\/li>\n\n\n\n<li>Mato Grosso<\/li>\n\n\n\n<li>Minas Gerais<\/li>\n\n\n\n<li>Pernambuco<\/li>\n\n\n\n<li>Piau\u00ed<\/li>\n\n\n\n<li>Paran\u00e1<\/li>\n\n\n\n<li><a class=\"\" href=\"https:\/\/g1.globo.com\/rj\/rio-de-janeiro\/cidade\/rio-de-janeiro\/\">Rio de Janeiro<\/a><\/li>\n\n\n\n<li>Rio Grande do Sul<\/li>\n\n\n\n<li>Santa Catarina<\/li>\n<\/ol>\n\n\n\n<p><\/p>\n\n\n\n<p>O <strong>g1<\/strong> questionou a pasta se outra unidade da federa\u00e7\u00e3o come\u00e7ou a emiss\u00e3o ap\u00f3s a data, mas n\u00e3o obteve retorno at\u00e9 a \u00faltima atualiza\u00e7\u00e3o desta reportagem.<\/p>\n\n\n\n<p class=\"has-black-color has-text-color has-link-color has-medium-font-size wp-elements-290fbfab1714d6ba5aa9b36040c6474c\"><strong>Veja perguntas e respostas sobre o novo documento<\/strong><\/p>\n\n\n\n<ul class=\"wp-block-list\">\n<li><strong>O que muda com a nova identidade?<\/strong><\/li>\n<\/ul>\n\n\n\n<p>A Carteira de Identidade Nacional segue o disposto na Lei n\u00ba 14.534\/2023, sancionada pelo presidente Lula, que determina o CPF como n\u00famero \u00fanico e suficiente para identifica\u00e7\u00e3o do cidad\u00e3o nos bancos de dados de servi\u00e7os p\u00fablicos.<\/p>\n\n\n\n<p>Antes, cada cidad\u00e3o poderia ter at\u00e9 27 RGs diferentes, um por unidade da federa\u00e7\u00e3o. Com a implementa\u00e7\u00e3o da nova identidade, o brasileiro passa a adotar apenas o CPF como n\u00famero identificador.<\/p>\n\n\n\n<ul class=\"wp-block-list\">\n<li><strong>Qual motivo da unifica\u00e7\u00e3o entre RG e CPF?<\/strong><\/li>\n<\/ul>\n\n\n\n<p>Com a nova identidade, a probabilidade de fraudes \u00e9 menor, visto que antes era poss\u00edvel que a mesma pessoa tivesse um n\u00famero de RG por estado, al\u00e9m do CPF. Com a CIN, o cidad\u00e3o passa a ter um n\u00famero de identifica\u00e7\u00e3o apenas.<\/p>\n\n\n\n<p>A nova carteira apresenta ainda um QR Code, que permite verificar a autenticidade do documento, bem como saber se foi furtado ou extraviado, por meio de qualquer smartphone. Conta ainda com um c\u00f3digo de padr\u00e3o internacional chamado MRZ, o mesmo utilizado em passaportes.<\/p>\n\n\n\n<ul class=\"wp-block-list\">\n<li><strong>O que deve acontecer com o RG?<\/strong><\/li>\n<\/ul>\n\n\n\n<p>O RG, segundo o governo, deve cair gradualmente em desuso nos cadastros.<\/p>\n\n\n\n<ul class=\"wp-block-list\">\n<li><strong>Onde o novo documento \u00e9 emitido?<\/strong><\/li>\n<\/ul>\n\n\n\n<p>Para a emiss\u00e3o, a popula\u00e7\u00e3o deve procurar a Secretaria de Seguran\u00e7a P\u00fablica do estado onde deseja ser atendido.<\/p>\n\n\n\n<ul class=\"wp-block-list\">\n<li><strong>Quais documentos s\u00e3o exigidos para a expedi\u00e7\u00e3o do novo RG?<\/strong><\/li>\n<\/ul>\n\n\n\n<p>Para obter a nova identidade, o requerente dever\u00e1 apresentar a certid\u00e3o de nascimento ou de casamento em formato f\u00edsico ou digital. O documento ser\u00e1 expedido em papel de seguran\u00e7a ou em cart\u00e3o de policarbonato (pl\u00e1stico), al\u00e9m do formato digital.<\/p>\n\n\n\n<ul class=\"wp-block-list\">\n<li><strong>Quanto custa a nova identidade?<\/strong><\/li>\n<\/ul>\n\n\n\n<p>A primeira via da CIN e as renova\u00e7\u00f5es, em papel e em formato digital pelo aplicativo GOV.BR, s\u00e3o gratuitas, de acordo com a Lei 7.116\/83. A segunda via, por\u00e9m, \u00e9 paga e a taxa varia de estado para estado.<\/p>\n\n\n\n<p>Al\u00e9m disso, se o cidad\u00e3o desejar a op\u00e7\u00e3o em policarbonato (pl\u00e1stico) haver\u00e1 cobran\u00e7a por parte do estado emissor.<\/p>\n\n\n\n<ul class=\"wp-block-list\">\n<li><strong>A nova CNI \u00e9 obrigat\u00f3ria?<\/strong><\/li>\n<\/ul>\n\n\n\n<p>Sim. A antiga carteira de identidade ainda n\u00e3o perdeu a validade, mas s\u00f3 ser\u00e1 aceita at\u00e9 28 de fevereiro de 2032.<\/p>\n","protected":false},"excerpt":{"rendered":"<p>Prazo divulgado pelo governo terminava inicialmente em 6 de dezembro, mas houve amplia\u00e7\u00e3o ap\u00f3s pedido dos estados. Documento unifica registro geral em todas unidades da federa\u00e7\u00e3o por meio do CPF. Por Gioconda Brasil, TV Globo O prazo para que os estados comecem a emitir a nova Carteira de Identidade Nacional (CIN) termina nesta quinta-feira (11), [&hellip;]<\/p>\n","protected":false},"author":2,"featured_media":78640,"comment_status":"open","ping_status":"open","sticky":false,"template":"","format":"standard","meta":{"_acf_changed":false,"_monsterinsights_skip_tracking":false,"_monsterinsights_sitenote_active":false,"_monsterinsights_sitenote_note":"","_monsterinsights_sitenote_category":0,"_jetpack_memberships_contains_paid_content":false,"footnotes":"","jetpack_publicize_message":"","jetpack_publicize_feature_enabled":true,"jetpack_social_post_already_shared":true,"jetpack_social_options":{"image_generator_settings":{"template":"highway","default_image_id":0,"font":"","enabled":false},"version":2}},"categories":[1],"tags":[],"class_list":["post-78639","post","type-post","status-publish","format-standard","has-post-thumbnail","hentry","category-noticias"],"acf":[],"jetpack_publicize_connections":[],"jetpack_featured_media_url":"https:\/\/i0.wp.com\/blogdoeloiltoncajuhy.com.br\/site\/wp-content\/uploads\/2024\/01\/Modelo-da-nova-carteira-nacional-de-identidade-%E2%80%94-Foto-Itep-Divulgacao.png?fit=819%2C583&ssl=1","jetpack_sharing_enabled":true,"publishpress_future_workflow_manual_trigger":{"enabledWorkflows":[]},"_links":{"self":[{"href":"https:\/\/blogdoeloiltoncajuhy.com.br\/site\/wp-json\/wp\/v2\/posts\/78639","targetHints":{"allow":["GET"]}}],"collection":[{"href":"https:\/\/blogdoeloiltoncajuhy.com.br\/site\/wp-json\/wp\/v2\/posts"}],"about":[{"href":"https:\/\/blogdoeloiltoncajuhy.com.br\/site\/wp-json\/wp\/v2\/types\/post"}],"author":[{"embeddable":true,"href":"https:\/\/blogdoeloiltoncajuhy.com.br\/site\/wp-json\/wp\/v2\/users\/2"}],"replies":[{"embeddable":true,"href":"https:\/\/blogdoeloiltoncajuhy.com.br\/site\/wp-json\/wp\/v2\/comments?post=78639"}],"version-history":[{"count":1,"href":"https:\/\/blogdoeloiltoncajuhy.com.br\/site\/wp-json\/wp\/v2\/posts\/78639\/revisions"}],"predecessor-version":[{"id":78641,"href":"https:\/\/blogdoeloiltoncajuhy.com.br\/site\/wp-json\/wp\/v2\/posts\/78639\/revisions\/78641"}],"wp:featuredmedia":[{"embeddable":true,"href":"https:\/\/blogdoeloiltoncajuhy.com.br\/site\/wp-json\/wp\/v2\/media\/78640"}],"wp:attachment":[{"href":"https:\/\/blogdoeloiltoncajuhy.com.br\/site\/wp-json\/wp\/v2\/media?parent=78639"}],"wp:term":[{"taxonomy":"category","embeddable":true,"href":"https:\/\/blogdoeloiltoncajuhy.com.br\/site\/wp-json\/wp\/v2\/categories?post=78639"},{"taxonomy":"post_tag","embeddable":true,"href":"https:\/\/blogdoeloiltoncajuhy.com.br\/site\/wp-json\/wp\/v2\/tags?post=78639"}],"curies":[{"name":"wp","href":"https:\/\/api.w.org\/{rel}","templated":true}]}}