{"id":78627,"date":"2024-01-10T15:49:40","date_gmt":"2024-01-10T18:49:40","guid":{"rendered":"https:\/\/blogdoeloiltoncajuhy.com.br\/site\/?p=78627"},"modified":"2024-01-10T15:49:42","modified_gmt":"2024-01-10T18:49:42","slug":"menina-de-8-anos-se-queixa-de-dores-de-cabeca-desmaia-e-morre-apos-avc","status":"publish","type":"post","link":"https:\/\/blogdoeloiltoncajuhy.com.br\/site\/menina-de-8-anos-se-queixa-de-dores-de-cabeca-desmaia-e-morre-apos-avc\/","title":{"rendered":"Menina de 8 anos se queixa de dores de cabe\u00e7a, desmaia e morre ap\u00f3s AVC"},"content":{"rendered":"\n<p class=\"has-medium-font-size\"><strong>Maria Julia de Camargo Adriano estava na rede da casa onde morava em Ribeir\u00e3o do Pinhal (PR) quando se queixou de dores na cabe\u00e7a.<\/strong><\/p>\n\n\n\n<p><strong>Por Gabriel Bukalowski, g1 PR<\/strong> \u2014 Maring\u00e1<\/p>\n\n\n\n<figure class=\"wp-block-image aligncenter size-full\"><a href=\"https:\/\/i0.wp.com\/blogdoeloiltoncajuhy.com.br\/site\/wp-content\/uploads\/2024\/01\/Menina-de-8-anos-morre-apos-sofrer-AVC-durante-internamento-em-Londrina-%E2%80%94-Foto-Arquivo-pessoal.png?ssl=1\"><img data-recalc-dims=\"1\" fetchpriority=\"high\" decoding=\"async\" width=\"800\" height=\"457\" src=\"https:\/\/i0.wp.com\/blogdoeloiltoncajuhy.com.br\/site\/wp-content\/uploads\/2024\/01\/Menina-de-8-anos-morre-apos-sofrer-AVC-durante-internamento-em-Londrina-%E2%80%94-Foto-Arquivo-pessoal.png?resize=800%2C457&#038;ssl=1\" alt=\"\" class=\"wp-image-78628\" srcset=\"https:\/\/i0.wp.com\/blogdoeloiltoncajuhy.com.br\/site\/wp-content\/uploads\/2024\/01\/Menina-de-8-anos-morre-apos-sofrer-AVC-durante-internamento-em-Londrina-%E2%80%94-Foto-Arquivo-pessoal.png?w=818&amp;ssl=1 818w, https:\/\/i0.wp.com\/blogdoeloiltoncajuhy.com.br\/site\/wp-content\/uploads\/2024\/01\/Menina-de-8-anos-morre-apos-sofrer-AVC-durante-internamento-em-Londrina-%E2%80%94-Foto-Arquivo-pessoal.png?resize=300%2C171&amp;ssl=1 300w, https:\/\/i0.wp.com\/blogdoeloiltoncajuhy.com.br\/site\/wp-content\/uploads\/2024\/01\/Menina-de-8-anos-morre-apos-sofrer-AVC-durante-internamento-em-Londrina-%E2%80%94-Foto-Arquivo-pessoal.png?resize=768%2C438&amp;ssl=1 768w\" sizes=\"(max-width: 800px) 100vw, 800px\" \/><\/a><figcaption class=\"wp-element-caption\"><sub>Menina de 8 anos morre ap\u00f3s sofrer AVC durante internamento em Londrina \u2014 Foto: Arquivo pessoal<\/sub><\/figcaption><\/figure>\n\n\n\n<p>A paranaense Maria Julia de Camargo Adriano, de 8 anos, morreu ap\u00f3s sofrer um acidente vascular cerebral (AVC). O falecimento chama aten\u00e7\u00e3o uma vez que, segundo a comunidade m\u00e9dica, s\u00e3o raros os casos de AVC em crian\u00e7as.<\/p>\n\n\n\n<p>De acordo com a fam\u00edlia, Maria Julia se queixou de dores de cabe\u00e7a e desmaiou. Ela foi levada ao hospital onde foi constatado sangramento no c\u00e9rebro. Tudo aconteceu no s\u00e1bado (6), e a morte foi confirmada na segunda-feira (8).<\/p>\n\n\n\n<p>De acordo com a tia da menina, Adriana Silva Adriano, a crian\u00e7a estava deitada na rede da casa onde morava com a fam\u00edlia, em Ribeir\u00e3o do Pinhal, a 117 quil\u00f4metros de Londrina, quando reclamou para os pais de dor na cabe\u00e7a.<\/p>\n\n\n\n<p>&#8220;Ela desmaiou e, de imediato, os pais a levaram para o hospital da cidade. Ela foi atendida pelo m\u00e9dico de plant\u00e3o e onde come\u00e7aram com os primeiros atendimentos [\u2026]. Era uma menina dedicada aos estudos e muito inteligente. Amava os animais e tinha sonho de ser veterin\u00e1ria&#8221;, disse.<\/p>\n\n\n\n<p>Conforme Adriana, foi necess\u00e1rio transferi-la para o hospital de Bandeirantes para realizar o exame de tomografia. No laudo m\u00e9dico, foi detectado que havia um sangramento no c\u00e9rebro da crian\u00e7a.<\/p>\n\n\n\n<p>Os profissionais viram a necessidade, ent\u00e3o, de intern\u00e1-la e fazer uma nova transfer\u00eancia para o Hospital Universit\u00e1rio (HU) de Londrina, na Unidade de Terapia Intensiva (UTI).<\/p>\n\n\n\n<p>&#8220;Foi detectado que o quadro dela era grav\u00edssimo e, ent\u00e3o, constatado de fato que era o AVC&#8221;, disse a tia.<\/p>\n\n\n\n<figure class=\"wp-block-image aligncenter size-full is-resized\"><a href=\"https:\/\/i0.wp.com\/blogdoeloiltoncajuhy.com.br\/site\/wp-content\/uploads\/2024\/01\/Maria-Julia-de-Camargo-Adriano-junto-com-a-mae-e-o-pai-dela-%E2%80%94-Foto-Arquivo-pessoal.png?ssl=1\"><img data-recalc-dims=\"1\" decoding=\"async\" width=\"800\" height=\"455\" src=\"https:\/\/i0.wp.com\/blogdoeloiltoncajuhy.com.br\/site\/wp-content\/uploads\/2024\/01\/Maria-Julia-de-Camargo-Adriano-junto-com-a-mae-e-o-pai-dela-%E2%80%94-Foto-Arquivo-pessoal.png?resize=800%2C455&#038;ssl=1\" alt=\"\" class=\"wp-image-78629\" style=\"width:778px;height:auto\" srcset=\"https:\/\/i0.wp.com\/blogdoeloiltoncajuhy.com.br\/site\/wp-content\/uploads\/2024\/01\/Maria-Julia-de-Camargo-Adriano-junto-com-a-mae-e-o-pai-dela-%E2%80%94-Foto-Arquivo-pessoal.png?w=820&amp;ssl=1 820w, https:\/\/i0.wp.com\/blogdoeloiltoncajuhy.com.br\/site\/wp-content\/uploads\/2024\/01\/Maria-Julia-de-Camargo-Adriano-junto-com-a-mae-e-o-pai-dela-%E2%80%94-Foto-Arquivo-pessoal.png?resize=300%2C170&amp;ssl=1 300w, https:\/\/i0.wp.com\/blogdoeloiltoncajuhy.com.br\/site\/wp-content\/uploads\/2024\/01\/Maria-Julia-de-Camargo-Adriano-junto-com-a-mae-e-o-pai-dela-%E2%80%94-Foto-Arquivo-pessoal.png?resize=768%2C436&amp;ssl=1 768w\" sizes=\"(max-width: 800px) 100vw, 800px\" \/><\/a><figcaption class=\"wp-element-caption\"><sub>Maria Julia de Camargo Adriano junto com a m\u00e3e e o pai dela \u2014 Foto: Arquivo pessoal<\/sub><\/figcaption><\/figure>\n\n\n\n<p class=\"has-black-color has-text-color has-link-color has-medium-font-size wp-elements-7d53f97a78076ac88e49f91006648c98\"><strong>Caso raro<\/strong><\/p>\n\n\n\n<p>Segundo a m\u00e9dica neurologista Adriana Moro, n\u00e3o \u00e9 comum diagn\u00f3stico de AVC em crian\u00e7as, mas \u00e9 frequente na fase adulta.<\/p>\n\n\n\n<p>&#8220;N\u00e3o \u00e9 comum acontecer em crian\u00e7as pensando que a principal causa de AVC nos adultos s\u00e3o doen\u00e7as sist\u00eamicas, que geralmente s\u00e3o devido ao estilo de vida da pessoa como diabete, obesidade, tabagismo\u2026 Na crian\u00e7a, por si s\u00f3, n\u00e3o \u00e9 comum&#8221;, explicou.<\/p>\n\n\n\n<p>Conforme a m\u00e9dica, quando ocorre em crian\u00e7as, pode haver rela\u00e7\u00e3o com m\u00e1 forma\u00e7\u00e3o na estrutura corporal. &#8220;O AVC \u00e9 raro na crian\u00e7a e n\u00e3o \u00e9 comum suspeitarmos quando a crian\u00e7a tem alguma altera\u00e7\u00e3o neurol\u00f3gica&#8221;, concluiu.<\/p>\n\n\n\n<p>A tia de Maria Julia, contudo, afirma que n\u00e3o havia nenhuma condi\u00e7\u00e3o pr\u00e9-existente e que os m\u00e9dicos que atenderam a menina consideraram uma fatalidade.<\/p>\n\n\n\n<p>O laudo apontou que houve um aneurisma &#8211; dilata\u00e7\u00e3o dos vasos sangu\u00edneos &#8211; que rompeu e se espalhou no c\u00e9rebro.<\/p>\n\n\n\n<p>Maria Julia era filha \u00fanica e foi descrita pela tia como uma crian\u00e7a &#8220;feliz, saud\u00e1vel, determinada e dedicada aos estudos&#8221;.<\/p>\n\n\n\n<p>A crian\u00e7a estava preste a come\u00e7ar o terceiro ano do Ensino Fundamental e compartilhava com a fam\u00edlia o sentimento de estar feliz para retornar para escola.<\/p>\n\n\n\n<p>&#8220;Era a alegria da fam\u00edlia e de todos que estavam a sua volta. Gostava de viajar, passear. Vai fazer falta&#8221;, desabafou.<\/p>\n\n\n\n<p>O enterro com a presen\u00e7a de amigos e familiares foi realizado na ter\u00e7a-feira (9), no Cemit\u00e9rio Municipal de Ribeir\u00e3o do Pinhal.<\/p>\n","protected":false},"excerpt":{"rendered":"<p>Maria Julia de Camargo Adriano estava na rede da casa onde morava em Ribeir\u00e3o do Pinhal (PR) quando se queixou de dores na cabe\u00e7a. Por Gabriel Bukalowski, g1 PR \u2014 Maring\u00e1 A paranaense Maria Julia de Camargo Adriano, de 8 anos, morreu ap\u00f3s sofrer um acidente vascular cerebral (AVC). O falecimento chama aten\u00e7\u00e3o uma vez [&hellip;]<\/p>\n","protected":false},"author":2,"featured_media":78628,"comment_status":"open","ping_status":"open","sticky":false,"template":"","format":"standard","meta":{"_acf_changed":false,"_monsterinsights_skip_tracking":false,"_monsterinsights_sitenote_active":false,"_monsterinsights_sitenote_note":"","_monsterinsights_sitenote_category":0,"_jetpack_memberships_contains_paid_content":false,"footnotes":"","jetpack_publicize_message":"","jetpack_publicize_feature_enabled":true,"jetpack_social_post_already_shared":true,"jetpack_social_options":{"image_generator_settings":{"template":"highway","default_image_id":0,"font":"","enabled":false},"version":2}},"categories":[1],"tags":[],"class_list":["post-78627","post","type-post","status-publish","format-standard","has-post-thumbnail","hentry","category-noticias"],"acf":[],"jetpack_publicize_connections":[],"jetpack_featured_media_url":"https:\/\/i0.wp.com\/blogdoeloiltoncajuhy.com.br\/site\/wp-content\/uploads\/2024\/01\/Menina-de-8-anos-morre-apos-sofrer-AVC-durante-internamento-em-Londrina-%E2%80%94-Foto-Arquivo-pessoal.png?fit=818%2C467&ssl=1","jetpack_sharing_enabled":true,"publishpress_future_workflow_manual_trigger":{"enabledWorkflows":[]},"_links":{"self":[{"href":"https:\/\/blogdoeloiltoncajuhy.com.br\/site\/wp-json\/wp\/v2\/posts\/78627","targetHints":{"allow":["GET"]}}],"collection":[{"href":"https:\/\/blogdoeloiltoncajuhy.com.br\/site\/wp-json\/wp\/v2\/posts"}],"about":[{"href":"https:\/\/blogdoeloiltoncajuhy.com.br\/site\/wp-json\/wp\/v2\/types\/post"}],"author":[{"embeddable":true,"href":"https:\/\/blogdoeloiltoncajuhy.com.br\/site\/wp-json\/wp\/v2\/users\/2"}],"replies":[{"embeddable":true,"href":"https:\/\/blogdoeloiltoncajuhy.com.br\/site\/wp-json\/wp\/v2\/comments?post=78627"}],"version-history":[{"count":1,"href":"https:\/\/blogdoeloiltoncajuhy.com.br\/site\/wp-json\/wp\/v2\/posts\/78627\/revisions"}],"predecessor-version":[{"id":78630,"href":"https:\/\/blogdoeloiltoncajuhy.com.br\/site\/wp-json\/wp\/v2\/posts\/78627\/revisions\/78630"}],"wp:featuredmedia":[{"embeddable":true,"href":"https:\/\/blogdoeloiltoncajuhy.com.br\/site\/wp-json\/wp\/v2\/media\/78628"}],"wp:attachment":[{"href":"https:\/\/blogdoeloiltoncajuhy.com.br\/site\/wp-json\/wp\/v2\/media?parent=78627"}],"wp:term":[{"taxonomy":"category","embeddable":true,"href":"https:\/\/blogdoeloiltoncajuhy.com.br\/site\/wp-json\/wp\/v2\/categories?post=78627"},{"taxonomy":"post_tag","embeddable":true,"href":"https:\/\/blogdoeloiltoncajuhy.com.br\/site\/wp-json\/wp\/v2\/tags?post=78627"}],"curies":[{"name":"wp","href":"https:\/\/api.w.org\/{rel}","templated":true}]}}