{"id":78624,"date":"2024-01-10T14:57:09","date_gmt":"2024-01-10T17:57:09","guid":{"rendered":"https:\/\/blogdoeloiltoncajuhy.com.br\/site\/?p=78624"},"modified":"2024-01-10T14:57:11","modified_gmt":"2024-01-10T17:57:11","slug":"a-ligacao-entre-chico-anysio-e-mussum","status":"publish","type":"post","link":"https:\/\/blogdoeloiltoncajuhy.com.br\/site\/a-ligacao-entre-chico-anysio-e-mussum\/","title":{"rendered":"A liga\u00e7\u00e3o entre Chico Anysio e Mussum"},"content":{"rendered":"\n<p><strong>A Hist\u00f3ria Esquecida\/Facebook<\/strong><\/p>\n\n\n\n<figure class=\"wp-block-image aligncenter size-full is-resized\"><a href=\"https:\/\/i0.wp.com\/blogdoeloiltoncajuhy.com.br\/site\/wp-content\/uploads\/2024\/01\/Mussum-Chico-Anysio_100124.jpg?ssl=1\"><img data-recalc-dims=\"1\" fetchpriority=\"high\" decoding=\"async\" width=\"450\" height=\"321\" src=\"https:\/\/i0.wp.com\/blogdoeloiltoncajuhy.com.br\/site\/wp-content\/uploads\/2024\/01\/Mussum-Chico-Anysio_100124.jpg?resize=450%2C321&#038;ssl=1\" alt=\"\" class=\"wp-image-78625\" style=\"width:674px;height:auto\" srcset=\"https:\/\/i0.wp.com\/blogdoeloiltoncajuhy.com.br\/site\/wp-content\/uploads\/2024\/01\/Mussum-Chico-Anysio_100124.jpg?w=450&amp;ssl=1 450w, https:\/\/i0.wp.com\/blogdoeloiltoncajuhy.com.br\/site\/wp-content\/uploads\/2024\/01\/Mussum-Chico-Anysio_100124.jpg?resize=300%2C214&amp;ssl=1 300w\" sizes=\"(max-width: 450px) 100vw, 450px\" \/><\/a><figcaption class=\"wp-element-caption\"><sub>Reprodu\u00e7\u00e3o \/ Facebook<\/sub><\/figcaption><\/figure>\n\n\n\n<p>Na foto acima vemos o lend\u00e1rio Chico Anysio e Ant\u00f4nio Carlos Bernardes Gomes, o inesquec\u00edvel Mussum dos Trapalh\u00f5es. Pode ser que muitas pessoas saibam, ou pode ser que nem tantas assim, mas o Mestre Chico Anysio foi um dos respons\u00e1veis pela entrada dele no humor, como \u00e9 mostrado no filme mais recente sobre sua vida.<\/p>\n\n\n\n<p>Em 1969, o Diretor Wilton Franco, assistindo a apresenta\u00e7\u00e3o do grupo Originais do Samba, grupo do qual Mussum fazia parte, o convidou para trabalhar na TV Excelsior, mas recusou. O amigo Manfried Santanna, Ded\u00e9 Santana, foi quem o convenceu a fazer humor na televis\u00e3o, e Mussum passou a integrar Os Trapalh\u00f5es em 1973. Antes disso, por\u00e9m, Mussum j\u00e1 havia trabalhado com Chico Anysio na Escolinha do Professor Raimundo.<\/p>\n\n\n\n<p>Em sua autobiografia de 1992, o Mestre relembra Mussum: &#8220;No come\u00e7o, a escolinha era uma sabatina. O professor chamava os alunos um a um e os sabatinava ap\u00f3s mandar tirar o ponto. Foi a\u00ed que o Mussum come\u00e7ou esse seu modo de falar: &#8216;Matem\u00e1tis&#8217;, &#8216;Aritm\u00e9tis&#8217;, &#8216;Raiz quadr\u00e1dis&#8217;. At\u00e9 hoje esse linguajar do Mussum funciona nos Trapalh\u00f5es. Mussum, antes, era dos Originais do Samba e, durante muito tempo, conseguiu conciliar os dois trabalhos. At\u00e9 que um dia teve que optar e largou os Originais para o bem do Brasil, porque Mussum foi um dos mais engra\u00e7ados comediantes do pa\u00eds&#8221;.<\/p>\n\n\n\n<p>Em 1994, em depoimento \u00e1 extinta Revista Amiga, da Editora Bloch, em uma reportagem especial sobre o falecimento do humorista, Chico declarou:<\/p>\n\n\n\n<p>&#8220;O Mussum foi levado para o Humor por mim. Ele foi lan\u00e7ado na Escolinha do Professor Raimundo, na Tupi. Trabalhou na Record e, de volta \u00e0 Tupi, ele se uniu ao Renato Arag\u00e3o, onde come\u00e7aram com o programa Os Trapalh\u00f5es que, levado por mim, continuou a ser exibido na TV Globo. Fui o supervisor do programa ao lado de Maur\u00edcio Sherman, e tudo corria bem.<\/p>\n\n\n\n<p>Criei o Trapa Hotel, em 1990, quando morreu Zacarias. Com o pedido de f\u00e9rias de Renato Arag\u00e3o em 1994, Ded\u00e9 Santana e Mussum, temerosos com a situa\u00e7\u00e3o, me procuraram para pedir ajuda. Eles me tinham como um Guru, um conselheiro. Cheguei a bolar um programa para os dois, o nome seria M\u00e1quina Mort\u00edfera, em que o Ded\u00e9 faria o personagem do Mel Gibson e o Mussum o Denis Glover.<\/p>\n\n\n\n<p>Mussum ficou emocionado ao ver a abertura de um show de teatro que eu tamb\u00e9m ia dirigir para Ele. Perder o Mussum n\u00e3o \u00e9 s\u00f3 perder um artista, ele era para mim uma alegria constante. A nossa amizade era muito grande. Quando o Vasco perdia, ele me mandava uma coroa de flores e eu retribu\u00eda a brincadeira quando o Flamengo era derrotado.<\/p>\n\n\n\n<p>Eu defendo uma tese: no humor ningu\u00e9m \u00e9 substitu\u00edvel. Nunca vai aparecer outro Charles Chaplim ou Oscarito. Mussum \u00e9 insubstitu\u00edvel como comediante e como pessoa. \u00c9 dif\u00edcil definir uma pessoa t\u00e3o boa&#8221;.<\/p>\n\n\n\n<p><strong><mark style=\"background-color:rgba(0, 0, 0, 0)\" class=\"has-inline-color has-black-color\">Fonte e texto:<\/mark><\/strong> Memorial Chico Anysio<\/p>\n","protected":false},"excerpt":{"rendered":"<p>A Hist\u00f3ria Esquecida\/Facebook Na foto acima vemos o lend\u00e1rio Chico Anysio e Ant\u00f4nio Carlos Bernardes Gomes, o inesquec\u00edvel Mussum dos Trapalh\u00f5es. Pode ser que muitas pessoas saibam, ou pode ser que nem tantas assim, mas o Mestre Chico Anysio foi um dos respons\u00e1veis pela entrada dele no humor, como \u00e9 mostrado no filme mais recente [&hellip;]<\/p>\n","protected":false},"author":2,"featured_media":78625,"comment_status":"open","ping_status":"open","sticky":false,"template":"","format":"standard","meta":{"_acf_changed":false,"_monsterinsights_skip_tracking":false,"_monsterinsights_sitenote_active":false,"_monsterinsights_sitenote_note":"","_monsterinsights_sitenote_category":0,"_jetpack_memberships_contains_paid_content":false,"footnotes":"","jetpack_publicize_message":"","jetpack_publicize_feature_enabled":true,"jetpack_social_post_already_shared":true,"jetpack_social_options":{"image_generator_settings":{"template":"highway","default_image_id":0,"font":"","enabled":false},"version":2}},"categories":[8],"tags":[],"class_list":["post-78624","post","type-post","status-publish","format-standard","has-post-thumbnail","hentry","category-cultura"],"acf":[],"jetpack_publicize_connections":[],"jetpack_featured_media_url":"https:\/\/i0.wp.com\/blogdoeloiltoncajuhy.com.br\/site\/wp-content\/uploads\/2024\/01\/Mussum-Chico-Anysio_100124.jpg?fit=450%2C321&ssl=1","jetpack_sharing_enabled":true,"publishpress_future_workflow_manual_trigger":{"enabledWorkflows":[]},"_links":{"self":[{"href":"https:\/\/blogdoeloiltoncajuhy.com.br\/site\/wp-json\/wp\/v2\/posts\/78624","targetHints":{"allow":["GET"]}}],"collection":[{"href":"https:\/\/blogdoeloiltoncajuhy.com.br\/site\/wp-json\/wp\/v2\/posts"}],"about":[{"href":"https:\/\/blogdoeloiltoncajuhy.com.br\/site\/wp-json\/wp\/v2\/types\/post"}],"author":[{"embeddable":true,"href":"https:\/\/blogdoeloiltoncajuhy.com.br\/site\/wp-json\/wp\/v2\/users\/2"}],"replies":[{"embeddable":true,"href":"https:\/\/blogdoeloiltoncajuhy.com.br\/site\/wp-json\/wp\/v2\/comments?post=78624"}],"version-history":[{"count":1,"href":"https:\/\/blogdoeloiltoncajuhy.com.br\/site\/wp-json\/wp\/v2\/posts\/78624\/revisions"}],"predecessor-version":[{"id":78626,"href":"https:\/\/blogdoeloiltoncajuhy.com.br\/site\/wp-json\/wp\/v2\/posts\/78624\/revisions\/78626"}],"wp:featuredmedia":[{"embeddable":true,"href":"https:\/\/blogdoeloiltoncajuhy.com.br\/site\/wp-json\/wp\/v2\/media\/78625"}],"wp:attachment":[{"href":"https:\/\/blogdoeloiltoncajuhy.com.br\/site\/wp-json\/wp\/v2\/media?parent=78624"}],"wp:term":[{"taxonomy":"category","embeddable":true,"href":"https:\/\/blogdoeloiltoncajuhy.com.br\/site\/wp-json\/wp\/v2\/categories?post=78624"},{"taxonomy":"post_tag","embeddable":true,"href":"https:\/\/blogdoeloiltoncajuhy.com.br\/site\/wp-json\/wp\/v2\/tags?post=78624"}],"curies":[{"name":"wp","href":"https:\/\/api.w.org\/{rel}","templated":true}]}}