{"id":78605,"date":"2024-01-09T17:10:15","date_gmt":"2024-01-09T20:10:15","guid":{"rendered":"https:\/\/blogdoeloiltoncajuhy.com.br\/site\/?p=78605"},"modified":"2024-01-09T17:10:53","modified_gmt":"2024-01-09T20:10:53","slug":"associacao-bonfinense-de-arbitros-convoca-assembleia-geral","status":"publish","type":"post","link":"https:\/\/blogdoeloiltoncajuhy.com.br\/site\/associacao-bonfinense-de-arbitros-convoca-assembleia-geral\/","title":{"rendered":"Associa\u00e7\u00e3o Bonfinense de \u00c1rbitros convoca assembleia geral"},"content":{"rendered":"\n<p><strong>Blog do Eloilton Cajuhy<\/strong><\/p>\n\n\n\n<figure class=\"wp-block-image aligncenter size-full\"><a href=\"https:\/\/i0.wp.com\/blogdoeloiltoncajuhy.com.br\/site\/wp-content\/uploads\/2020\/01\/Arbitragem.jpg\"><img data-recalc-dims=\"1\" fetchpriority=\"high\" decoding=\"async\" width=\"480\" height=\"423\" src=\"https:\/\/i0.wp.com\/blogdoeloiltoncajuhy.com.br\/site\/wp-content\/uploads\/2020\/01\/Arbitragem.jpg?resize=480%2C423\" alt=\"\" class=\"wp-image-40084\" srcset=\"https:\/\/i0.wp.com\/blogdoeloiltoncajuhy.com.br\/site\/wp-content\/uploads\/2020\/01\/Arbitragem.jpg?w=480&amp;ssl=1 480w, https:\/\/i0.wp.com\/blogdoeloiltoncajuhy.com.br\/site\/wp-content\/uploads\/2020\/01\/Arbitragem.jpg?resize=300%2C264&amp;ssl=1 300w, https:\/\/i0.wp.com\/blogdoeloiltoncajuhy.com.br\/site\/wp-content\/uploads\/2020\/01\/Arbitragem.jpg?resize=250%2C220&amp;ssl=1 250w\" sizes=\"(max-width: 480px) 100vw, 480px\" \/><\/a><figcaption class=\"wp-element-caption\"><sub>Reprodu\u00e7\u00e3o<\/sub><\/figcaption><\/figure>\n\n\n\n<p>A Associa\u00e7\u00e3o Bonfinense de \u00c1rbitros (ABA) est\u00e1 convocando todos os seus filiados para a assembleia geral ordin\u00e1ria, que ser\u00e1 realizada no pr\u00f3ximo dia 15 de janeiro, em primeira chamada \u00e0s 19h, e \u00e0s 19h30 em segunda e \u00faltima chamada. O local ser\u00e1 a sede da entidade, no Est\u00e1dio Pedro Amorim, sala 04.<\/p>\n\n\n\n<p>Da ordem do dia constam vota\u00e7\u00e3o para aprova\u00e7\u00e3o da Reforma do Estatuto da ABA, e elei\u00e7\u00e3o da nova diretoria para o bi\u00eanio 2024\/2026.<\/p>\n\n\n\n<p>Na oportunidade, foi criada a Comiss\u00e3o Eleitoral, com os seguintes nomes: Presidente Giovanni Manzini Mandarino; 1\u00ba Secret\u00e1rio Roque Manoel Lopes da Silva, e 2\u00ba Secret\u00e1rio Edilson Silva Souza.<\/p>\n\n\n\n<p>A convoca\u00e7\u00e3o \u00e9 assinada pelo Presidente da ABA, Ney Wilson Santana.<\/p>\n","protected":false},"excerpt":{"rendered":"<p>Blog do Eloilton Cajuhy A Associa\u00e7\u00e3o Bonfinense de \u00c1rbitros (ABA) est\u00e1 convocando todos os seus filiados para a assembleia geral ordin\u00e1ria, que ser\u00e1 realizada no pr\u00f3ximo dia 15 de janeiro, em primeira chamada \u00e0s 19h, e \u00e0s 19h30 em segunda e \u00faltima chamada. O local ser\u00e1 a sede da entidade, no Est\u00e1dio Pedro Amorim, sala [&hellip;]<\/p>\n","protected":false},"author":2,"featured_media":40084,"comment_status":"open","ping_status":"open","sticky":false,"template":"","format":"standard","meta":{"_acf_changed":false,"_monsterinsights_skip_tracking":false,"_monsterinsights_sitenote_active":false,"_monsterinsights_sitenote_note":"","_monsterinsights_sitenote_category":0,"_jetpack_memberships_contains_paid_content":false,"footnotes":"","jetpack_publicize_message":"","jetpack_publicize_feature_enabled":true,"jetpack_social_post_already_shared":true,"jetpack_social_options":{"image_generator_settings":{"template":"highway","default_image_id":0,"font":"","enabled":false},"version":2}},"categories":[6],"tags":[],"class_list":["post-78605","post","type-post","status-publish","format-standard","has-post-thumbnail","hentry","category-esportes"],"acf":[],"jetpack_publicize_connections":[],"jetpack_featured_media_url":"https:\/\/i0.wp.com\/blogdoeloiltoncajuhy.com.br\/site\/wp-content\/uploads\/2020\/01\/Arbitragem.jpg?fit=480%2C423&ssl=1","jetpack_sharing_enabled":true,"publishpress_future_workflow_manual_trigger":{"enabledWorkflows":[]},"_links":{"self":[{"href":"https:\/\/blogdoeloiltoncajuhy.com.br\/site\/wp-json\/wp\/v2\/posts\/78605","targetHints":{"allow":["GET"]}}],"collection":[{"href":"https:\/\/blogdoeloiltoncajuhy.com.br\/site\/wp-json\/wp\/v2\/posts"}],"about":[{"href":"https:\/\/blogdoeloiltoncajuhy.com.br\/site\/wp-json\/wp\/v2\/types\/post"}],"author":[{"embeddable":true,"href":"https:\/\/blogdoeloiltoncajuhy.com.br\/site\/wp-json\/wp\/v2\/users\/2"}],"replies":[{"embeddable":true,"href":"https:\/\/blogdoeloiltoncajuhy.com.br\/site\/wp-json\/wp\/v2\/comments?post=78605"}],"version-history":[{"count":2,"href":"https:\/\/blogdoeloiltoncajuhy.com.br\/site\/wp-json\/wp\/v2\/posts\/78605\/revisions"}],"predecessor-version":[{"id":78607,"href":"https:\/\/blogdoeloiltoncajuhy.com.br\/site\/wp-json\/wp\/v2\/posts\/78605\/revisions\/78607"}],"wp:featuredmedia":[{"embeddable":true,"href":"https:\/\/blogdoeloiltoncajuhy.com.br\/site\/wp-json\/wp\/v2\/media\/40084"}],"wp:attachment":[{"href":"https:\/\/blogdoeloiltoncajuhy.com.br\/site\/wp-json\/wp\/v2\/media?parent=78605"}],"wp:term":[{"taxonomy":"category","embeddable":true,"href":"https:\/\/blogdoeloiltoncajuhy.com.br\/site\/wp-json\/wp\/v2\/categories?post=78605"},{"taxonomy":"post_tag","embeddable":true,"href":"https:\/\/blogdoeloiltoncajuhy.com.br\/site\/wp-json\/wp\/v2\/tags?post=78605"}],"curies":[{"name":"wp","href":"https:\/\/api.w.org\/{rel}","templated":true}]}}